{"id":22103,"date":"2021-05-03T00:43:00","date_gmt":"2021-05-03T00:43:00","guid":{"rendered":"https:\/\/www.divis.eu\/videointerview-tipp-des-monats-mitarbeitervorstellung\/"},"modified":"2024-07-22T18:30:47","modified_gmt":"2024-07-22T18:30:47","slug":"video-interview-tip-of-the-month-employee-introduction","status":"publish","type":"post","link":"https:\/\/www.divis.eu\/en\/video-interview-tip-of-the-month-employee-introduction\/","title":{"rendered":"Video interview, tip of the month, employee introduction"},"content":{"rendered":"\n<h1>\n\t\tEventr\u00fcckblick, Tipp des Monats und Mitarbeitervorstellung\n\t<\/h1>\n<h2>\n\t\tBordesholm, 3. Mai 2021\n\t<\/h2>\n\t\t\t\t<img decoding=\"async\" src=\"https:\/\/www.divis.eu\/wp-content\/uploads\/2018\/01\/hendrik-reger-1.png\" alt=\"Hendrik Reger | DIVIS | Videol\u00f6sungen f\u00fcr die Logistik\" title=\"hendrik-reger\" itemprop=\"image\"  \/>\n\t<p>In diesem Jahr wurde der Tag der Logistik zum zweiten Mal als komplett digitales Event abgehalten. Wir waren mit einem Fachvortrag und einem Experten-Interview dabei und sind begeistert von der Publikumsresonanz.<\/p>\n<p>Wenn Sie bei unserem Online-Event nicht dabei sein konnten, haben wir eine gute Nachricht f\u00fcr Sie: Unsere Eventinhalte stehen Ihnen jetzt als Aufzeichnung online zur Verf\u00fcgung. Weitere Details finden Sie in dieser Ausgabe.<\/p>\n<p>Neben dem Benutzerhandbuch, das Sie direkt in der Software aufrufen k\u00f6nnen, ist auf unserer Homepage zus\u00e4tzlich die Sammlung mit vielen praktischen Tipps entstanden. Hier b\u00fcndeln wir gezielt unsere Antworten auf interessante Anfragen an unseren Service &amp; Support. Mit Hilfe der Online-Anleitungen gelangen Sie in CargoVIS und ParcelVIS noch schneller zum Ziel und erschlie\u00dfen sich viele n\u00fctzliche Funktionen. In diesem Newsletter finden Sie noch einmal den Wegweiser zu der Rubrik auf unserer Webseite.<\/p>\n<p>DIVIS ist bekannt f\u00fcr ausgezeichneten Support. Um diese Qualit\u00e4t weiterhin bieten zu k\u00f6nnen, ist unser Support-Team erst vor kurzem wieder gewachsen. Lernen Sie heute unseren neuen Kollegen Sebastian Bettels kennen.<\/p>\n<p>Viel Spa\u00df beim Lesen dieser Ausgabe!<\/p>\n<p>Im Namen des DIVIS-Teams<\/p>\n<p>Ihr Hendrik Reger<\/p>\n<p><em>&#8211; Gesch\u00e4ftsf\u00fchrer &#8211;<\/em><\/p>\n<h2>\n\t\tDie Themen dieser Ausgabe\n\t<\/h2>\n<h4>\n\t\t<a href=\"#events\" title=\"EVENTS\" target=\"_self\" rel=\"noopener\">\n\t\tEVENTS\n\t\t<\/a>\n\t<\/h4>\n<h4>\n\t\t<a href=\"#events\" title=\"R\u00fcckblick: virtueller Tag der Logistik bei DIVIS\" target=\"_self\" rel=\"noopener\">\n\t\tR\u00fcckblick: virtueller Tag der Logistik bei DIVIS\n\t\t<\/a>\n\t<\/h4>\n<h4>\n\t\t<a href=\"#tipp\" title=\"DIVIS-TIPP DES MONATS\" target=\"_self\" rel=\"noopener\">\n\t\tDIVIS-TIPP DES MONATS\n\t\t<\/a>\n\t<\/h4>\n<h4>\n\t\t<a href=\"#tipp\" title=\"CargoVIS &amp; ParcelVIS: So arbeiten Sie noch effizienter mit unserer Videomanagementsoftware\" target=\"_self\" rel=\"noopener\">\n\t\tCargoVIS &#038; ParcelVIS: So arbeiten Sie noch effizienter mit unserer Videomanagementsoftware\n\t\t<\/a>\n\t<\/h4>\n<h4>\n\t\t<a href=\"#team\" title=\"DIVIS STELLT SICH VOR\" target=\"_self\" rel=\"noopener\">\n\t\tDIVIS STELLT SICH VOR\n\t\t<\/a>\n\t<\/h4>\n<h4>\n\t\t<a href=\"#team\" title=\"Neuer Mitarbeiter im Service-Innendienst bei DIVIS: Sebastian Bettels\" target=\"_self\" rel=\"noopener\">\n\t\tNeuer Mitarbeiter im Service-Innendienst bei DIVIS: Sebastian Bettels\n\t\t<\/a>\n\t<\/h4>\n<h3>\n\t\tEVENTS\n\t<\/h3>\n<h2>\n\t\tR\u00fcckblick: virtueller Tag der Logistik bei DIVIS\n\t<\/h2>\n\t\t\t\t<a href=\"https:\/\/www.divis.eu\/rueckblick-virtueller-tag-der-logistik-bei-divis\/\" target=\"_self\" itemprop=\"url\" rel=\"noopener\">\n\t\t\t\t<img decoding=\"async\" src=\"https:\/\/www.divis.eu\/wp-content\/uploads\/2021\/05\/tag-der-logistik-divis21-review-3.jpg\" alt=\"Tag der Logistik 2021 | DIVIS\" title=\"Tag der Logistik 2021 | DIVIS\" itemprop=\"image\"  \/>\n\t\t\t\t\t\t<\/a>\n\t<p>In diesem Jahr fand der Tag der Logistik erneut in einem komplett virtuellen Rahmen statt und lag damit voll im Trend der Digitalisierung. Ob es um die Gewinnung von Nachwuchskr\u00e4ften geht, das Kn\u00fcpfen gesch\u00e4ftlicher Beziehungen oder die St\u00e4rkung des Branchenimages, der Tag der Logistik bringt Interessenten und die Logistikbranche bundesweit auf vielen Ebenen zusammen.<\/p>\n<p><strong>Die unterschiedlichen digital angebotenen Inhalte wie Webinare, Videokonferenzen, Live-Streams, Vlogs, Blogs oder Fotos wurden vom Publikum wieder sehr gut angenommen. Das galt auch f\u00fcr unser eigenes Programm: Der Online-Fachvortrag und das Experten-Interview mit unserem neuen Vertriebsleiter waren gut frequentiert, sowohl durch DIVIS-Kunden als auch Interessenten, und das Feedback fiel durchweg positiv aus.<\/strong><\/p>\n<p><strong>Aufgrund des gro\u00dfen Interesses haben wir die Aufzeichnungen unserer Evenbeitr\u00e4ge nun in voller L\u00e4nge online zur Verf\u00fcgung gestellt.<\/strong><\/p>\n\t\t\t<a href=\"https:\/\/www.divis.eu\/rueckblick-virtueller-tag-der-logistik-bei-divis\/\" target=\"_self\" role=\"button\" aria-label=\"Weiterlesen und Videos ansehen\" rel=\"noopener\">\n\t\t\t\t\t\t\tWeiterlesen und Videos ansehen\n\t\t<\/a>\n<h3>\n\t\tDIVIS-TIPP DES MONATS\n\t<\/h3>\n<h2>\n\t\tCargoVIS &#038; ParcelVIS\n\t<\/h2>\n<h2>\n\t\tSo arbeiten Sie noch effizienter mit unserer Videomanagementsoftware\n\t<\/h2>\n\t\t\t\t<a href=\"https:\/\/www.divis.eu\/divis-produkt-tipps-videogestuetzte-warenverfolgung\/\" target=\"_self\" itemprop=\"url\" rel=\"noopener\">\n\t\t\t\t<img decoding=\"async\" src=\"https:\/\/www.divis.eu\/wp-content\/uploads\/2021\/05\/produkttipps.jpg\" alt=\"DIVIS Produkttipps | CargoVIS | ParcelVIS\" title=\"produkttipps\" itemprop=\"image\"  \/>\n\t\t\t\t\t\t<\/a>\n\t<p>Wenn Sie <a href=\"https:\/\/www.divis.eu\/cargovis-video-management-software-umschlagslager\/\">CargoVIS<\/a> oder <a href=\"https:\/\/www.divis.eu\/parcelvis-bildgestuetzte-sendungsrecherche-umschlagsdepot\/\">ParcelVIS<\/a> in Ihrem Unternehmen nutzen, dann werden Sie mit der Bedienung unseres Videomanagementsystems bereits vertraut sein. Sollten doch einmal Fragen zur Bedienung auftreten, so bietet Ihnen das in der Software unter dem Men\u00fcpunkt &#8220;Hilfe&#8221; integrierte Benutzerhandbuch wertvolle Unterst\u00fctzung.<\/p>\n<p><strong>Neben dem Benutzerhandbuch ist auf unserer Homepage zus\u00e4tzlich eine Rubrik mit vielen praktischen Tipps entstanden. Hier b\u00fcndeln wir unsere Antworten auf interessante Anfragen an unseren Service &amp; Support, Release Notes f\u00fcr neue Softwareversionen und beschreiben neue oder erweiterte Funktionen, die nach einem Update hinzugekommen sind.<\/strong><\/p>\n\t<p>Wissen Sie beispielsweise, wie Sie gerichtsverwertbare Videonachweise aus CargoVIS &amp; ParcelVIS mit dem VISPlayer auslagern k\u00f6nnen? Oder wie Sie ein Scanbild in ParcelVIS nur mit einem Klick speichern?<\/p>\n<p>M\u00f6chten Sie lange Videosequenzen vor dem Export splitten? Oder wollen Sie individuelle Live-Ansichten in CargoVIS anlegen und verwalten?<\/p>\n\t<p>Diese und viele weitere hilfreiche Tipps zur Beschleunigung Ihrer Recherche und f\u00fcr mehr Benutzerkomfort finden Sie auf unserer Webseite in der Rubrik <strong>Produkt-Tipps<\/strong>.<\/p>\n<p>Neugierig, mit welchen Funktionen Sie noch mehr Zeit sparen k\u00f6nnen?<\/p>\n<p>Dann schauen Sie gleich im <strong>&#8220;Infocenter&#8221;<\/strong> auf unserer Homepage vorbei und st\u00f6bern Sie in unseren <a href=\"https:\/\/www.divis.eu\/divis-produkt-tipps-videogestuetzte-warenverfolgung\/\"><strong>&#8220;Produkt-Tipps&#8221;<\/strong><\/a>. Da wir mittlerweile viele Informationen in dieser Sparte zusammengetragen haben, erleichtert Ihnen die Such- und Filterfunktion Ihre Suche nach bestimmten Themen. Probieren Sie es aus!<\/p>\n<p><strong>Haben Sie Fragen zu unserer Software oder bestimmten Features, auf die Sie noch keine Antwort gefunden haben?<\/strong><\/p>\n<p><strong><a href=\"https:\/\/www.divis.eu\/divis-ansprechpartner-videoueberwachung-im-lager\/\">Dann sprechen Sie uns an!<\/a> Wir helfen gern weiter.<\/strong><\/p>\n\t\t\t<a href=\"https:\/\/www.divis.eu\/divis-produkt-tipps-videogestuetzte-warenverfolgung\/\" target=\"_self\" role=\"button\" aria-label=\"Zu den Produkttipps\" rel=\"noopener\">\n\t\t\t\t\t\t\tZu den Produkttipps\n\t\t<\/a>\n<h3>\n\t\tDIVIS STELLT SICH VOR\n\t<\/h3>\n<h2>\n\t\tNeuer Mitarbeiter im Service-Innendienst bei DIVIS: Sebastian Bettels\n\t<\/h2>\n\t<p><img decoding=\"async\" src=\"https:\/\/www.divis.eu\/wp-content\/uploads\/2021\/05\/divis-sebastian-bettels.jpg\" alt=\"\" width=\"240\" height=\"265\" \/>Damit wir unsere Kunden langfristig umfassend betreuen k\u00f6nnen, w\u00e4chst unser Team immer wieder. Am 1. M\u00e4rz 2021 hat der DIVIS-Support deshalb einen neuen Kollegen in seiner Mitte aufgenommen.<\/p>\n<p>Sebastian Bettels ist gelernter Systemadministrator. Er bezeichnet sich selbst als sehr informatikaffin und bringt bereits zehn Berufsjahre IT-Erfahrung mit.<\/p>\n<p>Au\u00dferdem genie\u00dft er den direkten Kontakt und Umgang mit Kunden und Mitarbeitern. Mit all diesen Voraussetzungen ist er im Service und Support bei DIVIS genau richtig.<\/p>\n<p>In der kurzen Zeit seit Antritt seiner neuen Position hat er bereits den Team-Spirit hier geschnuppert und findet das Arbeitsklima ausgezeichnet. Besonders sch\u00e4tzt er die Hilfe und die Freundlichkeit seiner Kollegen bei der Einarbeitung.<\/p>\n<p>Flexibilit\u00e4t sei seine gro\u00dfe St\u00e4rke, so Sebastian. Sie gibt ihm die Sicherheit und das gute Gef\u00fchl, seine neuen Aufgaben im Support erfolgreich meistern zu k\u00f6nnen.<\/p>\n<p>W\u00e4hrend sich Sebastian bei seiner Arbeit ganz der IT und den Anliegen und W\u00fcnschen unserer Kunden widmet, darf es nach Feierabend ruhig auch mal etwas weniger technisch werden. Zur Entspannung liest er sehr gerne.<\/p>\n<p>Unser neuer Supportmitarbeiter freut sich darauf, in Zukunft gemeinsam mit seinen Kollegen die DIVIS-Kunden mit seiner Aufmerksamkeit und tatkr\u00e4ftigen Unterst\u00fctzung zu begeistern.<\/p>\n<p>Herzlich willkommen im DIVIS-Team, Sebastian!<\/p>\n\n","protected":false},"excerpt":{"rendered":"<p>Meet our new Chief Sales Officer in a video interview. We also have a new employee in our service office at DIVIS. Also, we would like to draw your attention once again to our helpful software tips.<\/p>\n","protected":false},"author":1,"featured_media":22107,"comment_status":"closed","ping_status":"closed","sticky":false,"template":"tpl-full-width.php","format":"standard","meta":{"footnotes":""},"categories":[182],"tags":[],"class_list":["post-22103","post","type-post","status-publish","format-standard","has-post-thumbnail","hentry","category-2021-en"],"yoast_head":"<!-- This site is optimized with the Yoast SEO plugin v27.4 - https:\/\/yoast.com\/product\/yoast-seo-wordpress\/ -->\n<title>New DIVIS Chief Sales Officer introduces himself | DIVIS<\/title>\n<meta name=\"description\" content=\"Meet our new Chief Sales Officer in a video interview. We also have a new employee in our service office at DIVIS ...\" \/>\n<meta name=\"robots\" content=\"index, follow, max-snippet:-1, max-image-preview:large, max-video-preview:-1\" \/>\n<link rel=\"canonical\" href=\"https:\/\/www.divis.eu\/en\/video-interview-tip-of-the-month-employee-introduction\/\" \/>\n<meta property=\"og:locale\" content=\"en_US\" \/>\n<meta property=\"og:type\" content=\"article\" \/>\n<meta property=\"og:title\" content=\"New DIVIS Chief Sales Officer introduces himself | DIVIS\" \/>\n<meta property=\"og:description\" content=\"Meet our new Chief Sales Officer in a video interview. We also have a new employee in our service office at DIVIS ...\" \/>\n<meta property=\"og:url\" content=\"https:\/\/www.divis.eu\/en\/video-interview-tip-of-the-month-employee-introduction\/\" \/>\n<meta property=\"og:site_name\" content=\"DIVIS - The intelligent view\" \/>\n<meta property=\"article:published_time\" content=\"2021-05-03T00:43:00+00:00\" \/>\n<meta property=\"article:modified_time\" content=\"2024-07-22T18:30:47+00:00\" \/>\n<meta property=\"og:image\" content=\"https:\/\/www.divis.eu\/wp-content\/uploads\/2021\/05\/tipp-des-monats-EN.gif\" \/>\n\t<meta property=\"og:image:width\" content=\"725\" \/>\n\t<meta property=\"og:image:height\" content=\"400\" \/>\n\t<meta property=\"og:image:type\" content=\"image\/gif\" \/>\n<meta name=\"author\" content=\"DIVIS News\" \/>\n<meta name=\"twitter:card\" content=\"summary_large_image\" \/>\n<meta name=\"twitter:label1\" content=\"Written by\" \/>\n\t<meta name=\"twitter:data1\" content=\"DIVIS News\" \/>\n\t<meta name=\"twitter:label2\" content=\"Est. reading time\" \/>\n\t<meta name=\"twitter:data2\" content=\"5 minutes\" \/>\n<script type=\"application\/ld+json\" class=\"yoast-schema-graph\">{\"@context\":\"https:\\\/\\\/schema.org\",\"@graph\":[{\"@type\":\"Article\",\"@id\":\"https:\\\/\\\/www.divis.eu\\\/en\\\/video-interview-tip-of-the-month-employee-introduction\\\/#article\",\"isPartOf\":{\"@id\":\"https:\\\/\\\/www.divis.eu\\\/en\\\/video-interview-tip-of-the-month-employee-introduction\\\/\"},\"author\":{\"name\":\"DIVIS News\",\"@id\":\"https:\\\/\\\/www.divis.eu\\\/#\\\/schema\\\/person\\\/ff9a586418dbfba193bd9e8d1f363d76\"},\"headline\":\"Video interview, tip of the month, employee introduction\",\"datePublished\":\"2021-05-03T00:43:00+00:00\",\"dateModified\":\"2024-07-22T18:30:47+00:00\",\"mainEntityOfPage\":{\"@id\":\"https:\\\/\\\/www.divis.eu\\\/en\\\/video-interview-tip-of-the-month-employee-introduction\\\/\"},\"wordCount\":872,\"image\":{\"@id\":\"https:\\\/\\\/www.divis.eu\\\/en\\\/video-interview-tip-of-the-month-employee-introduction\\\/#primaryimage\"},\"thumbnailUrl\":\"https:\\\/\\\/www.divis.eu\\\/wp-content\\\/uploads\\\/2021\\\/05\\\/tipp-des-monats-EN.gif\",\"articleSection\":[\"2021\"],\"inLanguage\":\"en-US\"},{\"@type\":\"WebPage\",\"@id\":\"https:\\\/\\\/www.divis.eu\\\/en\\\/video-interview-tip-of-the-month-employee-introduction\\\/\",\"url\":\"https:\\\/\\\/www.divis.eu\\\/en\\\/video-interview-tip-of-the-month-employee-introduction\\\/\",\"name\":\"New DIVIS Chief Sales Officer introduces himself | DIVIS\",\"isPartOf\":{\"@id\":\"https:\\\/\\\/www.divis.eu\\\/#website\"},\"primaryImageOfPage\":{\"@id\":\"https:\\\/\\\/www.divis.eu\\\/en\\\/video-interview-tip-of-the-month-employee-introduction\\\/#primaryimage\"},\"image\":{\"@id\":\"https:\\\/\\\/www.divis.eu\\\/en\\\/video-interview-tip-of-the-month-employee-introduction\\\/#primaryimage\"},\"thumbnailUrl\":\"https:\\\/\\\/www.divis.eu\\\/wp-content\\\/uploads\\\/2021\\\/05\\\/tipp-des-monats-EN.gif\",\"datePublished\":\"2021-05-03T00:43:00+00:00\",\"dateModified\":\"2024-07-22T18:30:47+00:00\",\"author\":{\"@id\":\"https:\\\/\\\/www.divis.eu\\\/#\\\/schema\\\/person\\\/ff9a586418dbfba193bd9e8d1f363d76\"},\"description\":\"Meet our new Chief Sales Officer in a video interview. We also have a new employee in our service office at DIVIS ...\",\"breadcrumb\":{\"@id\":\"https:\\\/\\\/www.divis.eu\\\/en\\\/video-interview-tip-of-the-month-employee-introduction\\\/#breadcrumb\"},\"inLanguage\":\"en-US\",\"potentialAction\":[{\"@type\":\"ReadAction\",\"target\":[\"https:\\\/\\\/www.divis.eu\\\/en\\\/video-interview-tip-of-the-month-employee-introduction\\\/\"]}]},{\"@type\":\"ImageObject\",\"inLanguage\":\"en-US\",\"@id\":\"https:\\\/\\\/www.divis.eu\\\/en\\\/video-interview-tip-of-the-month-employee-introduction\\\/#primaryimage\",\"url\":\"https:\\\/\\\/www.divis.eu\\\/wp-content\\\/uploads\\\/2021\\\/05\\\/tipp-des-monats-EN.gif\",\"contentUrl\":\"https:\\\/\\\/www.divis.eu\\\/wp-content\\\/uploads\\\/2021\\\/05\\\/tipp-des-monats-EN.gif\",\"width\":725,\"height\":400},{\"@type\":\"BreadcrumbList\",\"@id\":\"https:\\\/\\\/www.divis.eu\\\/en\\\/video-interview-tip-of-the-month-employee-introduction\\\/#breadcrumb\",\"itemListElement\":[{\"@type\":\"ListItem\",\"position\":1,\"name\":\"Startseite\",\"item\":\"https:\\\/\\\/www.divis.eu\\\/en\\\/\"},{\"@type\":\"ListItem\",\"position\":2,\"name\":\"Video interview, tip of the month, employee introduction\"}]},{\"@type\":\"WebSite\",\"@id\":\"https:\\\/\\\/www.divis.eu\\\/#website\",\"url\":\"https:\\\/\\\/www.divis.eu\\\/\",\"name\":\"DIVIS - The intelligent view\",\"description\":\"Videosysteml\u00f6sungen f\u00fcr Umschlags- und Warenlager\",\"potentialAction\":[{\"@type\":\"SearchAction\",\"target\":{\"@type\":\"EntryPoint\",\"urlTemplate\":\"https:\\\/\\\/www.divis.eu\\\/?s={search_term_string}\"},\"query-input\":{\"@type\":\"PropertyValueSpecification\",\"valueRequired\":true,\"valueName\":\"search_term_string\"}}],\"inLanguage\":\"en-US\"},{\"@type\":\"Person\",\"@id\":\"https:\\\/\\\/www.divis.eu\\\/#\\\/schema\\\/person\\\/ff9a586418dbfba193bd9e8d1f363d76\",\"name\":\"DIVIS News\"}]}<\/script>\n<!-- \/ Yoast SEO plugin. -->","yoast_head_json":{"title":"New DIVIS Chief Sales Officer introduces himself | DIVIS","description":"Meet our new Chief Sales Officer in a video interview. We also have a new employee in our service office at DIVIS ...","robots":{"index":"index","follow":"follow","max-snippet":"max-snippet:-1","max-image-preview":"max-image-preview:large","max-video-preview":"max-video-preview:-1"},"canonical":"https:\/\/www.divis.eu\/en\/video-interview-tip-of-the-month-employee-introduction\/","og_locale":"en_US","og_type":"article","og_title":"New DIVIS Chief Sales Officer introduces himself | DIVIS","og_description":"Meet our new Chief Sales Officer in a video interview. We also have a new employee in our service office at DIVIS ...","og_url":"https:\/\/www.divis.eu\/en\/video-interview-tip-of-the-month-employee-introduction\/","og_site_name":"DIVIS - The intelligent view","article_published_time":"2021-05-03T00:43:00+00:00","article_modified_time":"2024-07-22T18:30:47+00:00","og_image":[{"width":725,"height":400,"url":"https:\/\/www.divis.eu\/wp-content\/uploads\/2021\/05\/tipp-des-monats-EN.gif","type":"image\/gif"}],"author":"DIVIS News","twitter_card":"summary_large_image","twitter_misc":{"Written by":"DIVIS News","Est. reading time":"5 minutes"},"schema":{"@context":"https:\/\/schema.org","@graph":[{"@type":"Article","@id":"https:\/\/www.divis.eu\/en\/video-interview-tip-of-the-month-employee-introduction\/#article","isPartOf":{"@id":"https:\/\/www.divis.eu\/en\/video-interview-tip-of-the-month-employee-introduction\/"},"author":{"name":"DIVIS News","@id":"https:\/\/www.divis.eu\/#\/schema\/person\/ff9a586418dbfba193bd9e8d1f363d76"},"headline":"Video interview, tip of the month, employee introduction","datePublished":"2021-05-03T00:43:00+00:00","dateModified":"2024-07-22T18:30:47+00:00","mainEntityOfPage":{"@id":"https:\/\/www.divis.eu\/en\/video-interview-tip-of-the-month-employee-introduction\/"},"wordCount":872,"image":{"@id":"https:\/\/www.divis.eu\/en\/video-interview-tip-of-the-month-employee-introduction\/#primaryimage"},"thumbnailUrl":"https:\/\/www.divis.eu\/wp-content\/uploads\/2021\/05\/tipp-des-monats-EN.gif","articleSection":["2021"],"inLanguage":"en-US"},{"@type":"WebPage","@id":"https:\/\/www.divis.eu\/en\/video-interview-tip-of-the-month-employee-introduction\/","url":"https:\/\/www.divis.eu\/en\/video-interview-tip-of-the-month-employee-introduction\/","name":"New DIVIS Chief Sales Officer introduces himself | DIVIS","isPartOf":{"@id":"https:\/\/www.divis.eu\/#website"},"primaryImageOfPage":{"@id":"https:\/\/www.divis.eu\/en\/video-interview-tip-of-the-month-employee-introduction\/#primaryimage"},"image":{"@id":"https:\/\/www.divis.eu\/en\/video-interview-tip-of-the-month-employee-introduction\/#primaryimage"},"thumbnailUrl":"https:\/\/www.divis.eu\/wp-content\/uploads\/2021\/05\/tipp-des-monats-EN.gif","datePublished":"2021-05-03T00:43:00+00:00","dateModified":"2024-07-22T18:30:47+00:00","author":{"@id":"https:\/\/www.divis.eu\/#\/schema\/person\/ff9a586418dbfba193bd9e8d1f363d76"},"description":"Meet our new Chief Sales Officer in a video interview. We also have a new employee in our service office at DIVIS ...","breadcrumb":{"@id":"https:\/\/www.divis.eu\/en\/video-interview-tip-of-the-month-employee-introduction\/#breadcrumb"},"inLanguage":"en-US","potentialAction":[{"@type":"ReadAction","target":["https:\/\/www.divis.eu\/en\/video-interview-tip-of-the-month-employee-introduction\/"]}]},{"@type":"ImageObject","inLanguage":"en-US","@id":"https:\/\/www.divis.eu\/en\/video-interview-tip-of-the-month-employee-introduction\/#primaryimage","url":"https:\/\/www.divis.eu\/wp-content\/uploads\/2021\/05\/tipp-des-monats-EN.gif","contentUrl":"https:\/\/www.divis.eu\/wp-content\/uploads\/2021\/05\/tipp-des-monats-EN.gif","width":725,"height":400},{"@type":"BreadcrumbList","@id":"https:\/\/www.divis.eu\/en\/video-interview-tip-of-the-month-employee-introduction\/#breadcrumb","itemListElement":[{"@type":"ListItem","position":1,"name":"Startseite","item":"https:\/\/www.divis.eu\/en\/"},{"@type":"ListItem","position":2,"name":"Video interview, tip of the month, employee introduction"}]},{"@type":"WebSite","@id":"https:\/\/www.divis.eu\/#website","url":"https:\/\/www.divis.eu\/","name":"DIVIS - The intelligent view","description":"Videosysteml\u00f6sungen f\u00fcr Umschlags- und Warenlager","potentialAction":[{"@type":"SearchAction","target":{"@type":"EntryPoint","urlTemplate":"https:\/\/www.divis.eu\/?s={search_term_string}"},"query-input":{"@type":"PropertyValueSpecification","valueRequired":true,"valueName":"search_term_string"}}],"inLanguage":"en-US"},{"@type":"Person","@id":"https:\/\/www.divis.eu\/#\/schema\/person\/ff9a586418dbfba193bd9e8d1f363d76","name":"DIVIS News"}]}},"_links":{"self":[{"href":"https:\/\/www.divis.eu\/en\/wp-json\/wp\/v2\/posts\/22103","targetHints":{"allow":["GET"]}}],"collection":[{"href":"https:\/\/www.divis.eu\/en\/wp-json\/wp\/v2\/posts"}],"about":[{"href":"https:\/\/www.divis.eu\/en\/wp-json\/wp\/v2\/types\/post"}],"author":[{"embeddable":true,"href":"https:\/\/www.divis.eu\/en\/wp-json\/wp\/v2\/users\/1"}],"replies":[{"embeddable":true,"href":"https:\/\/www.divis.eu\/en\/wp-json\/wp\/v2\/comments?post=22103"}],"version-history":[{"count":0,"href":"https:\/\/www.divis.eu\/en\/wp-json\/wp\/v2\/posts\/22103\/revisions"}],"wp:featuredmedia":[{"embeddable":true,"href":"https:\/\/www.divis.eu\/en\/wp-json\/wp\/v2\/media\/22107"}],"wp:attachment":[{"href":"https:\/\/www.divis.eu\/en\/wp-json\/wp\/v2\/media?parent=22103"}],"wp:term":[{"taxonomy":"category","embeddable":true,"href":"https:\/\/www.divis.eu\/en\/wp-json\/wp\/v2\/categories?post=22103"},{"taxonomy":"post_tag","embeddable":true,"href":"https:\/\/www.divis.eu\/en\/wp-json\/wp\/v2\/tags?post=22103"}],"curies":[{"name":"wp","href":"https:\/\/api.w.org\/{rel}","templated":true}]}}