{"id":13579,"date":"2019-02-03T04:49:14","date_gmt":"2019-02-03T04:49:14","guid":{"rendered":"https:\/\/www.divis.eu\/divis-newsletter-logimat-invitation-live-views-in-cargovis-divis-service-team\/"},"modified":"2024-01-08T18:00:52","modified_gmt":"2024-01-08T18:00:52","slug":"newsletter-divis-invitation-au-salon-logimat-vues-en-direct-dans-cargovis-equipe-de-service-sav-divis","status":"publish","type":"post","link":"https:\/\/www.divis.eu\/fr\/newsletter-divis-invitation-au-salon-logimat-vues-en-direct-dans-cargovis-equipe-de-service-sav-divis\/","title":{"rendered":"Newsletter DIVIS : Invitation au salon LogiMAT, vues en direct dans CargoVIS, \u00e9quipe de service SAV DIVIS"},"content":{"rendered":"\n<h1>\n\t\tInvitation au salon LogiMAT, vues en direct dans CargoVIS, \u00e9quipe de SAV DIVIS\n\t<\/h1>\n<h2>\n\t\tBordesholm, le 3 f\u00e9vrier 2019\n\t<\/h2>\n\t\t\t\t<img decoding=\"async\" src=\"https:\/\/www.divis.eu\/wp-content\/uploads\/2018\/01\/hendrik-reger-1.png\" alt=\"Hendrik Reger | DIVIS | Videol\u00f6sungen f\u00fcr die Logistik\" title=\"hendrik-reger\" itemprop=\"image\"  \/>\n\t<p>Aujourd&rsquo;hui, nous aimerions vous inviter \u00e0 nouveau \u00e0 nous rendre visite sur notre stand au salon LogiMAT du 19 au 21 f\u00e9vrier 2019. Nous vous pr\u00e9sentons plusieurs nouvelles et produits int\u00e9ressants, tels que notre fonction Plus<sup>+<\/sup> Motion Alarm<sup>+<\/sup> pour CargoVIS maintenant avec la technologie d&rsquo;imagerie thermique et License Plate<sup>+<\/sup>, notre nouvel outil de reconnaissance de plaques d&rsquo;immatriculation et de gestion de cours. Vous pouvez nous contacter \u00e0 l&rsquo;avance pour nous demander un bon d&rsquo;entr\u00e9e gratuit au salon. Pour en savoir plus, lisez cette \u00e9dition.<\/p>\n<p>Dans le conseil du mois, vous d\u00e9couvrirez les options de cr\u00e9ation et de traitement des vues en direct configur\u00e9es par l&rsquo;utilisateur dans notre logiciel de vid\u00e9osurveillance CargoVIS.<\/p>\n<p>Et nous vous pr\u00e9sentons les membres de notre \u00e9quipe de service, qui s&rsquo;occupent de mani\u00e8re fiable et rapide de toutes les pr\u00e9occupations et probl\u00e8mes de nos clients.<\/p>\n<p>Hendrik Reger, fond\u00e9 de pouvoir et directeur des ventes, vous souhaite au nom de toute l&rsquo;\u00e9quipe DIVIS une agr\u00e9able lecture.<\/p>\n<h2>\n\t\tLes th\u00e8mes de cette \u00e9dition\n\t<\/h2>\n<h4>\n\t\t<a href=\"#evenements\" title=\"\u00c9V\u00c9NEMENTS\" target=\"_self\" rel=\"noopener\">\n\t\t\u00c9V\u00c9NEMENTS\n\t\t<\/a>\n\t<\/h4>\n<h4>\n\t\t<a href=\"#evenements\" title=\"Rappel salon LogiMAT 2019 : Vous nous trouverez au stand A07 au hall 8 !\" target=\"_self\" rel=\"noopener\">\n\t\tRappel salon LogiMAT 2019 : Vous nous trouverez au stand A07 au hall 8 !\n\t\t<\/a>\n\t<\/h4>\n<h4>\n\t\t<a href=\"#plus\" title=\"FONCTIONS PLUS&lt;sup&gt;+&lt;\/sup&gt; POUR LE LOGICIEL CARGOVIS\" target=\"_self\" rel=\"noopener\">\n\t\tFONCTIONS PLUS<sup>+<\/sup> POUR LE LOGICIEL CARGOVIS\n\t\t<\/a>\n\t<\/h4>\n<h4>\n\t\t<a href=\"#plus\" title=\"&lt;strong&gt;NOUVEAU :&lt;\/strong&gt; Reconnaissance enti\u00e8rement automatique des plaques d&#039;immatriculation - chaque plaque d&#039;immatriculation en un coup d&#039;\u0153il avec License Plate&lt;sup&gt;+&lt;\/sup&gt;\" target=\"_self\" rel=\"noopener\">\n\t\t<strong>NOUVEAU :<\/strong> Reconnaissance enti\u00e8rement automatique des plaques d&rsquo;immatriculation &#8211; chaque plaque d&rsquo;immatriculation en un coup d&rsquo;\u0153il avec License Plate<sup>+<\/sup>\n\t\t<\/a>\n\t<\/h4>\n<h4>\n\t\t<a href=\"#motionalarm\" title=\"&lt;strong&gt; NOUVEAU : &lt;\/strong&gt;Cam\u00e9ras thermiques avec fonction Alarme - protection optimale de vos locaux avec  Motion Alarm&lt;sup&gt;+&lt;\/sup&gt;\" target=\"_self\" rel=\"noopener\">\n\t\t<strong> NOUVEAU : <\/strong>Cam\u00e9ras thermiques avec fonction Alarme &#8211; protection optimale de vos locaux avec  Motion Alarm<sup>+<\/sup>\n\t\t<\/a>\n\t<\/h4>\n<h4>\n\t\t<a href=\"#conseil\" title=\"CONSEIL DU MOIS DIVIS\" target=\"_self\" rel=\"noopener\">\n\t\tCONSEIL DU MOIS DIVIS\n\t\t<\/a>\n\t<\/h4>\n<h4>\n\t\t<a href=\"#conseil\" title=\"Cr\u00e9er et g\u00e9rer des vues en direct dans CargoVIS\" target=\"_self\" rel=\"noopener\">\n\t\tCr\u00e9er et g\u00e9rer des vues en direct dans CargoVIS\n\t\t<\/a>\n\t<\/h4>\n<h4>\n\t\t<a href=\"#equipe\" title=\"DIVIS SE PR\u00c9SENTE\" target=\"_self\" rel=\"noopener\">\n\t\tDIVIS SE PR\u00c9SENTE\n\t\t<\/a>\n\t<\/h4>\n<h4>\n\t\t<a href=\"#equipe\" title=\"Nos collaborateurs du service DIVIS\" target=\"_self\" rel=\"noopener\">\n\t\tNos collaborateurs du service DIVIS\n\t\t<\/a>\n\t<\/h4>\n<h3>\n\t\t\u00c9V\u00c9NEMENTS\n\t<\/h3>\n<h2>\n\t\tRappel salon LogiMAT 2019 : Vous nous trouverez au stand A07 au hall 8 !\n\t<\/h2>\n\t<h4><img decoding=\"async\" src=\"..\/..\/wp-content\/uploads\/2018\/12\/logimat2019.jpg\" alt=\"\" width=\"250\" height=\"122\" \/><strong>Date : 19.-21 f\u00e9vrier 2019, 9 -17 heures<br \/>\nLieu : Parc des expositions de Stuttgart<br \/>\n(Messepiazza 1, 70629 Stuttgart)<\/strong><\/h4>\n<p>Rendez-vous au salon LogiMAT\u00a0!<\/p>\n<p>Au salon, nous vous pr\u00e9senterons nos solutions tout autour de la recherche vid\u00e9o dans l&rsquo;entrep\u00f4t et dans le transbordement des marchandises en live et vous pourrez les tester. Lors de diverses pr\u00e9sentations en direct, nous vous d\u00e9montrerons la fonctionnalit\u00e9 de nos produits.<\/p>\n<p>Sur notre stand, vous aurez \u00e9galement l&rsquo;occasion de jeter un coup d&rsquo;\u0153il exclusif sur nos derniers produits\u00a0: Nous vous pr\u00e9senterons License Plate<sup>+<\/sup> pour la reconnaissance automatique des plaques d&rsquo;immatriculation et de Motion Alarm<sup>+<\/sup> pour la vid\u00e9osurveillance ext\u00e9rieure avec cam\u00e9ras thermiques. Cela vous permet de rendre la gestion de votre cour et de vos acc\u00e8s encore plus efficace et de s\u00e9curiser encore mieux vos locaux commerciaux.<\/p>\n<hr \/>\n<strong>Nos interlocuteurs sur site :<br \/>\n<\/strong>\n<strong>Thomas Kroll | Associ\u00e9-directeur<br \/>\n<\/strong>\n<strong>Hendrik Reger | Directeur des ventes<\/strong><br \/>\n\n<strong>Vincent Sch\u00f6ning | Key Account Manager Europe<\/strong><br \/>\n\n<strong>Aur\u00e9lien Didier | Key Account Manager France<\/strong><br \/>\n\n<strong>Sven Rautenberg | Direction commerciale\/Service<\/strong><strong><br \/>\n<\/strong>\n<hr \/>\nSur le salon, nous nous ferons un plaisir de prendre le temps pour vous accorder un entretien personnalis\u00e9.<br \/>\nAfin de r\u00e9duire les temps d&rsquo;attente, nous vous offrons la possibilit\u00e9 de convenir \u00e0 l&rsquo;avance d&rsquo;un rendez-vous avec nos coll\u00e8gues au salon.\n<p><img decoding=\"async\" src=\"..\/..\/wp-content\/uploads\/2018\/03\/gratis-tickets-fr.png\" alt=\"\" width=\"125\" height=\"140\" \/><\/p>\n<p>Pour les personnes int\u00e9ress\u00e9es, nous avons \u00e9galement un <strong>code de bon d&rsquo;entr\u00e9e en ligne avec entr\u00e9e GRATUITE au salon<\/strong>.<\/p>\n<p>Si vous \u00eates int\u00e9ress\u00e9(e) par un rendez-vous, une demande de code de bon d&rsquo;entr\u00e9e ou si vous avez des questions d&rsquo;ordre g\u00e9n\u00e9ral sur notre participation au salon, veuillez contacter\u00a0notre coll\u00e8gue Vincent Sch\u00f6ning par\u00a0<a href=\"mailto:vincent.schoening@divis.eu\">vincent.schoening@divis.eu<\/a>.<\/p>\n<p>Profitez de l&rsquo;occasion pour \u00eatre parmi les premiers utilisateurs \u00e0 d\u00e9couvrir nos nouveaux produits au salon LogiMAT 2019 \u00e0 Stuttgart.<\/p>\n<p>Nous nous r\u00e9jouissons de votre visite !<\/p>\n<p><a href=\"https:\/\/www.logimat-messe.de\/en\" target=\"_blank\" rel=\"noopener noreferrer\">Plus d&rsquo;informations sur le LogiMAT<\/a><\/p>\n<h3>\n\t\tFONCTIONNALIT\u00c9S PLUS<sup>+<\/sup> POUR LE LOGICIEL CARGOVIS\n\t<\/h3>\n<h2>\n\t\tLicense Plate<sup>+<\/sup><br \/>Reconnaissance enti\u00e8rement automatique des plaques d&rsquo;immatriculation &#8211; chaque plaque d&rsquo;immatriculation en un coup d&rsquo;\u0153il !\n\t<\/h2>\n\t\t\t\t<img decoding=\"async\" src=\"https:\/\/www.divis.eu\/wp-content\/uploads\/2019\/01\/license-plate-plus.png\" alt=\"Vollautomatische Kennzeichenerkennung - License Plate+ | DIVIS\" title=\"license-plate-plus\" itemprop=\"image\"  \/>\n\t<p><strong>D\u00e9couvrez notre nouvelle fonctionnalit\u00e9 Plus<sup>+<\/sup>\u00a0License Plate<sup>+<\/sup>: Les syst\u00e8mes de reconnaissance automatique des plaques d&rsquo;immatriculation offrent de nombreuses possibilit\u00e9s pour un traitement plus efficace des entr\u00e9es et sorties.<\/strong><\/p>\n<p>Les donn\u00e9es enregistr\u00e9es peuvent \u00eatre utilis\u00e9es non seulement pour le contr\u00f4le d&rsquo;entr\u00e9e et de sortie, mais aussi pour contr\u00f4ler les mouvements des v\u00e9hicules dans la cour, de sorte que, par exemple, les camions enregistr\u00e9s peuvent se rendre directement \u00e0 certaines zones de chargement. En f\u00e9vrier, nous pr\u00e9senterons la nouvelle fonction en direct chez LogiMAT \u00e0 Stuttgart.<\/p>\n\t\t\t<a href=\"https:\/\/www.divis.eu\/fr\/reconnaissance-entierement-automatique-des-plaques-dimmatriculation-chaque-plaque-dimmatriculation-en-un-coup-doeil\/\" target=\"_self\" role=\"button\" aria-label=\"Pour davantage d&#039;informations....\" rel=\"noopener\">\n\t\t\t\t\t\t\tPour davantage d&rsquo;informations&#8230;.\n\t\t<\/a>\n<h3>\n\t\tFONCTIONNALIT\u00c9S PLUS<sup>+<\/sup> POUR LE LOGICIEL CARGOVIS\n\t<\/h3>\n<h2>\n\t\tMotion Alarm<sup>+<\/sup><br \/>Cam\u00e9ras thermiques avec fonction Alarme &#8211; protection optimale des locaux de votre entreprise \n\t<\/h2>\n\t\t\t\t<img decoding=\"async\" src=\"https:\/\/www.divis.eu\/wp-content\/uploads\/2019\/01\/icon-motion-alarm.png\" alt=\"Motion Alarm+ Software-Modul | DIVIS\" title=\"icon-motion-alarm\" itemprop=\"image\"  \/>\n\t<p><strong>Notre fonction tr\u00e8s pris\u00e9e Plus<sup>+<\/sup> Motion Alarm<sup>+\u00a0<\/sup>pour CargoVIS a \u00e9t\u00e9 r\u00e9cemment enrichie de la technologie d&rsquo;imagerie technique. Ce type de vid\u00e9osurveillance est moins d\u00e9pendant des conditions environnementales et beaucoup plus pr\u00e9cis que les autres solutions disponibles sur le march\u00e9.<\/strong><\/p>\n<p>Une image thermique permet de d\u00e9tecter de mani\u00e8re fiable et visible les personnes, les v\u00e9hicules et les diff\u00e9rences de temp\u00e9rature, m\u00eame minimes, et de les rendre visibles. Les cam\u00e9ras thermiques simplifient ainsi la vid\u00e9osurveillance de vastes locaux d&rsquo;entreprise et la s\u00e9curit\u00e9 des cl\u00f4tures et des infrastructures critiques. L&rsquo;extension sera pr\u00e9sent\u00e9e au LogiMAT en f\u00e9vrier.<\/p>\n<p><strong>\u00a0<\/strong><\/p>\n\t\t\t<a href=\"https:\/\/www.divis.eu\/fr\/cameras-thermiques-avec-fonction-alarme-protection-optimale-des-locaux-de-votre-entreprise\/\" target=\"_self\" role=\"button\" aria-label=\"Pour davantage d&#039;informations....\" rel=\"noopener\">\n\t\t\t\t\t\t\tPour davantage d&rsquo;informations&#8230;.\n\t\t<\/a>\n<h3>\n\t\tCONSEIL DU MOIS DIVIS\n\t<\/h3>\n<h2>\n\t\tCr\u00e9er et g\u00e9rer des vues en direct personnalis\u00e9es dans le logiciel de vid\u00e9osurveillance CargoVIS\n\t<\/h2>\n\t\t\t\t<img decoding=\"async\" src=\"https:\/\/www.divis.eu\/wp-content\/uploads\/2019\/01\/tipp-des-monats-liveansichten-FR.gif\" alt=\"Conseil du mois\" title=\"tipp-des-monats-liveansichten-FR\" itemprop=\"image\"  \/>\n\tEn plus des vues en direct li\u00e9es \u00e0 une zone, CargoVIS vous permet de cr\u00e9er des vues personnalis\u00e9es, puis de modifier, exporter ou importer des vues cr\u00e9\u00e9es pr\u00e9c\u00e9demment.<br \/>\nLorsque vous configurez des vues en direct personnalis\u00e9es, vous pouvez utiliser 1, 4, 9 et 16 vues.\n\t\t\t<a href=\"https:\/\/www.divis.eu\/fr\/creer-et-gerer-des-vues-en-direct-personnalisees-dans-le-logiciel-de-videosurveillance-cargovis\/\" target=\"_self\" role=\"button\" aria-label=\"Pour davantage d&#039;informations....\" rel=\"noopener\">\n\t\t\t\t\t\t\tPour davantage d&rsquo;informations&#8230;.\n\t\t<\/a>\n<h3>\n\t\tDIVIS SE PR\u00c9SENTE\n\t<\/h3>\n<h2>\n\t\tNos collaborateurs du service DIVIS\n\t<\/h2>\n\t\t\t\t<img decoding=\"async\" src=\"https:\/\/www.divis.eu\/wp-content\/uploads\/2019\/01\/Team-Service_Webseite.jpg\" alt=\"DIVIS Team\" title=\"Team Service_Webseite\" itemprop=\"image\"  \/>\n\t<p><em>Photo: De gauche \u00e0 droite Mickael Ayrault, Ren\u00e9 Janott, Kai Herrmann, Patrick Mohr, Marcel Spitz.<\/em><\/p>\n\t<p>Les clients de DIVIS font confiance \u00e0 notre service. La fiabilit\u00e9 et une aide rapide et pratique sont des aspects particuli\u00e8rement importants. Chez DIVIS, toute une \u00e9quipe d&#8217;employ\u00e9s comp\u00e9tents est responsable de t\u00e2ches d\u00e9di\u00e9es au service telles que la maintenance de nos syst\u00e8mes vid\u00e9o, l&rsquo;entretien, les r\u00e9parations et la formation, que nous vous pr\u00e9sentons dans ce num\u00e9ro.<\/p>\n\n","protected":false},"excerpt":{"rendered":"<p>N&rsquo;oubliez pas de nous rendre visite au salon LogiMAT 2019. Apprenez comment cr\u00e9er et modifier vos propres vues en direct dans CargoVIS \u00e0 la fin du mois et faites connaissance avec les coll\u00e8gues de notre \u00e9quipe de service.<\/p>\n","protected":false},"author":1,"featured_media":13645,"comment_status":"closed","ping_status":"closed","sticky":false,"template":"tpl-full-width.php","format":"standard","meta":{"footnotes":""},"categories":[102],"tags":[],"class_list":["post-13579","post","type-post","status-publish","format-standard","has-post-thumbnail","hentry","category-2019-fr"],"yoast_head":"<!-- This site is optimized with the Yoast SEO plugin v27.5 - https:\/\/yoast.com\/product\/yoast-seo-wordpress\/ -->\n<title>Invitation au salon LogiMAT, vues en direct dans CargoVIS, \u00e9quipe de service DIVIS<\/title>\n<meta name=\"description\" content=\"Vous \u00eates \u00e0 la LogiMAT ? N&#039;oubliez pas de nous rendre visite sur notre stand ! Nous avons beaucoup de nouvelles.\" \/>\n<meta name=\"robots\" content=\"index, follow, max-snippet:-1, max-image-preview:large, max-video-preview:-1\" \/>\n<link rel=\"canonical\" href=\"https:\/\/www.divis.eu\/fr\/newsletter-divis-invitation-au-salon-logimat-vues-en-direct-dans-cargovis-equipe-de-service-sav-divis\/\" \/>\n<meta property=\"og:locale\" content=\"fr_FR\" \/>\n<meta property=\"og:type\" content=\"article\" \/>\n<meta property=\"og:title\" content=\"Invitation au salon LogiMAT, vues en direct dans CargoVIS, \u00e9quipe de service DIVIS\" \/>\n<meta property=\"og:description\" content=\"Vous \u00eates \u00e0 la LogiMAT ? N&#039;oubliez pas de nous rendre visite sur notre stand ! Nous avons beaucoup de nouvelles.\" \/>\n<meta property=\"og:url\" content=\"https:\/\/www.divis.eu\/fr\/newsletter-divis-invitation-au-salon-logimat-vues-en-direct-dans-cargovis-equipe-de-service-sav-divis\/\" \/>\n<meta property=\"og:site_name\" content=\"DIVIS - The intelligent view\" \/>\n<meta property=\"article:published_time\" content=\"2019-02-03T04:49:14+00:00\" \/>\n<meta property=\"article:modified_time\" content=\"2024-01-08T18:00:52+00:00\" \/>\n<meta property=\"og:image\" content=\"https:\/\/www.divis.eu\/wp-content\/uploads\/2019\/01\/nl-featured-1.gif\" \/>\n\t<meta property=\"og:image:width\" content=\"725\" \/>\n\t<meta property=\"og:image:height\" content=\"400\" \/>\n\t<meta property=\"og:image:type\" content=\"image\/gif\" \/>\n<meta name=\"author\" content=\"DIVIS News\" \/>\n<meta name=\"twitter:card\" content=\"summary_large_image\" \/>\n<meta name=\"twitter:label1\" content=\"\u00c9crit par\" \/>\n\t<meta name=\"twitter:data1\" content=\"DIVIS News\" \/>\n\t<meta name=\"twitter:label2\" content=\"Dur\u00e9e de lecture estim\u00e9e\" \/>\n\t<meta name=\"twitter:data2\" content=\"5 minutes\" \/>\n<script type=\"application\/ld+json\" class=\"yoast-schema-graph\">{\"@context\":\"https:\\\/\\\/schema.org\",\"@graph\":[{\"@type\":\"Article\",\"@id\":\"https:\\\/\\\/www.divis.eu\\\/fr\\\/newsletter-divis-invitation-au-salon-logimat-vues-en-direct-dans-cargovis-equipe-de-service-sav-divis\\\/#article\",\"isPartOf\":{\"@id\":\"https:\\\/\\\/www.divis.eu\\\/fr\\\/newsletter-divis-invitation-au-salon-logimat-vues-en-direct-dans-cargovis-equipe-de-service-sav-divis\\\/\"},\"author\":{\"name\":\"DIVIS News\",\"@id\":\"https:\\\/\\\/www.divis.eu\\\/#\\\/schema\\\/person\\\/ff9a586418dbfba193bd9e8d1f363d76\"},\"headline\":\"Newsletter DIVIS : Invitation au salon LogiMAT, vues en direct dans CargoVIS, \u00e9quipe de service SAV DIVIS\",\"datePublished\":\"2019-02-03T04:49:14+00:00\",\"dateModified\":\"2024-01-08T18:00:52+00:00\",\"mainEntityOfPage\":{\"@id\":\"https:\\\/\\\/www.divis.eu\\\/fr\\\/newsletter-divis-invitation-au-salon-logimat-vues-en-direct-dans-cargovis-equipe-de-service-sav-divis\\\/\"},\"wordCount\":1062,\"image\":{\"@id\":\"https:\\\/\\\/www.divis.eu\\\/fr\\\/newsletter-divis-invitation-au-salon-logimat-vues-en-direct-dans-cargovis-equipe-de-service-sav-divis\\\/#primaryimage\"},\"thumbnailUrl\":\"https:\\\/\\\/www.divis.eu\\\/wp-content\\\/uploads\\\/2019\\\/01\\\/nl-featured-1.gif\",\"articleSection\":[\"2019\"],\"inLanguage\":\"fr-FR\"},{\"@type\":\"WebPage\",\"@id\":\"https:\\\/\\\/www.divis.eu\\\/fr\\\/newsletter-divis-invitation-au-salon-logimat-vues-en-direct-dans-cargovis-equipe-de-service-sav-divis\\\/\",\"url\":\"https:\\\/\\\/www.divis.eu\\\/fr\\\/newsletter-divis-invitation-au-salon-logimat-vues-en-direct-dans-cargovis-equipe-de-service-sav-divis\\\/\",\"name\":\"Invitation au salon LogiMAT, vues en direct dans CargoVIS, \u00e9quipe de service DIVIS\",\"isPartOf\":{\"@id\":\"https:\\\/\\\/www.divis.eu\\\/#website\"},\"primaryImageOfPage\":{\"@id\":\"https:\\\/\\\/www.divis.eu\\\/fr\\\/newsletter-divis-invitation-au-salon-logimat-vues-en-direct-dans-cargovis-equipe-de-service-sav-divis\\\/#primaryimage\"},\"image\":{\"@id\":\"https:\\\/\\\/www.divis.eu\\\/fr\\\/newsletter-divis-invitation-au-salon-logimat-vues-en-direct-dans-cargovis-equipe-de-service-sav-divis\\\/#primaryimage\"},\"thumbnailUrl\":\"https:\\\/\\\/www.divis.eu\\\/wp-content\\\/uploads\\\/2019\\\/01\\\/nl-featured-1.gif\",\"datePublished\":\"2019-02-03T04:49:14+00:00\",\"dateModified\":\"2024-01-08T18:00:52+00:00\",\"author\":{\"@id\":\"https:\\\/\\\/www.divis.eu\\\/#\\\/schema\\\/person\\\/ff9a586418dbfba193bd9e8d1f363d76\"},\"description\":\"Vous \u00eates \u00e0 la LogiMAT ? N'oubliez pas de nous rendre visite sur notre stand ! Nous avons beaucoup de nouvelles.\",\"breadcrumb\":{\"@id\":\"https:\\\/\\\/www.divis.eu\\\/fr\\\/newsletter-divis-invitation-au-salon-logimat-vues-en-direct-dans-cargovis-equipe-de-service-sav-divis\\\/#breadcrumb\"},\"inLanguage\":\"fr-FR\",\"potentialAction\":[{\"@type\":\"ReadAction\",\"target\":[\"https:\\\/\\\/www.divis.eu\\\/fr\\\/newsletter-divis-invitation-au-salon-logimat-vues-en-direct-dans-cargovis-equipe-de-service-sav-divis\\\/\"]}]},{\"@type\":\"ImageObject\",\"inLanguage\":\"fr-FR\",\"@id\":\"https:\\\/\\\/www.divis.eu\\\/fr\\\/newsletter-divis-invitation-au-salon-logimat-vues-en-direct-dans-cargovis-equipe-de-service-sav-divis\\\/#primaryimage\",\"url\":\"https:\\\/\\\/www.divis.eu\\\/wp-content\\\/uploads\\\/2019\\\/01\\\/nl-featured-1.gif\",\"contentUrl\":\"https:\\\/\\\/www.divis.eu\\\/wp-content\\\/uploads\\\/2019\\\/01\\\/nl-featured-1.gif\",\"width\":725,\"height\":400,\"caption\":\"LogiMAT2019\"},{\"@type\":\"BreadcrumbList\",\"@id\":\"https:\\\/\\\/www.divis.eu\\\/fr\\\/newsletter-divis-invitation-au-salon-logimat-vues-en-direct-dans-cargovis-equipe-de-service-sav-divis\\\/#breadcrumb\",\"itemListElement\":[{\"@type\":\"ListItem\",\"position\":1,\"name\":\"Startseite\",\"item\":\"https:\\\/\\\/www.divis.eu\\\/fr\\\/\"},{\"@type\":\"ListItem\",\"position\":2,\"name\":\"Newsletter DIVIS : Invitation au salon LogiMAT, vues en direct dans CargoVIS, \u00e9quipe de service SAV DIVIS\"}]},{\"@type\":\"WebSite\",\"@id\":\"https:\\\/\\\/www.divis.eu\\\/#website\",\"url\":\"https:\\\/\\\/www.divis.eu\\\/\",\"name\":\"DIVIS - The intelligent view\",\"description\":\"Videosysteml\u00f6sungen f\u00fcr Umschlags- und Warenlager\",\"potentialAction\":[{\"@type\":\"SearchAction\",\"target\":{\"@type\":\"EntryPoint\",\"urlTemplate\":\"https:\\\/\\\/www.divis.eu\\\/?s={search_term_string}\"},\"query-input\":{\"@type\":\"PropertyValueSpecification\",\"valueRequired\":true,\"valueName\":\"search_term_string\"}}],\"inLanguage\":\"fr-FR\"},{\"@type\":\"Person\",\"@id\":\"https:\\\/\\\/www.divis.eu\\\/#\\\/schema\\\/person\\\/ff9a586418dbfba193bd9e8d1f363d76\",\"name\":\"DIVIS News\"}]}<\/script>\n<!-- \/ Yoast SEO plugin. -->","yoast_head_json":{"title":"Invitation au salon LogiMAT, vues en direct dans CargoVIS, \u00e9quipe de service DIVIS","description":"Vous \u00eates \u00e0 la LogiMAT ? N'oubliez pas de nous rendre visite sur notre stand ! Nous avons beaucoup de nouvelles.","robots":{"index":"index","follow":"follow","max-snippet":"max-snippet:-1","max-image-preview":"max-image-preview:large","max-video-preview":"max-video-preview:-1"},"canonical":"https:\/\/www.divis.eu\/fr\/newsletter-divis-invitation-au-salon-logimat-vues-en-direct-dans-cargovis-equipe-de-service-sav-divis\/","og_locale":"fr_FR","og_type":"article","og_title":"Invitation au salon LogiMAT, vues en direct dans CargoVIS, \u00e9quipe de service DIVIS","og_description":"Vous \u00eates \u00e0 la LogiMAT ? N'oubliez pas de nous rendre visite sur notre stand ! Nous avons beaucoup de nouvelles.","og_url":"https:\/\/www.divis.eu\/fr\/newsletter-divis-invitation-au-salon-logimat-vues-en-direct-dans-cargovis-equipe-de-service-sav-divis\/","og_site_name":"DIVIS - The intelligent view","article_published_time":"2019-02-03T04:49:14+00:00","article_modified_time":"2024-01-08T18:00:52+00:00","og_image":[{"width":725,"height":400,"url":"https:\/\/www.divis.eu\/wp-content\/uploads\/2019\/01\/nl-featured-1.gif","type":"image\/gif"}],"author":"DIVIS News","twitter_card":"summary_large_image","twitter_misc":{"\u00c9crit par":"DIVIS News","Dur\u00e9e de lecture estim\u00e9e":"5 minutes"},"schema":{"@context":"https:\/\/schema.org","@graph":[{"@type":"Article","@id":"https:\/\/www.divis.eu\/fr\/newsletter-divis-invitation-au-salon-logimat-vues-en-direct-dans-cargovis-equipe-de-service-sav-divis\/#article","isPartOf":{"@id":"https:\/\/www.divis.eu\/fr\/newsletter-divis-invitation-au-salon-logimat-vues-en-direct-dans-cargovis-equipe-de-service-sav-divis\/"},"author":{"name":"DIVIS News","@id":"https:\/\/www.divis.eu\/#\/schema\/person\/ff9a586418dbfba193bd9e8d1f363d76"},"headline":"Newsletter DIVIS : Invitation au salon LogiMAT, vues en direct dans CargoVIS, \u00e9quipe de service SAV DIVIS","datePublished":"2019-02-03T04:49:14+00:00","dateModified":"2024-01-08T18:00:52+00:00","mainEntityOfPage":{"@id":"https:\/\/www.divis.eu\/fr\/newsletter-divis-invitation-au-salon-logimat-vues-en-direct-dans-cargovis-equipe-de-service-sav-divis\/"},"wordCount":1062,"image":{"@id":"https:\/\/www.divis.eu\/fr\/newsletter-divis-invitation-au-salon-logimat-vues-en-direct-dans-cargovis-equipe-de-service-sav-divis\/#primaryimage"},"thumbnailUrl":"https:\/\/www.divis.eu\/wp-content\/uploads\/2019\/01\/nl-featured-1.gif","articleSection":["2019"],"inLanguage":"fr-FR"},{"@type":"WebPage","@id":"https:\/\/www.divis.eu\/fr\/newsletter-divis-invitation-au-salon-logimat-vues-en-direct-dans-cargovis-equipe-de-service-sav-divis\/","url":"https:\/\/www.divis.eu\/fr\/newsletter-divis-invitation-au-salon-logimat-vues-en-direct-dans-cargovis-equipe-de-service-sav-divis\/","name":"Invitation au salon LogiMAT, vues en direct dans CargoVIS, \u00e9quipe de service DIVIS","isPartOf":{"@id":"https:\/\/www.divis.eu\/#website"},"primaryImageOfPage":{"@id":"https:\/\/www.divis.eu\/fr\/newsletter-divis-invitation-au-salon-logimat-vues-en-direct-dans-cargovis-equipe-de-service-sav-divis\/#primaryimage"},"image":{"@id":"https:\/\/www.divis.eu\/fr\/newsletter-divis-invitation-au-salon-logimat-vues-en-direct-dans-cargovis-equipe-de-service-sav-divis\/#primaryimage"},"thumbnailUrl":"https:\/\/www.divis.eu\/wp-content\/uploads\/2019\/01\/nl-featured-1.gif","datePublished":"2019-02-03T04:49:14+00:00","dateModified":"2024-01-08T18:00:52+00:00","author":{"@id":"https:\/\/www.divis.eu\/#\/schema\/person\/ff9a586418dbfba193bd9e8d1f363d76"},"description":"Vous \u00eates \u00e0 la LogiMAT ? N'oubliez pas de nous rendre visite sur notre stand ! Nous avons beaucoup de nouvelles.","breadcrumb":{"@id":"https:\/\/www.divis.eu\/fr\/newsletter-divis-invitation-au-salon-logimat-vues-en-direct-dans-cargovis-equipe-de-service-sav-divis\/#breadcrumb"},"inLanguage":"fr-FR","potentialAction":[{"@type":"ReadAction","target":["https:\/\/www.divis.eu\/fr\/newsletter-divis-invitation-au-salon-logimat-vues-en-direct-dans-cargovis-equipe-de-service-sav-divis\/"]}]},{"@type":"ImageObject","inLanguage":"fr-FR","@id":"https:\/\/www.divis.eu\/fr\/newsletter-divis-invitation-au-salon-logimat-vues-en-direct-dans-cargovis-equipe-de-service-sav-divis\/#primaryimage","url":"https:\/\/www.divis.eu\/wp-content\/uploads\/2019\/01\/nl-featured-1.gif","contentUrl":"https:\/\/www.divis.eu\/wp-content\/uploads\/2019\/01\/nl-featured-1.gif","width":725,"height":400,"caption":"LogiMAT2019"},{"@type":"BreadcrumbList","@id":"https:\/\/www.divis.eu\/fr\/newsletter-divis-invitation-au-salon-logimat-vues-en-direct-dans-cargovis-equipe-de-service-sav-divis\/#breadcrumb","itemListElement":[{"@type":"ListItem","position":1,"name":"Startseite","item":"https:\/\/www.divis.eu\/fr\/"},{"@type":"ListItem","position":2,"name":"Newsletter DIVIS : Invitation au salon LogiMAT, vues en direct dans CargoVIS, \u00e9quipe de service SAV DIVIS"}]},{"@type":"WebSite","@id":"https:\/\/www.divis.eu\/#website","url":"https:\/\/www.divis.eu\/","name":"DIVIS - The intelligent view","description":"Videosysteml\u00f6sungen f\u00fcr Umschlags- und Warenlager","potentialAction":[{"@type":"SearchAction","target":{"@type":"EntryPoint","urlTemplate":"https:\/\/www.divis.eu\/?s={search_term_string}"},"query-input":{"@type":"PropertyValueSpecification","valueRequired":true,"valueName":"search_term_string"}}],"inLanguage":"fr-FR"},{"@type":"Person","@id":"https:\/\/www.divis.eu\/#\/schema\/person\/ff9a586418dbfba193bd9e8d1f363d76","name":"DIVIS News"}]}},"_links":{"self":[{"href":"https:\/\/www.divis.eu\/fr\/wp-json\/wp\/v2\/posts\/13579","targetHints":{"allow":["GET"]}}],"collection":[{"href":"https:\/\/www.divis.eu\/fr\/wp-json\/wp\/v2\/posts"}],"about":[{"href":"https:\/\/www.divis.eu\/fr\/wp-json\/wp\/v2\/types\/post"}],"author":[{"embeddable":true,"href":"https:\/\/www.divis.eu\/fr\/wp-json\/wp\/v2\/users\/1"}],"replies":[{"embeddable":true,"href":"https:\/\/www.divis.eu\/fr\/wp-json\/wp\/v2\/comments?post=13579"}],"version-history":[{"count":0,"href":"https:\/\/www.divis.eu\/fr\/wp-json\/wp\/v2\/posts\/13579\/revisions"}],"wp:featuredmedia":[{"embeddable":true,"href":"https:\/\/www.divis.eu\/fr\/wp-json\/wp\/v2\/media\/13645"}],"wp:attachment":[{"href":"https:\/\/www.divis.eu\/fr\/wp-json\/wp\/v2\/media?parent=13579"}],"wp:term":[{"taxonomy":"category","embeddable":true,"href":"https:\/\/www.divis.eu\/fr\/wp-json\/wp\/v2\/categories?post=13579"},{"taxonomy":"post_tag","embeddable":true,"href":"https:\/\/www.divis.eu\/fr\/wp-json\/wp\/v2\/tags?post=13579"}],"curies":[{"name":"wp","href":"https:\/\/api.w.org\/{rel}","templated":true}]}}