{"id":14197,"date":"2019-02-26T01:14:20","date_gmt":"2019-02-26T01:14:20","guid":{"rendered":"https:\/\/www.divis.eu\/divis-starts-cooperation-with-logcoop-gmbh\/"},"modified":"2021-02-17T23:20:46","modified_gmt":"2021-02-17T23:20:46","slug":"divis-entame-une-cooperation-avec-lentreprise-logcoop-gmbh","status":"publish","type":"post","link":"https:\/\/www.divis.eu\/fr\/divis-entame-une-cooperation-avec-lentreprise-logcoop-gmbh\/","title":{"rendered":"DIVIS entame une coop\u00e9ration avec l\u2019entreprise LogCoop GmbH"},"content":{"rendered":"\n<h1>\n\t\tPARTENARIATS\n\t<\/h1>\n<h1>\n\t\tDIVIS entame une coop\u00e9ration avec l&rsquo;entreprise LogCoop GmbH\n\t<\/h1>\n\t\t\t\t<img decoding=\"async\" src=\"https:\/\/www.divis.eu\/wp-content\/uploads\/2019\/02\/partnerschaft-logcoop-fr.gif\" alt=\"Partenariat avec LogCoop | DIVIS\" title=\"partnerschaft-logcoop-fr\" itemprop=\"image\"  \/>\n<h2>\n\t\tBordesholm, le 26 f\u00e9vrier 2019\n\t<\/h2>\n\t\n<p>Dans le cadre de cette coop\u00e9ration, les deux entreprises ont l&rsquo;intention d&rsquo;ouvrir l&rsquo;acc\u00e8s aux solutions de gestion vid\u00e9o de DIVIS aux moyennes entreprises logistiques du r\u00e9seau logistique en combinant leurs comp\u00e9tences. Ces derni\u00e8res ann\u00e9es d\u00e9j\u00e0, certains membres du r\u00e9seau de LogCoop GmbH ont \u00e9t\u00e9 \u00e9quip\u00e9s de notre syst\u00e8me de gestion vid\u00e9o et nous avons pu faire nos preuves en tant que partenaire fiable. C&rsquo;est ce qui a finalement conduit LogCoop \u00e0 d\u00e9cider d&rsquo;unir ses forces de mani\u00e8re strat\u00e9gique.<\/p>\n<p>\u00ab\u00a0Nous avons accept\u00e9 DIVIS en tant que partenaire contractuel cadre parce que nous attachons une grande importance \u00e0 la qualit\u00e9 de notre r\u00e9seau et parce que DIVIS est consid\u00e9r\u00e9 comme un leader du march\u00e9 dans le domaine du suivi visuel des envois\u00a0\u00bb, explique Peter Josten, responsable du support des membres et des achats chez LogCoop. \u00ab\u00a0Le logiciel de gestion vid\u00e9o intelligente de DIVIS offre aux membres de notre r\u00e9seau de nombreuses options pour l&rsquo;assurance qualit\u00e9, la rationalisation des processus et la r\u00e9duction des co\u00fbts. La d\u00e9tection rapide des palettes manquantes, la d\u00e9tection des sources de dommages et des transferts de responsabilit\u00e9 clairement document\u00e9s ne sont que quelques exemples\u00a0\u00bb, explique Josten.<\/p>\n<p>En septembre de l&rsquo;ann\u00e9e derni\u00e8re, nous avions d\u00e9j\u00e0 particip\u00e9 en tant qu&rsquo;exposant au salon interne dans le cadre de la 3\u00e8me Journ\u00e9e de l&rsquo;innovation LogCoop et pr\u00e9sent\u00e9 nos solutions exclusivement aux membres de la coop\u00e9ration LogCoop. Nous avons particip\u00e9 \u00e0 la Journ\u00e9e de l&rsquo;innovation LogCoop en tant qu&rsquo;exposant au salon interne et avons pr\u00e9sent\u00e9 nos solutions exclusivement aux membres de la coop\u00e9ration LogCoop PME. Nous attendons avec impatience d&rsquo;\u00eatre repr\u00e9sent\u00e9s cette ann\u00e9e encore au Forum LogCoop en mars afin d&rsquo;approfondir les partenariats existants et d&rsquo;\u00e9tablir de nouveaux contacts clients dans le secteur des moyennes entreprises.<\/p>\n<p>Le nouveau partenariat cr\u00e9e une situation gagnant-gagnant pour les deux parties\u00a0: gr\u00e2ce \u00e0 des conditions attrayantes, la coop\u00e9ration logistique LogCoop peut donner \u00e0 ses membres un avantage concurrentiel ind\u00e9niable, tandis que nous pouvons continuer \u00e0 d\u00e9montrer la fiabilit\u00e9 et la polyvalence de nos solutions vid\u00e9o dans l&rsquo;exp\u00e9dition de fret et la logistique d&rsquo;entrep\u00f4t et \u00e9tendre notre position dans le secteur de la logistique des PME.<\/p>\n\t\t\t<h3>Arri\u00e8re-plan : LogCoop<\/h3>\t\t\t\n\t\t\t\t<p>LogCoop GmbH, bas\u00e9e \u00e0 D\u00fcsseldorf, est une coop\u00e9ration logistique pour les moyennes entreprises du secteur du transport et de la logistique. Le r\u00e9seau de coop\u00e9ration offre \u00e0 plus de ses 125 membres des solutions sectorielles sp\u00e9cifiques et permet le regroupement des ressources et l&rsquo;utilisation de synergies au sein de diff\u00e9rents r\u00e9seaux. Plus de 80 membres du r\u00e9seau d&rsquo;entrep\u00f4ts fond\u00e9 en 2016 en Allemagne, en Belgique, en Autriche, en Suisse, en Grande-Bretagne, en Espagne, en Pologne et en Hongrie travaillent ensemble pour regrouper leurs capacit\u00e9s de stockage sur une surface totale de 3,15 millions de m\u00e8tres carr\u00e9s.<\/p>\n<h3>\n\t\tAutres partenariats\n\t<\/h3>\n\t\t\t\t\t\t<h3>\n\t\t\t\t<a href=https:\/\/www.divis.eu\/fr\/divis-integre-les-balises-de-localisation-dans-les-terminaux-mobiles-de-cognex\/ title=\"DIVIS int\u00e8gre les balises de localisation dans les terminaux mobiles de Cognex\" tabindex=\"0\">DIVIS int\u00e8gre les balises de localisation dans les terminaux mobiles de Cognex<\/a>\t\t\t<\/h3>\n\t\t\t\t\t\t\t\tNous avons \u00e9tendu notre r\u00e9seau avec un partenaire de grande qualit\u00e9: nos balises de localisation sont d\u00e9sormais int\u00e9gr\u00e9es aux terminaux mobiles de Cognex. Cela signifie que les clients peuvent utiliser notre mat\u00e9riel \u00e0 l&rsquo;avenir.\n\n","protected":false},"excerpt":{"rendered":"<p>DIVIS s&rsquo;associe \u00e0 LogCoop GmbH, le r\u00e9seau logistique des moyennes entreprises, pour ouvrir nos solutions \u00e0 ces entreprises.<\/p>\n","protected":false},"author":1,"featured_media":14266,"comment_status":"closed","ping_status":"closed","sticky":false,"template":"tpl-full-width.php","format":"standard","meta":{"footnotes":""},"categories":[106],"tags":[],"class_list":["post-14197","post","type-post","status-publish","format-standard","has-post-thumbnail","hentry","category-info-2019-fr"],"yoast_head":"<!-- This site is optimized with the Yoast SEO plugin v27.4 - https:\/\/yoast.com\/product\/yoast-seo-wordpress\/ -->\n<title>DIVIS entame une coop\u00e9ration avec l\u2019entreprise LogCoop GmbH<\/title>\n<meta name=\"description\" content=\"DIVIS s&#039;associe \u00e0 LogCoop GmbH, le r\u00e9seau logistique des moyennes entreprises, pour ouvrir nos solutions \u00e0 ces entreprises.\" \/>\n<meta name=\"robots\" content=\"index, follow, max-snippet:-1, max-image-preview:large, max-video-preview:-1\" \/>\n<link rel=\"canonical\" href=\"https:\/\/www.divis.eu\/fr\/divis-entame-une-cooperation-avec-lentreprise-logcoop-gmbh\/\" \/>\n<meta property=\"og:locale\" content=\"fr_FR\" \/>\n<meta property=\"og:type\" content=\"article\" \/>\n<meta property=\"og:title\" content=\"DIVIS entame une coop\u00e9ration avec l\u2019entreprise LogCoop GmbH\" \/>\n<meta property=\"og:description\" content=\"DIVIS s&#039;associe \u00e0 LogCoop GmbH, le r\u00e9seau logistique des moyennes entreprises, pour ouvrir nos solutions \u00e0 ces entreprises.\" \/>\n<meta property=\"og:url\" content=\"https:\/\/www.divis.eu\/fr\/divis-entame-une-cooperation-avec-lentreprise-logcoop-gmbh\/\" \/>\n<meta property=\"og:site_name\" content=\"DIVIS - The intelligent view\" \/>\n<meta property=\"article:published_time\" content=\"2019-02-26T01:14:20+00:00\" \/>\n<meta property=\"article:modified_time\" content=\"2021-02-17T23:20:46+00:00\" \/>\n<meta property=\"og:image\" content=\"https:\/\/www.divis.eu\/wp-content\/uploads\/2019\/02\/partnerschaft-logcoop-featured-fr.gif\" \/>\n\t<meta property=\"og:image:width\" content=\"725\" \/>\n\t<meta property=\"og:image:height\" content=\"400\" \/>\n\t<meta property=\"og:image:type\" content=\"image\/gif\" \/>\n<meta name=\"author\" content=\"DIVIS News\" \/>\n<meta name=\"twitter:card\" content=\"summary_large_image\" \/>\n<meta name=\"twitter:label1\" content=\"\u00c9crit par\" \/>\n\t<meta name=\"twitter:data1\" content=\"DIVIS News\" \/>\n\t<meta name=\"twitter:label2\" content=\"Dur\u00e9e de lecture estim\u00e9e\" \/>\n\t<meta name=\"twitter:data2\" content=\"3 minutes\" \/>\n<script type=\"application\/ld+json\" class=\"yoast-schema-graph\">{\"@context\":\"https:\\\/\\\/schema.org\",\"@graph\":[{\"@type\":\"Article\",\"@id\":\"https:\\\/\\\/www.divis.eu\\\/fr\\\/divis-entame-une-cooperation-avec-lentreprise-logcoop-gmbh\\\/#article\",\"isPartOf\":{\"@id\":\"https:\\\/\\\/www.divis.eu\\\/fr\\\/divis-entame-une-cooperation-avec-lentreprise-logcoop-gmbh\\\/\"},\"author\":{\"name\":\"DIVIS News\",\"@id\":\"https:\\\/\\\/www.divis.eu\\\/#\\\/schema\\\/person\\\/ff9a586418dbfba193bd9e8d1f363d76\"},\"headline\":\"DIVIS entame une coop\u00e9ration avec l\u2019entreprise LogCoop GmbH\",\"datePublished\":\"2019-02-26T01:14:20+00:00\",\"dateModified\":\"2021-02-17T23:20:46+00:00\",\"mainEntityOfPage\":{\"@id\":\"https:\\\/\\\/www.divis.eu\\\/fr\\\/divis-entame-une-cooperation-avec-lentreprise-logcoop-gmbh\\\/\"},\"wordCount\":589,\"image\":{\"@id\":\"https:\\\/\\\/www.divis.eu\\\/fr\\\/divis-entame-une-cooperation-avec-lentreprise-logcoop-gmbh\\\/#primaryimage\"},\"thumbnailUrl\":\"https:\\\/\\\/www.divis.eu\\\/wp-content\\\/uploads\\\/2019\\\/02\\\/partnerschaft-logcoop-featured-fr.gif\",\"articleSection\":[\"Info 2019\"],\"inLanguage\":\"fr-FR\"},{\"@type\":\"WebPage\",\"@id\":\"https:\\\/\\\/www.divis.eu\\\/fr\\\/divis-entame-une-cooperation-avec-lentreprise-logcoop-gmbh\\\/\",\"url\":\"https:\\\/\\\/www.divis.eu\\\/fr\\\/divis-entame-une-cooperation-avec-lentreprise-logcoop-gmbh\\\/\",\"name\":\"DIVIS entame une coop\u00e9ration avec l\u2019entreprise LogCoop GmbH\",\"isPartOf\":{\"@id\":\"https:\\\/\\\/www.divis.eu\\\/#website\"},\"primaryImageOfPage\":{\"@id\":\"https:\\\/\\\/www.divis.eu\\\/fr\\\/divis-entame-une-cooperation-avec-lentreprise-logcoop-gmbh\\\/#primaryimage\"},\"image\":{\"@id\":\"https:\\\/\\\/www.divis.eu\\\/fr\\\/divis-entame-une-cooperation-avec-lentreprise-logcoop-gmbh\\\/#primaryimage\"},\"thumbnailUrl\":\"https:\\\/\\\/www.divis.eu\\\/wp-content\\\/uploads\\\/2019\\\/02\\\/partnerschaft-logcoop-featured-fr.gif\",\"datePublished\":\"2019-02-26T01:14:20+00:00\",\"dateModified\":\"2021-02-17T23:20:46+00:00\",\"author\":{\"@id\":\"https:\\\/\\\/www.divis.eu\\\/#\\\/schema\\\/person\\\/ff9a586418dbfba193bd9e8d1f363d76\"},\"description\":\"DIVIS s'associe \u00e0 LogCoop GmbH, le r\u00e9seau logistique des moyennes entreprises, pour ouvrir nos solutions \u00e0 ces entreprises.\",\"breadcrumb\":{\"@id\":\"https:\\\/\\\/www.divis.eu\\\/fr\\\/divis-entame-une-cooperation-avec-lentreprise-logcoop-gmbh\\\/#breadcrumb\"},\"inLanguage\":\"fr-FR\",\"potentialAction\":[{\"@type\":\"ReadAction\",\"target\":[\"https:\\\/\\\/www.divis.eu\\\/fr\\\/divis-entame-une-cooperation-avec-lentreprise-logcoop-gmbh\\\/\"]}]},{\"@type\":\"ImageObject\",\"inLanguage\":\"fr-FR\",\"@id\":\"https:\\\/\\\/www.divis.eu\\\/fr\\\/divis-entame-une-cooperation-avec-lentreprise-logcoop-gmbh\\\/#primaryimage\",\"url\":\"https:\\\/\\\/www.divis.eu\\\/wp-content\\\/uploads\\\/2019\\\/02\\\/partnerschaft-logcoop-featured-fr.gif\",\"contentUrl\":\"https:\\\/\\\/www.divis.eu\\\/wp-content\\\/uploads\\\/2019\\\/02\\\/partnerschaft-logcoop-featured-fr.gif\",\"width\":725,\"height\":400,\"caption\":\"Partenariat avec LogCoop | DIVIS\"},{\"@type\":\"BreadcrumbList\",\"@id\":\"https:\\\/\\\/www.divis.eu\\\/fr\\\/divis-entame-une-cooperation-avec-lentreprise-logcoop-gmbh\\\/#breadcrumb\",\"itemListElement\":[{\"@type\":\"ListItem\",\"position\":1,\"name\":\"Startseite\",\"item\":\"https:\\\/\\\/www.divis.eu\\\/fr\\\/\"},{\"@type\":\"ListItem\",\"position\":2,\"name\":\"DIVIS entame une coop\u00e9ration avec l\u2019entreprise LogCoop GmbH\"}]},{\"@type\":\"WebSite\",\"@id\":\"https:\\\/\\\/www.divis.eu\\\/#website\",\"url\":\"https:\\\/\\\/www.divis.eu\\\/\",\"name\":\"DIVIS - The intelligent view\",\"description\":\"Videosysteml\u00f6sungen f\u00fcr Umschlags- und Warenlager\",\"potentialAction\":[{\"@type\":\"SearchAction\",\"target\":{\"@type\":\"EntryPoint\",\"urlTemplate\":\"https:\\\/\\\/www.divis.eu\\\/?s={search_term_string}\"},\"query-input\":{\"@type\":\"PropertyValueSpecification\",\"valueRequired\":true,\"valueName\":\"search_term_string\"}}],\"inLanguage\":\"fr-FR\"},{\"@type\":\"Person\",\"@id\":\"https:\\\/\\\/www.divis.eu\\\/#\\\/schema\\\/person\\\/ff9a586418dbfba193bd9e8d1f363d76\",\"name\":\"DIVIS News\"}]}<\/script>\n<!-- \/ Yoast SEO plugin. -->","yoast_head_json":{"title":"DIVIS entame une coop\u00e9ration avec l\u2019entreprise LogCoop GmbH","description":"DIVIS s'associe \u00e0 LogCoop GmbH, le r\u00e9seau logistique des moyennes entreprises, pour ouvrir nos solutions \u00e0 ces entreprises.","robots":{"index":"index","follow":"follow","max-snippet":"max-snippet:-1","max-image-preview":"max-image-preview:large","max-video-preview":"max-video-preview:-1"},"canonical":"https:\/\/www.divis.eu\/fr\/divis-entame-une-cooperation-avec-lentreprise-logcoop-gmbh\/","og_locale":"fr_FR","og_type":"article","og_title":"DIVIS entame une coop\u00e9ration avec l\u2019entreprise LogCoop GmbH","og_description":"DIVIS s'associe \u00e0 LogCoop GmbH, le r\u00e9seau logistique des moyennes entreprises, pour ouvrir nos solutions \u00e0 ces entreprises.","og_url":"https:\/\/www.divis.eu\/fr\/divis-entame-une-cooperation-avec-lentreprise-logcoop-gmbh\/","og_site_name":"DIVIS - The intelligent view","article_published_time":"2019-02-26T01:14:20+00:00","article_modified_time":"2021-02-17T23:20:46+00:00","og_image":[{"width":725,"height":400,"url":"https:\/\/www.divis.eu\/wp-content\/uploads\/2019\/02\/partnerschaft-logcoop-featured-fr.gif","type":"image\/gif"}],"author":"DIVIS News","twitter_card":"summary_large_image","twitter_misc":{"\u00c9crit par":"DIVIS News","Dur\u00e9e de lecture estim\u00e9e":"3 minutes"},"schema":{"@context":"https:\/\/schema.org","@graph":[{"@type":"Article","@id":"https:\/\/www.divis.eu\/fr\/divis-entame-une-cooperation-avec-lentreprise-logcoop-gmbh\/#article","isPartOf":{"@id":"https:\/\/www.divis.eu\/fr\/divis-entame-une-cooperation-avec-lentreprise-logcoop-gmbh\/"},"author":{"name":"DIVIS News","@id":"https:\/\/www.divis.eu\/#\/schema\/person\/ff9a586418dbfba193bd9e8d1f363d76"},"headline":"DIVIS entame une coop\u00e9ration avec l\u2019entreprise LogCoop GmbH","datePublished":"2019-02-26T01:14:20+00:00","dateModified":"2021-02-17T23:20:46+00:00","mainEntityOfPage":{"@id":"https:\/\/www.divis.eu\/fr\/divis-entame-une-cooperation-avec-lentreprise-logcoop-gmbh\/"},"wordCount":589,"image":{"@id":"https:\/\/www.divis.eu\/fr\/divis-entame-une-cooperation-avec-lentreprise-logcoop-gmbh\/#primaryimage"},"thumbnailUrl":"https:\/\/www.divis.eu\/wp-content\/uploads\/2019\/02\/partnerschaft-logcoop-featured-fr.gif","articleSection":["Info 2019"],"inLanguage":"fr-FR"},{"@type":"WebPage","@id":"https:\/\/www.divis.eu\/fr\/divis-entame-une-cooperation-avec-lentreprise-logcoop-gmbh\/","url":"https:\/\/www.divis.eu\/fr\/divis-entame-une-cooperation-avec-lentreprise-logcoop-gmbh\/","name":"DIVIS entame une coop\u00e9ration avec l\u2019entreprise LogCoop GmbH","isPartOf":{"@id":"https:\/\/www.divis.eu\/#website"},"primaryImageOfPage":{"@id":"https:\/\/www.divis.eu\/fr\/divis-entame-une-cooperation-avec-lentreprise-logcoop-gmbh\/#primaryimage"},"image":{"@id":"https:\/\/www.divis.eu\/fr\/divis-entame-une-cooperation-avec-lentreprise-logcoop-gmbh\/#primaryimage"},"thumbnailUrl":"https:\/\/www.divis.eu\/wp-content\/uploads\/2019\/02\/partnerschaft-logcoop-featured-fr.gif","datePublished":"2019-02-26T01:14:20+00:00","dateModified":"2021-02-17T23:20:46+00:00","author":{"@id":"https:\/\/www.divis.eu\/#\/schema\/person\/ff9a586418dbfba193bd9e8d1f363d76"},"description":"DIVIS s'associe \u00e0 LogCoop GmbH, le r\u00e9seau logistique des moyennes entreprises, pour ouvrir nos solutions \u00e0 ces entreprises.","breadcrumb":{"@id":"https:\/\/www.divis.eu\/fr\/divis-entame-une-cooperation-avec-lentreprise-logcoop-gmbh\/#breadcrumb"},"inLanguage":"fr-FR","potentialAction":[{"@type":"ReadAction","target":["https:\/\/www.divis.eu\/fr\/divis-entame-une-cooperation-avec-lentreprise-logcoop-gmbh\/"]}]},{"@type":"ImageObject","inLanguage":"fr-FR","@id":"https:\/\/www.divis.eu\/fr\/divis-entame-une-cooperation-avec-lentreprise-logcoop-gmbh\/#primaryimage","url":"https:\/\/www.divis.eu\/wp-content\/uploads\/2019\/02\/partnerschaft-logcoop-featured-fr.gif","contentUrl":"https:\/\/www.divis.eu\/wp-content\/uploads\/2019\/02\/partnerschaft-logcoop-featured-fr.gif","width":725,"height":400,"caption":"Partenariat avec LogCoop | DIVIS"},{"@type":"BreadcrumbList","@id":"https:\/\/www.divis.eu\/fr\/divis-entame-une-cooperation-avec-lentreprise-logcoop-gmbh\/#breadcrumb","itemListElement":[{"@type":"ListItem","position":1,"name":"Startseite","item":"https:\/\/www.divis.eu\/fr\/"},{"@type":"ListItem","position":2,"name":"DIVIS entame une coop\u00e9ration avec l\u2019entreprise LogCoop GmbH"}]},{"@type":"WebSite","@id":"https:\/\/www.divis.eu\/#website","url":"https:\/\/www.divis.eu\/","name":"DIVIS - The intelligent view","description":"Videosysteml\u00f6sungen f\u00fcr Umschlags- und Warenlager","potentialAction":[{"@type":"SearchAction","target":{"@type":"EntryPoint","urlTemplate":"https:\/\/www.divis.eu\/?s={search_term_string}"},"query-input":{"@type":"PropertyValueSpecification","valueRequired":true,"valueName":"search_term_string"}}],"inLanguage":"fr-FR"},{"@type":"Person","@id":"https:\/\/www.divis.eu\/#\/schema\/person\/ff9a586418dbfba193bd9e8d1f363d76","name":"DIVIS News"}]}},"_links":{"self":[{"href":"https:\/\/www.divis.eu\/fr\/wp-json\/wp\/v2\/posts\/14197","targetHints":{"allow":["GET"]}}],"collection":[{"href":"https:\/\/www.divis.eu\/fr\/wp-json\/wp\/v2\/posts"}],"about":[{"href":"https:\/\/www.divis.eu\/fr\/wp-json\/wp\/v2\/types\/post"}],"author":[{"embeddable":true,"href":"https:\/\/www.divis.eu\/fr\/wp-json\/wp\/v2\/users\/1"}],"replies":[{"embeddable":true,"href":"https:\/\/www.divis.eu\/fr\/wp-json\/wp\/v2\/comments?post=14197"}],"version-history":[{"count":0,"href":"https:\/\/www.divis.eu\/fr\/wp-json\/wp\/v2\/posts\/14197\/revisions"}],"wp:featuredmedia":[{"embeddable":true,"href":"https:\/\/www.divis.eu\/fr\/wp-json\/wp\/v2\/media\/14266"}],"wp:attachment":[{"href":"https:\/\/www.divis.eu\/fr\/wp-json\/wp\/v2\/media?parent=14197"}],"wp:term":[{"taxonomy":"category","embeddable":true,"href":"https:\/\/www.divis.eu\/fr\/wp-json\/wp\/v2\/categories?post=14197"},{"taxonomy":"post_tag","embeddable":true,"href":"https:\/\/www.divis.eu\/fr\/wp-json\/wp\/v2\/tags?post=14197"}],"curies":[{"name":"wp","href":"https:\/\/api.w.org\/{rel}","templated":true}]}}