{"id":15374,"date":"2019-05-01T06:05:59","date_gmt":"2019-05-01T06:05:59","guid":{"rendered":"https:\/\/www.divis.eu\/foerderprogramm-de-minimis-haben-sie-schon-profitieren-koennen\/"},"modified":"2019-08-07T16:31:29","modified_gmt":"2019-08-07T16:31:29","slug":"programme-de-financement-regle-des-minimis-avez-vous-pu-deja-en-beneficier","status":"publish","type":"post","link":"https:\/\/www.divis.eu\/fr\/programme-de-financement-regle-des-minimis-avez-vous-pu-deja-en-beneficier\/","title":{"rendered":"Programme de financement r\u00e8gle des minimis &#8211; Avez-vous pu d\u00e9j\u00e0 en b\u00e9n\u00e9ficier ?"},"content":{"rendered":"<h1>\n\t\tFINANCES\n\t<\/h1>\n<h1>\n\t\tProgramme de financement \u00ab r\u00e8gle des minimis \u00bb \u2013 Avez-vous pu d\u00e9j\u00e0 en b\u00e9n\u00e9ficier ?\n\t<\/h1>\n\t\t\t\t<img decoding=\"async\" src=\"https:\/\/www.divis.eu\/wp-content\/uploads\/2019\/06\/de-minimis-web-fr.gif\" alt=\"de-minimis-web-fr\" itemprop=\"image\"  \/>\n<h2>\n\t\tBordesholm, le 1er juin 2019\n\t<\/h2>\n\t<p><strong>Depuis le 7 janvier 2019, la date limite de d\u00e9p\u00f4t des candidatures pour la p\u00e9riode de financement 2019 dans le programme de financement \u00ab r\u00e8gle des minimis \u00bb est en vigueur. Elle expire le 30 septembre 2019. Les entreprises qui souhaitent d\u00e9poser une demande disposeront donc d&rsquo;un peu moins de quatre mois cette ann\u00e9e pour le faire. <\/strong><\/p>\nLa \u00ab r\u00e8gle des minimis \u00bb est un programme de soutien aux entreprises de transport routier de marchandises par poids lourds qui mettent en \u0153uvre les mesures sp\u00e9cifi\u00e9es dans <a href=\"https:\/\/www.bag.bund.de\/SharedDocs\/Downloads\/DE\/Foerderprogramme\/2019\/DM\/DM_09_Anlage_zu_Nummer_2_Massnahmenkatalog.pdf?__blob=publicationFile\">le catalogue-cadre afin de promouvoir la s\u00e9curit\u00e9 et l&rsquo;environnement.<\/a><br \/>\nPour pouvoir b\u00e9n\u00e9ficier de la subvention, les entreprises doivent exploiter des services de transport de marchandises par route au sens de l&rsquo;article 1er de la loi allemande sur le transport de marchandises par route (G\u00fcKG) au moment de la demande et \u00eatre propri\u00e9taires ou d\u00e9tenteurs d&rsquo;au moins un v\u00e9hicule utilitaire lourd immatricul\u00e9 en R\u00e9publique f\u00e9d\u00e9rale d&rsquo;Allemagne pour une utilisation sur la voie publique soumise au p\u00e9age. Les poids lourds au sens de la directive \u00ab r\u00e8gle des minimis \u00bb sont des v\u00e9hicules \u00e0 moteur destin\u00e9 exclusivement au transport de marchandises par route et dont le poids en charge maximal autoris\u00e9 est d&rsquo;au moins 7,5 tonnes.<br \/>\nSi vous souhaitez demander une aide, vous trouverez de plus amples informations sur les mesures \u00e9ligibles dans <a href=\"https:\/\/www.bag.bund.de\/SharedDocs\/Downloads\/DE\/Foerderprogramme\/2019\/DM\/DM_08_Positivliste.pdf?__blob=publicationFile\">la liste positive de l&rsquo;Office f\u00e9d\u00e9ral des transports de marchandise (OFT).<\/a><br \/>\nLes mesures \u00e9ligibles comprennent, par exemple, l&rsquo;utilisation d\u2019\u00ab installations vid\u00e9o pour la surveillance d&rsquo;un site \u00bb.<br \/>\nVous \u00eates client DIVIS et pr\u00e9voyez d&rsquo;\u00e9quiper votre terrain ext\u00e9rieur d&rsquo;une surveillance en 2019 ou d&rsquo;utiliser notre fonction Plus<sup>+<\/sup> Motion Alarm<sup>+<\/sup> avec des cam\u00e9ras thermiques ?<br \/>\nVous pourriez alors obtenir un financement au titre de la r\u00e9gl\u00e9 des minimis. Une subvention annuelle pouvant atteindre 33 000 euros par entreprise est possible.\n\t\t\t<h3>IMPORTANT<\/h3>\t\t\t\n\t\t\t\t<p>Toutefois, la condition est que les mesures de promotion de la s\u00e9curit\u00e9 et de l&rsquo;environnement ne puissent \u00eatre lanc\u00e9es qu&rsquo;apr\u00e8s r\u00e9ception de la demande par l&rsquo;Office f\u00e9d\u00e9ral. Les mesures qui ont \u00e9t\u00e9 prises avant l&rsquo;introduction de la demande ne peuvent \u00eatre prises en consid\u00e9ration !<\/p>\n\t<p>Si vous \u00eates int\u00e9ress\u00e9, veuillez contacter directement notre service commercial pour discuter des d\u00e9tails de nos produits et du moment appropri\u00e9 pour leur mise en \u0153uvre.<\/p>\n<p>Il n&rsquo;existe aucun droit l\u00e9gal \u00e0 une subvention. L&rsquo;Office f\u00e9d\u00e9ral prend ses d\u00e9cisions sur la base d&rsquo;un pouvoir discr\u00e9tionnaire et dans le cadre des fonds disponibles.<\/p>\n\t\t\t<h3>Plus d&rsquo;informations sur les proc\u00e9dures de candidature (t\u00e9l\u00e9chargements et liens)<\/h3>\t\t\t\n\t\t\t\t<p><a href=\"https:\/\/www.bag.bund.de\/DE\/Navigation\/Foerderprogramme\/Meldungen\/Antragsunterlagen_DM_2019.html?nn=45894\" target=\"_blank\" rel=\"noopener noreferrer\">Le programme et les proc\u00e9dures de candidature<\/a><\/p>\n<p><a href=\"https:\/\/www.bag.bund.de\/SharedDocs\/Downloads\/DE\/Foerderprogramme\/2019\/DM\/DM_09_Anlage_zu_Nummer_2_Massnahmenkatalog.pdf?__blob=publicationFile\" target=\"_blank\" rel=\"noopener noreferrer\">Catalogue de mesures<\/a><\/p>\n<p><a href=\"https:\/\/www.bag.bund.de\/SharedDocs\/Downloads\/DE\/Foerderprogramme\/2019\/DM\/DM_08_Positivliste.pdf?__blob=publicationFile\" target=\"_blank\" rel=\"noopener noreferrer\">Liste positive des mesures susceptibles d\u2019\u00eatre subventionn\u00e9es<\/a><\/p>\n","protected":false},"excerpt":{"rendered":"<p>Depuis le 7 janvier 2019, la date limite de d\u00e9p\u00f4t des candidatures pour la p\u00e9riode de financement 2019 dans le programme de financement \u00ab r\u00e8gle des minimis \u00bb est en vigueur. Pour en savoir plus sur le financement, les conditions et la proc\u00e9dure de demandes, cliquez ici.<\/p>\n","protected":false},"author":1,"featured_media":15361,"comment_status":"closed","ping_status":"closed","sticky":false,"template":"tpl-full-width.php","format":"standard","meta":{"footnotes":""},"categories":[102],"tags":[],"class_list":["post-15374","post","type-post","status-publish","format-standard","has-post-thumbnail","hentry","category-2019-fr"],"yoast_head":"<!-- This site is optimized with the Yoast SEO plugin v27.4 - https:\/\/yoast.com\/product\/yoast-seo-wordpress\/ -->\n<title>Programme de financement r\u00e8gle des minimis<\/title>\n<meta name=\"description\" content=\"Depuis le 7 janvier 2019, la date limite de d\u00e9p\u00f4t des candidatures pour la p\u00e9riode de financement 2019 dans le programme de financement \u00ab r\u00e8gle des minimis \u00bb est en vigueur.\" \/>\n<meta name=\"robots\" content=\"index, follow, max-snippet:-1, max-image-preview:large, max-video-preview:-1\" \/>\n<link rel=\"canonical\" href=\"https:\/\/www.divis.eu\/fr\/programme-de-financement-regle-des-minimis-avez-vous-pu-deja-en-beneficier\/\" \/>\n<meta property=\"og:locale\" content=\"fr_FR\" \/>\n<meta property=\"og:type\" content=\"article\" \/>\n<meta property=\"og:title\" content=\"Programme de financement r\u00e8gle des minimis\" \/>\n<meta property=\"og:description\" content=\"Depuis le 7 janvier 2019, la date limite de d\u00e9p\u00f4t des candidatures pour la p\u00e9riode de financement 2019 dans le programme de financement \u00ab r\u00e8gle des minimis \u00bb est en vigueur.\" \/>\n<meta property=\"og:url\" content=\"https:\/\/www.divis.eu\/fr\/programme-de-financement-regle-des-minimis-avez-vous-pu-deja-en-beneficier\/\" \/>\n<meta property=\"og:site_name\" content=\"DIVIS - The intelligent view\" \/>\n<meta property=\"article:published_time\" content=\"2019-05-01T06:05:59+00:00\" \/>\n<meta property=\"article:modified_time\" content=\"2019-08-07T16:31:29+00:00\" \/>\n<meta property=\"og:image\" content=\"https:\/\/www.divis.eu\/wp-content\/uploads\/2019\/06\/de-minimis-web-featured-fr.gif\" \/>\n\t<meta property=\"og:image:width\" content=\"725\" \/>\n\t<meta property=\"og:image:height\" content=\"400\" \/>\n\t<meta property=\"og:image:type\" content=\"image\/gif\" \/>\n<meta name=\"author\" content=\"DIVIS News\" \/>\n<meta name=\"twitter:card\" content=\"summary_large_image\" \/>\n<meta name=\"twitter:label1\" content=\"\u00c9crit par\" \/>\n\t<meta name=\"twitter:data1\" content=\"DIVIS News\" \/>\n\t<meta name=\"twitter:label2\" content=\"Dur\u00e9e de lecture estim\u00e9e\" \/>\n\t<meta name=\"twitter:data2\" content=\"2 minutes\" \/>\n<script type=\"application\/ld+json\" class=\"yoast-schema-graph\">{\"@context\":\"https:\\\/\\\/schema.org\",\"@graph\":[{\"@type\":\"Article\",\"@id\":\"https:\\\/\\\/www.divis.eu\\\/fr\\\/programme-de-financement-regle-des-minimis-avez-vous-pu-deja-en-beneficier\\\/#article\",\"isPartOf\":{\"@id\":\"https:\\\/\\\/www.divis.eu\\\/fr\\\/programme-de-financement-regle-des-minimis-avez-vous-pu-deja-en-beneficier\\\/\"},\"author\":{\"name\":\"DIVIS News\",\"@id\":\"https:\\\/\\\/www.divis.eu\\\/#\\\/schema\\\/person\\\/ff9a586418dbfba193bd9e8d1f363d76\"},\"headline\":\"Programme de financement r\u00e8gle des minimis &#8211; Avez-vous pu d\u00e9j\u00e0 en b\u00e9n\u00e9ficier ?\",\"datePublished\":\"2019-05-01T06:05:59+00:00\",\"dateModified\":\"2019-08-07T16:31:29+00:00\",\"mainEntityOfPage\":{\"@id\":\"https:\\\/\\\/www.divis.eu\\\/fr\\\/programme-de-financement-regle-des-minimis-avez-vous-pu-deja-en-beneficier\\\/\"},\"wordCount\":505,\"image\":{\"@id\":\"https:\\\/\\\/www.divis.eu\\\/fr\\\/programme-de-financement-regle-des-minimis-avez-vous-pu-deja-en-beneficier\\\/#primaryimage\"},\"thumbnailUrl\":\"https:\\\/\\\/www.divis.eu\\\/wp-content\\\/uploads\\\/2019\\\/06\\\/de-minimis-web-featured-fr.gif\",\"articleSection\":[\"2019\"],\"inLanguage\":\"fr-FR\"},{\"@type\":\"WebPage\",\"@id\":\"https:\\\/\\\/www.divis.eu\\\/fr\\\/programme-de-financement-regle-des-minimis-avez-vous-pu-deja-en-beneficier\\\/\",\"url\":\"https:\\\/\\\/www.divis.eu\\\/fr\\\/programme-de-financement-regle-des-minimis-avez-vous-pu-deja-en-beneficier\\\/\",\"name\":\"Programme de financement r\u00e8gle des minimis\",\"isPartOf\":{\"@id\":\"https:\\\/\\\/www.divis.eu\\\/#website\"},\"primaryImageOfPage\":{\"@id\":\"https:\\\/\\\/www.divis.eu\\\/fr\\\/programme-de-financement-regle-des-minimis-avez-vous-pu-deja-en-beneficier\\\/#primaryimage\"},\"image\":{\"@id\":\"https:\\\/\\\/www.divis.eu\\\/fr\\\/programme-de-financement-regle-des-minimis-avez-vous-pu-deja-en-beneficier\\\/#primaryimage\"},\"thumbnailUrl\":\"https:\\\/\\\/www.divis.eu\\\/wp-content\\\/uploads\\\/2019\\\/06\\\/de-minimis-web-featured-fr.gif\",\"datePublished\":\"2019-05-01T06:05:59+00:00\",\"dateModified\":\"2019-08-07T16:31:29+00:00\",\"author\":{\"@id\":\"https:\\\/\\\/www.divis.eu\\\/#\\\/schema\\\/person\\\/ff9a586418dbfba193bd9e8d1f363d76\"},\"description\":\"Depuis le 7 janvier 2019, la date limite de d\u00e9p\u00f4t des candidatures pour la p\u00e9riode de financement 2019 dans le programme de financement \u00ab r\u00e8gle des minimis \u00bb est en vigueur.\",\"breadcrumb\":{\"@id\":\"https:\\\/\\\/www.divis.eu\\\/fr\\\/programme-de-financement-regle-des-minimis-avez-vous-pu-deja-en-beneficier\\\/#breadcrumb\"},\"inLanguage\":\"fr-FR\",\"potentialAction\":[{\"@type\":\"ReadAction\",\"target\":[\"https:\\\/\\\/www.divis.eu\\\/fr\\\/programme-de-financement-regle-des-minimis-avez-vous-pu-deja-en-beneficier\\\/\"]}]},{\"@type\":\"ImageObject\",\"inLanguage\":\"fr-FR\",\"@id\":\"https:\\\/\\\/www.divis.eu\\\/fr\\\/programme-de-financement-regle-des-minimis-avez-vous-pu-deja-en-beneficier\\\/#primaryimage\",\"url\":\"https:\\\/\\\/www.divis.eu\\\/wp-content\\\/uploads\\\/2019\\\/06\\\/de-minimis-web-featured-fr.gif\",\"contentUrl\":\"https:\\\/\\\/www.divis.eu\\\/wp-content\\\/uploads\\\/2019\\\/06\\\/de-minimis-web-featured-fr.gif\",\"width\":725,\"height\":400,\"caption\":\"Videomanagement-Software Logistik DIVIS\"},{\"@type\":\"BreadcrumbList\",\"@id\":\"https:\\\/\\\/www.divis.eu\\\/fr\\\/programme-de-financement-regle-des-minimis-avez-vous-pu-deja-en-beneficier\\\/#breadcrumb\",\"itemListElement\":[{\"@type\":\"ListItem\",\"position\":1,\"name\":\"Startseite\",\"item\":\"https:\\\/\\\/www.divis.eu\\\/fr\\\/\"},{\"@type\":\"ListItem\",\"position\":2,\"name\":\"Programme de financement r\u00e8gle des minimis &#8211; Avez-vous pu d\u00e9j\u00e0 en b\u00e9n\u00e9ficier ?\"}]},{\"@type\":\"WebSite\",\"@id\":\"https:\\\/\\\/www.divis.eu\\\/#website\",\"url\":\"https:\\\/\\\/www.divis.eu\\\/\",\"name\":\"DIVIS - The intelligent view\",\"description\":\"Videosysteml\u00f6sungen f\u00fcr Umschlags- und Warenlager\",\"potentialAction\":[{\"@type\":\"SearchAction\",\"target\":{\"@type\":\"EntryPoint\",\"urlTemplate\":\"https:\\\/\\\/www.divis.eu\\\/?s={search_term_string}\"},\"query-input\":{\"@type\":\"PropertyValueSpecification\",\"valueRequired\":true,\"valueName\":\"search_term_string\"}}],\"inLanguage\":\"fr-FR\"},{\"@type\":\"Person\",\"@id\":\"https:\\\/\\\/www.divis.eu\\\/#\\\/schema\\\/person\\\/ff9a586418dbfba193bd9e8d1f363d76\",\"name\":\"DIVIS News\"}]}<\/script>\n<!-- \/ Yoast SEO plugin. -->","yoast_head_json":{"title":"Programme de financement r\u00e8gle des minimis","description":"Depuis le 7 janvier 2019, la date limite de d\u00e9p\u00f4t des candidatures pour la p\u00e9riode de financement 2019 dans le programme de financement \u00ab r\u00e8gle des minimis \u00bb est en vigueur.","robots":{"index":"index","follow":"follow","max-snippet":"max-snippet:-1","max-image-preview":"max-image-preview:large","max-video-preview":"max-video-preview:-1"},"canonical":"https:\/\/www.divis.eu\/fr\/programme-de-financement-regle-des-minimis-avez-vous-pu-deja-en-beneficier\/","og_locale":"fr_FR","og_type":"article","og_title":"Programme de financement r\u00e8gle des minimis","og_description":"Depuis le 7 janvier 2019, la date limite de d\u00e9p\u00f4t des candidatures pour la p\u00e9riode de financement 2019 dans le programme de financement \u00ab r\u00e8gle des minimis \u00bb est en vigueur.","og_url":"https:\/\/www.divis.eu\/fr\/programme-de-financement-regle-des-minimis-avez-vous-pu-deja-en-beneficier\/","og_site_name":"DIVIS - The intelligent view","article_published_time":"2019-05-01T06:05:59+00:00","article_modified_time":"2019-08-07T16:31:29+00:00","og_image":[{"width":725,"height":400,"url":"https:\/\/www.divis.eu\/wp-content\/uploads\/2019\/06\/de-minimis-web-featured-fr.gif","type":"image\/gif"}],"author":"DIVIS News","twitter_card":"summary_large_image","twitter_misc":{"\u00c9crit par":"DIVIS News","Dur\u00e9e de lecture estim\u00e9e":"2 minutes"},"schema":{"@context":"https:\/\/schema.org","@graph":[{"@type":"Article","@id":"https:\/\/www.divis.eu\/fr\/programme-de-financement-regle-des-minimis-avez-vous-pu-deja-en-beneficier\/#article","isPartOf":{"@id":"https:\/\/www.divis.eu\/fr\/programme-de-financement-regle-des-minimis-avez-vous-pu-deja-en-beneficier\/"},"author":{"name":"DIVIS News","@id":"https:\/\/www.divis.eu\/#\/schema\/person\/ff9a586418dbfba193bd9e8d1f363d76"},"headline":"Programme de financement r\u00e8gle des minimis &#8211; Avez-vous pu d\u00e9j\u00e0 en b\u00e9n\u00e9ficier ?","datePublished":"2019-05-01T06:05:59+00:00","dateModified":"2019-08-07T16:31:29+00:00","mainEntityOfPage":{"@id":"https:\/\/www.divis.eu\/fr\/programme-de-financement-regle-des-minimis-avez-vous-pu-deja-en-beneficier\/"},"wordCount":505,"image":{"@id":"https:\/\/www.divis.eu\/fr\/programme-de-financement-regle-des-minimis-avez-vous-pu-deja-en-beneficier\/#primaryimage"},"thumbnailUrl":"https:\/\/www.divis.eu\/wp-content\/uploads\/2019\/06\/de-minimis-web-featured-fr.gif","articleSection":["2019"],"inLanguage":"fr-FR"},{"@type":"WebPage","@id":"https:\/\/www.divis.eu\/fr\/programme-de-financement-regle-des-minimis-avez-vous-pu-deja-en-beneficier\/","url":"https:\/\/www.divis.eu\/fr\/programme-de-financement-regle-des-minimis-avez-vous-pu-deja-en-beneficier\/","name":"Programme de financement r\u00e8gle des minimis","isPartOf":{"@id":"https:\/\/www.divis.eu\/#website"},"primaryImageOfPage":{"@id":"https:\/\/www.divis.eu\/fr\/programme-de-financement-regle-des-minimis-avez-vous-pu-deja-en-beneficier\/#primaryimage"},"image":{"@id":"https:\/\/www.divis.eu\/fr\/programme-de-financement-regle-des-minimis-avez-vous-pu-deja-en-beneficier\/#primaryimage"},"thumbnailUrl":"https:\/\/www.divis.eu\/wp-content\/uploads\/2019\/06\/de-minimis-web-featured-fr.gif","datePublished":"2019-05-01T06:05:59+00:00","dateModified":"2019-08-07T16:31:29+00:00","author":{"@id":"https:\/\/www.divis.eu\/#\/schema\/person\/ff9a586418dbfba193bd9e8d1f363d76"},"description":"Depuis le 7 janvier 2019, la date limite de d\u00e9p\u00f4t des candidatures pour la p\u00e9riode de financement 2019 dans le programme de financement \u00ab r\u00e8gle des minimis \u00bb est en vigueur.","breadcrumb":{"@id":"https:\/\/www.divis.eu\/fr\/programme-de-financement-regle-des-minimis-avez-vous-pu-deja-en-beneficier\/#breadcrumb"},"inLanguage":"fr-FR","potentialAction":[{"@type":"ReadAction","target":["https:\/\/www.divis.eu\/fr\/programme-de-financement-regle-des-minimis-avez-vous-pu-deja-en-beneficier\/"]}]},{"@type":"ImageObject","inLanguage":"fr-FR","@id":"https:\/\/www.divis.eu\/fr\/programme-de-financement-regle-des-minimis-avez-vous-pu-deja-en-beneficier\/#primaryimage","url":"https:\/\/www.divis.eu\/wp-content\/uploads\/2019\/06\/de-minimis-web-featured-fr.gif","contentUrl":"https:\/\/www.divis.eu\/wp-content\/uploads\/2019\/06\/de-minimis-web-featured-fr.gif","width":725,"height":400,"caption":"Videomanagement-Software Logistik DIVIS"},{"@type":"BreadcrumbList","@id":"https:\/\/www.divis.eu\/fr\/programme-de-financement-regle-des-minimis-avez-vous-pu-deja-en-beneficier\/#breadcrumb","itemListElement":[{"@type":"ListItem","position":1,"name":"Startseite","item":"https:\/\/www.divis.eu\/fr\/"},{"@type":"ListItem","position":2,"name":"Programme de financement r\u00e8gle des minimis &#8211; Avez-vous pu d\u00e9j\u00e0 en b\u00e9n\u00e9ficier ?"}]},{"@type":"WebSite","@id":"https:\/\/www.divis.eu\/#website","url":"https:\/\/www.divis.eu\/","name":"DIVIS - The intelligent view","description":"Videosysteml\u00f6sungen f\u00fcr Umschlags- und Warenlager","potentialAction":[{"@type":"SearchAction","target":{"@type":"EntryPoint","urlTemplate":"https:\/\/www.divis.eu\/?s={search_term_string}"},"query-input":{"@type":"PropertyValueSpecification","valueRequired":true,"valueName":"search_term_string"}}],"inLanguage":"fr-FR"},{"@type":"Person","@id":"https:\/\/www.divis.eu\/#\/schema\/person\/ff9a586418dbfba193bd9e8d1f363d76","name":"DIVIS News"}]}},"_links":{"self":[{"href":"https:\/\/www.divis.eu\/fr\/wp-json\/wp\/v2\/posts\/15374","targetHints":{"allow":["GET"]}}],"collection":[{"href":"https:\/\/www.divis.eu\/fr\/wp-json\/wp\/v2\/posts"}],"about":[{"href":"https:\/\/www.divis.eu\/fr\/wp-json\/wp\/v2\/types\/post"}],"author":[{"embeddable":true,"href":"https:\/\/www.divis.eu\/fr\/wp-json\/wp\/v2\/users\/1"}],"replies":[{"embeddable":true,"href":"https:\/\/www.divis.eu\/fr\/wp-json\/wp\/v2\/comments?post=15374"}],"version-history":[{"count":0,"href":"https:\/\/www.divis.eu\/fr\/wp-json\/wp\/v2\/posts\/15374\/revisions"}],"wp:featuredmedia":[{"embeddable":true,"href":"https:\/\/www.divis.eu\/fr\/wp-json\/wp\/v2\/media\/15361"}],"wp:attachment":[{"href":"https:\/\/www.divis.eu\/fr\/wp-json\/wp\/v2\/media?parent=15374"}],"wp:term":[{"taxonomy":"category","embeddable":true,"href":"https:\/\/www.divis.eu\/fr\/wp-json\/wp\/v2\/categories?post=15374"},{"taxonomy":"post_tag","embeddable":true,"href":"https:\/\/www.divis.eu\/fr\/wp-json\/wp\/v2\/tags?post=15374"}],"curies":[{"name":"wp","href":"https:\/\/api.w.org\/{rel}","templated":true}]}}