{"id":15725,"date":"2019-06-28T05:24:53","date_gmt":"2019-06-28T05:24:53","guid":{"rendered":"https:\/\/www.divis.eu\/review-divis-at-the-transport-logistic-2019-tip-of-the-month-and-employee-presentation\/"},"modified":"2023-05-30T23:42:21","modified_gmt":"2023-05-30T23:42:21","slug":"retrospective-divis-au-salon-transport-logistic-2019-conseil-du-mois-et-presentation-des-employes","status":"publish","type":"post","link":"https:\/\/www.divis.eu\/fr\/retrospective-divis-au-salon-transport-logistic-2019-conseil-du-mois-et-presentation-des-employes\/","title":{"rendered":"R\u00e9trospective : DIVIS au salon transport logistic 2019, conseil du mois et pr\u00e9sentation des employ\u00e9s"},"content":{"rendered":"\n<h1>\n\t\tR\u00e9trospective : DIVIS au salon transport logistic 2019, conseil du mois et pr\u00e9sentation des employ\u00e9s\n\t<\/h1>\n<h2>\n\t\tBordesholm, le 28 juin 2019\n\t<\/h2>\n\t\t\t\t<img decoding=\"async\" src=\"https:\/\/www.divis.eu\/wp-content\/uploads\/2018\/01\/hendrik-reger-1.png\" alt=\"Hendrik Reger | DIVIS | Videol\u00f6sungen f\u00fcr die Logistik\" title=\"hendrik-reger\" itemprop=\"image\">\n\t<p>L&rsquo;immense plaisir que nous avons ressenti lors de notre participation tr\u00e8s r\u00e9ussie au salon de la transport logistic \u00e0 Munich avec \u00e0 la cl\u00e9 de nombreux nouveaux contacts nationaux et internationaux perdure encore. Le salon a connu une tr\u00e8s bonne fr\u00e9quentation et nos produits ont de nouveau rencontr\u00e9 un tr\u00e8s grand engouement. Pour en savoir plus sur notre v\u00e9cu au salon, lisez cette newsletter.<\/p>\n<p>Dans le conseil du mois, vous trouverez la deuxi\u00e8me partie de nos conseils d\u00e9di\u00e9e au transfert de s\u00e9quences vid\u00e9o pour la conservation de preuves ou l&rsquo;archivage. Aujourd&rsquo;hui, nous nous consacrons au traitement des vues d\u00e9taill\u00e9es.<\/p>\n<p>Enfin pour finir, nous aimerions vous pr\u00e9senter un coll\u00e8gue de notre \u00e9quipe qui est int\u00e9ressant \u00e0 tous points de vue, notre collaborateur Helmut Kroll est certes le plus \u00e2g\u00e9 d&rsquo;entre nous, mais il est toujours en activit\u00e9 et constitue notre bras droit dans la gestion de notre entrep\u00f4t.<\/p>\n<p>Hendrik Reger, fond\u00e9 de pouvoir et directeur des ventes, vous souhaite au nom de toute l&rsquo;\u00e9quipe DIVIS une agr\u00e9able lecture.<\/p>\n<h2>\n\t\tLes th\u00e8mes de cette \u00e9dition\n\t<\/h2>\n<h4>\n\t\t<a href=\"#evenements\" title=\"\u00c9V\u00c9NEMENTS\" target=\"_self\" rel=\"noopener\">\n\t\t\u00c9V\u00c9NEMENTS\n\t\t<\/a>\n\t<\/h4>\n<h4>\n\t\t<a href=\"#evenements\" title=\"Retour d'information positif et contacts internationaux pour DIVIS au salon de la transport logistic\" target=\"_self\" rel=\"noopener\">\n\t\tRetour d&rsquo;information positif et contacts internationaux pour DIVIS au salon de la transport logistic\n\t\t<\/a>\n\t<\/h4>\n<h4>\n\t\t<a href=\"#conseil\" title=\" CONSEIL DU MOIS DIVIS\" target=\"_self\" rel=\"noopener\">\n\t\t CONSEIL DU MOIS DIVIS\n\t\t<\/a>\n\t<\/h4>\n<h4>\n\t\t<a href=\"#conseil\" title=\"Transfert des s\u00e9quences vid\u00e9o dans CargoVIS &amp; ParcelVIS partie 2 : Vue d\u00e9taill\u00e9e\" target=\"_self\" rel=\"noopener\">\n\t\tTransfert des s\u00e9quences vid\u00e9o dans CargoVIS &amp; ParcelVIS partie 2 : Vue d\u00e9taill\u00e9e\n\t\t<\/a>\n\t<\/h4>\n<h4>\n\t\t<a href=\"#equipe\" title=\"DIVIS SE PR\u00c9SENTE\" target=\"_self\" rel=\"noopener\">\n\t\tDIVIS SE PR\u00c9SENTE\n\t\t<\/a>\n\t<\/h4>\n<h4>\n\t\t<a href=\"#equipe\" title=\"Notre bras droit dans la gestion de notre entrep\u00f4t : Helmut Kroll\" target=\"_self\" rel=\"noopener\">\n\t\tNotre bras droit dans la gestion de notre entrep\u00f4t : Helmut Kroll\n\t\t<\/a>\n\t<\/h4>\n<h3>\n\t\t\u00c9V\u00c9NEMENTS\n\t<\/h3>\n<h2>\n\t\tRetour d&rsquo;information positif et contacts internationaux pour DIVIS au salon de la transport logistic\n\t<\/h2>\n\t\t\t\t<img decoding=\"async\" src=\"https:\/\/www.divis.eu\/wp-content\/uploads\/2019\/06\/divis-transport-logistic-2019.jpg\" alt=\"DIVIS auf der transport logistic 2019\" title=\"divis-transport-logistic-2019\" itemprop=\"image\">\n\t<p><strong><img decoding=\"async\" src=\"https:\/\/www.divis.eu\/wp-content\/uploads\/2019\/06\/tl-2019.jpg\" alt=\"\" width=\"180\" height=\"90\"><\/strong><\/p>\n<p><strong>Depuis plus de 40 ans, le salon international leader de la logistique, de la mobilit\u00e9, de l&rsquo;informatique et de la gestion de la cha\u00eene logistique, transport logistic, se tient tous les deux ans en Allemagne. Entre-temps, il est devenu le point incontournable de rencontre des exposants et des visiteurs de 125 pays. <\/strong><\/p>\n<p>En 2019, la croissance r\u00e9guli\u00e8re du salon s&rsquo;est de nouveau confirm\u00e9e : Avoisinant les 64 000 visiteurs, le salon de la transport logistic a enregistr\u00e9 une augmentation de 5 %. Pr\u00e8s de la moiti\u00e9 venant de l&rsquo;\u00e9tranger. Outre les personnes int\u00e9ress\u00e9es venant d&rsquo;Allemagne, notre \u00e9quipe pr\u00e9sente sur le salon s&rsquo;est \u00e9galement entretenue avec des visiteurs en provenance du Luxembourg, de Suisse, de Grande-Bretagne, de Pologne, de France, des \u00c9tats-Unis et de la Chine.<\/p>\nIl \u00e9tait int\u00e9ressant d&rsquo;observer que les entreprises chinoises recherchent de plus en plus de partenaires de coop\u00e9ration, de nouvelles routes commerciales, de nouveaux march\u00e9s et de nouvelles sources d&rsquo;\u00e9nergie en Europe dans le cadre de l&rsquo;initiative de la nouvelle route de la soie.<br>\n10 % d&rsquo;exposants de plus qu&rsquo;en 2017 \u00e9taient r\u00e9partis sur 125 000 m\u00e8tres carr\u00e9s de surface d&rsquo;exposition \u00e0 Munich. Un autre hall \u00e9tait \u00e9galement disponible \u00e0 cet effet cette ann\u00e9e.<br>\nLe stand DIVIS a \u00e9galement \u00e9t\u00e9 tr\u00e8s fr\u00e9quent\u00e9 au cours de ces journ\u00e9es et notre \u00e9quipe pr\u00e9sente sur le salon a \u00e9t\u00e9 tr\u00e8s occup\u00e9e avec des consultations et des d\u00e9monstrations en live.<br>\nOutre le th\u00e8me de la p\u00e9nurie en main-d&rsquo;\u0153uvre qualifi\u00e9e, la num\u00e9risation, la durabilit\u00e9 de la cha\u00eene d&rsquo;approvisionnement et l&rsquo;intelligence artificielle dans la logistique du transport ont marqu\u00e9 l&rsquo;\u00e9v\u00e9nement.\n<p>L\u00e0, nous \u00e9tions positionn\u00e9s de mani\u00e8re optimale avec nos produits logiciels.<\/p>\n<p><a href=\"https:\/\/www.divis.eu\/fr\/modules-pour-le-logiciel-de-gestion-video-pour-votre-logistique\/#licenseplateplus\"><img decoding=\"async\" src=\"https:\/\/www.divis.eu\/wp-content\/uploads\/2019\/01\/license-plate-plus.png\" alt=\"\" width=\"78\" height=\"90\"><\/a><\/p>\n<p>&nbsp;<\/p>\n<p>L&rsquo;un de nos nouveaux modules, <a href=\"https:\/\/www.divis.eu\/fr\/modules-pour-le-logiciel-de-gestion-video-pour-votre-logistique\/#licenseplateplus\">License Plate<sup>+<\/sup><\/a> d\u00e9di\u00e9 \u00e0 la reconnaissance automatique des plaques d&rsquo;immatriculation, a \u00e9t\u00e9 tr\u00e8s bien accueilli et a g\u00e9n\u00e9r\u00e9 une forte demande.<\/p>\n<p>&nbsp;<\/p>\n<p><a href=\"https:\/\/www.divis.eu\/fr\/videosurveillance-dans-la-manutention-dentrepot-avec-les-solutions-divis\/#scaleplus\"><img decoding=\"async\" src=\"https:\/\/www.divis.eu\/wp-content\/uploads\/2019\/06\/icon-scale-plus.png\" alt=\"\" width=\"78\" height=\"90\"><\/a><\/p>\n<p>Un autre module, <a href=\"https:\/\/www.divis.eu\/fr\/videosurveillance-dans-la-manutention-dentrepot-avec-les-solutions-divis\/#scaleplus\">Scale<sup>+<\/sup><\/a>, est en train de devenir une affaire qui marche bien. Tous les clients qui se sont familiaris\u00e9s avec le module souhaitent profiter des avantages de la d\u00e9termination du volume bas\u00e9e sur un logiciel. Tout ceci n&rsquo;est pas \u00e9tonnant : le module n&rsquo;interf\u00e8re pas avec le processus de chargement et la mesure peut \u00eatre effectu\u00e9e m\u00eame si un envoi a d\u00e9j\u00e0 quitt\u00e9 l&rsquo;entrep\u00f4t.<\/p>\n<p>Pendant les trois soir\u00e9es, clients, visiteurs, exposants et \u00e9quipes se sont retrouv\u00e9s sur le stand que nous avons partag\u00e9 avec notre partenaire de longue date, TIS GmbH, pour finir la journ\u00e9e en beaut\u00e9 avec de la musique live et autour d&rsquo;un verre et pour poursuivre la conversation entam\u00e9e au cours de la journ\u00e9e.<\/p>\n<p>Le salon a \u00e9t\u00e9 un grand succ\u00e8s pour DIVIS. Hendrik Reger, responsable des ventes de DIVIS, en tire un bilan extr\u00eamement positif :<\/p>\n<blockquote>\u00ab Cette ann\u00e9e encore, nos produits ont \u00e9t\u00e9 tr\u00e8s demand\u00e9s au salon. \u00bb Surtout lorsque les personnes int\u00e9ress\u00e9es lors d&rsquo;\u00e9v\u00e9nements en direct ont l&rsquo;occasion de voir notre logiciel en action, beaucoup sont rapidement convaincus de ses avantages.<br>\nOutre nos nombreux clients et une importante commande venant d&rsquo;Allemagne, plusieurs nouveaux clients ont \u00e9galement \u00e9t\u00e9 enthousiasm\u00e9s par nos solutions. Nos coll\u00e8gues commerciaux se r\u00e9jouissent de vous rencontrer dans les semaines \u00e0 venir et d&rsquo;intensifier les contacts que nous avons nou\u00e9s. Nous attendons avec impatience le prochain salon de la transport logistic en 2021. \u00bb<br>\n<\/blockquote>\n<p><strong>Veuillez noter ce rendez-vous d\u00e8s maintenant : Rendez-vous la prochaine fois au salon de la transport logistic entre le 4 et le 7 mai 2021.<\/strong><\/p>\n\t\t\t\t<img decoding=\"async\" src=\"https:\/\/www.divis.eu\/wp-content\/uploads\/2019\/06\/kieler-daag-web-FR-1.jpg\" alt=\"Videomanagement-Software Logistik DIVIS\" title=\"kieler-daag-web-FR\" itemprop=\"image\">\n<h3>\n\t\tCONSEIL DU MOIS DIVIS\n\t<\/h3>\n<h2>\n\t\tCONSEIL DU MOIS DIVIS Transfert des s\u00e9quences vid\u00e9o dans CargoVIS &amp; ParcelVIS partie 2 : Vue d\u00e9taill\u00e9e\n\t<\/h2>\n\t\t\t\t<a href=\"https:\/\/www.divis.eu\/fr\/logiciel-de-gestion-video-transfert-des-sequences-video-dans-cargovis-parcelvis-vue-detaillee\/\" target=\"_self\" itemprop=\"url\" rel=\"noopener\">\n\t\t\t\t<img decoding=\"async\" src=\"https:\/\/www.divis.eu\/wp-content\/uploads\/2019\/06\/tipp-des-monats-FR.gif\" alt=\"Videomanagement-Software Logistik DIVIS\" title=\"tipp-des-monats-FR\" itemprop=\"image\">\n\t\t\t\t\t\t<\/a>\n\t<p><strong>Dans le dernier conseil du mois, nous vous avons montr\u00e9 comment transf\u00e9rer les r\u00e9sultats de recherche dans notre logiciel de gestion vid\u00e9o. Aujourd&rsquo;hui, nous allons approfondir le sujet plus en d\u00e9tail et expliquer comment vous pouvez \u00e9diter des s\u00e9quences vid\u00e9o individuelles dans la vue d\u00e9taill\u00e9e. <\/strong><\/p>\n\t\t\t<a href=\"https:\/\/www.divis.eu\/fr\/logiciel-de-gestion-video-transfert-des-sequences-video-dans-cargovis-parcelvis-vue-detaillee\/\" target=\"_self\" role=\"button\" aria-label=\"Pour davantage d'informations....\" rel=\"noopener\">\n\t\t\t\t\t\t\tPour davantage d&rsquo;informations&#8230;.\n\t\t<\/a>\n<h3>\n\t\tDIVIS SE PR\u00c9SENTE\n\t<\/h3>\n<h2>\n\t\tNotre bras droit dans la gestion de notre entrep\u00f4t DIVIS : Helmut Kroll\n\t<\/h2>\n\t\t\t\t<img decoding=\"async\" src=\"https:\/\/www.divis.eu\/wp-content\/uploads\/2019\/06\/divid-helmut-kroll.jpg\" alt=\"Helmut Kroll | DIVIS\" title=\"divid-helmut-kroll\" itemprop=\"image\">\n\t<p><strong>Comme si son \u00e2ge n&rsquo;\u00e9tait d\u00e9j\u00e0 pas \u00e0 lui seul fascinant, Helmut Kroll revient \u00e9galement sur son parcours professionnel impressionnant de 14 ans pass\u00e9 dans l&rsquo;entreprise familiale DIVIS. Le p\u00e8re du fondateur de l&rsquo;entreprise, Thomas Kroll, repr\u00e9sente l&rsquo;une des nombreuses g\u00e9n\u00e9rations de l&rsquo;\u00e9quipe.<\/strong><\/p>\n<p>Apr\u00e8s 41 ans pass\u00e9s en tant que boulanger \u00e0 l&rsquo;entreprise de boulangerie de Bordesholm et quelques ann\u00e9es de retraite bien m\u00e9rit\u00e9e, le roc de Bordesholm a repris du service chez DIVIS en 2005. Depuis, Helmut s&rsquo;occupe minutieusement que l&rsquo;entrep\u00f4t soit bien approvisionn\u00e9 et structur\u00e9. Il veille \u00e0 ce qu&rsquo;il y ait toujours suffisamment de mat\u00e9riel disponible pour que les installateurs puissent travailler et, si n\u00e9cessaire, soutient son coll\u00e8gue Christian Messner dans la pr\u00e9paration du travail.<\/p>\n","protected":false},"excerpt":{"rendered":"<p>Dans cette newsletter : R\u00e9trospective- Le salon de la transport logistic 2019 a \u00e9t\u00e9 un tr\u00e8s grand succ\u00e8s pour nous, nouveaux conseils sur l&rsquo;utilisation de notre logiciel de gestion vid\u00e9o et pr\u00e9sentation des employ\u00e9s.<\/p>\n","protected":false},"author":1,"featured_media":15694,"comment_status":"closed","ping_status":"closed","sticky":false,"template":"tpl-full-width.php","format":"standard","meta":{"footnotes":""},"categories":[102],"tags":[],"class_list":["post-15725","post","type-post","status-publish","format-standard","has-post-thumbnail","hentry","category-2019-fr"],"yoast_head":"<!-- This site is optimized with the Yoast SEO plugin v27.4 - https:\/\/yoast.com\/product\/yoast-seo-wordpress\/ -->\n<title>R\u00e9trospective : DIVIS au salon transport logistic 2019, conseil du mois ...<\/title>\n<meta name=\"description\" content=\"R\u00e9trospective : Le salon de la transport logistic 2019 a \u00e9t\u00e9 un succ\u00e8s complet pour nous, avec de nouveaux conseils sur l&#039;utilisation de notre logiciel de gestion vid\u00e9o et des pr\u00e9sentations d&#039;employ\u00e9s.\" \/>\n<meta name=\"robots\" content=\"index, follow, max-snippet:-1, max-image-preview:large, max-video-preview:-1\" \/>\n<link rel=\"canonical\" href=\"https:\/\/www.divis.eu\/fr\/retrospective-divis-au-salon-transport-logistic-2019-conseil-du-mois-et-presentation-des-employes\/\" \/>\n<meta property=\"og:locale\" content=\"fr_FR\" \/>\n<meta property=\"og:type\" content=\"article\" \/>\n<meta property=\"og:title\" content=\"R\u00e9trospective : DIVIS au salon transport logistic 2019, conseil du mois ...\" \/>\n<meta property=\"og:description\" content=\"R\u00e9trospective : Le salon de la transport logistic 2019 a \u00e9t\u00e9 un succ\u00e8s complet pour nous, avec de nouveaux conseils sur l&#039;utilisation de notre logiciel de gestion vid\u00e9o et des pr\u00e9sentations d&#039;employ\u00e9s.\" \/>\n<meta property=\"og:url\" content=\"https:\/\/www.divis.eu\/fr\/retrospective-divis-au-salon-transport-logistic-2019-conseil-du-mois-et-presentation-des-employes\/\" \/>\n<meta property=\"og:site_name\" content=\"DIVIS - The intelligent view\" \/>\n<meta property=\"article:published_time\" content=\"2019-06-28T05:24:53+00:00\" \/>\n<meta property=\"article:modified_time\" content=\"2023-05-30T23:42:21+00:00\" \/>\n<meta property=\"og:image\" content=\"https:\/\/www.divis.eu\/wp-content\/uploads\/2019\/06\/newsletter-juni-featured-DE.gif\" \/>\n\t<meta property=\"og:image:width\" content=\"725\" \/>\n\t<meta property=\"og:image:height\" content=\"400\" \/>\n\t<meta property=\"og:image:type\" content=\"image\/gif\" \/>\n<meta name=\"author\" content=\"DIVIS News\" \/>\n<meta name=\"twitter:card\" content=\"summary_large_image\" \/>\n<meta name=\"twitter:label1\" content=\"\u00c9crit par\" \/>\n\t<meta name=\"twitter:data1\" content=\"DIVIS News\" \/>\n\t<meta name=\"twitter:label2\" content=\"Dur\u00e9e de lecture estim\u00e9e\" \/>\n\t<meta name=\"twitter:data2\" content=\"6 minutes\" \/>\n<script type=\"application\/ld+json\" class=\"yoast-schema-graph\">{\"@context\":\"https:\\\/\\\/schema.org\",\"@graph\":[{\"@type\":\"Article\",\"@id\":\"https:\\\/\\\/www.divis.eu\\\/fr\\\/retrospective-divis-au-salon-transport-logistic-2019-conseil-du-mois-et-presentation-des-employes\\\/#article\",\"isPartOf\":{\"@id\":\"https:\\\/\\\/www.divis.eu\\\/fr\\\/retrospective-divis-au-salon-transport-logistic-2019-conseil-du-mois-et-presentation-des-employes\\\/\"},\"author\":{\"name\":\"DIVIS News\",\"@id\":\"https:\\\/\\\/www.divis.eu\\\/#\\\/schema\\\/person\\\/ff9a586418dbfba193bd9e8d1f363d76\"},\"headline\":\"R\u00e9trospective : DIVIS au salon transport logistic 2019, conseil du mois et pr\u00e9sentation des employ\u00e9s\",\"datePublished\":\"2019-06-28T05:24:53+00:00\",\"dateModified\":\"2023-05-30T23:42:21+00:00\",\"mainEntityOfPage\":{\"@id\":\"https:\\\/\\\/www.divis.eu\\\/fr\\\/retrospective-divis-au-salon-transport-logistic-2019-conseil-du-mois-et-presentation-des-employes\\\/\"},\"wordCount\":1145,\"image\":{\"@id\":\"https:\\\/\\\/www.divis.eu\\\/fr\\\/retrospective-divis-au-salon-transport-logistic-2019-conseil-du-mois-et-presentation-des-employes\\\/#primaryimage\"},\"thumbnailUrl\":\"https:\\\/\\\/www.divis.eu\\\/wp-content\\\/uploads\\\/2019\\\/06\\\/newsletter-juni-featured-DE.gif\",\"articleSection\":[\"2019\"],\"inLanguage\":\"fr-FR\"},{\"@type\":\"WebPage\",\"@id\":\"https:\\\/\\\/www.divis.eu\\\/fr\\\/retrospective-divis-au-salon-transport-logistic-2019-conseil-du-mois-et-presentation-des-employes\\\/\",\"url\":\"https:\\\/\\\/www.divis.eu\\\/fr\\\/retrospective-divis-au-salon-transport-logistic-2019-conseil-du-mois-et-presentation-des-employes\\\/\",\"name\":\"R\u00e9trospective : DIVIS au salon transport logistic 2019, conseil du mois ...\",\"isPartOf\":{\"@id\":\"https:\\\/\\\/www.divis.eu\\\/#website\"},\"primaryImageOfPage\":{\"@id\":\"https:\\\/\\\/www.divis.eu\\\/fr\\\/retrospective-divis-au-salon-transport-logistic-2019-conseil-du-mois-et-presentation-des-employes\\\/#primaryimage\"},\"image\":{\"@id\":\"https:\\\/\\\/www.divis.eu\\\/fr\\\/retrospective-divis-au-salon-transport-logistic-2019-conseil-du-mois-et-presentation-des-employes\\\/#primaryimage\"},\"thumbnailUrl\":\"https:\\\/\\\/www.divis.eu\\\/wp-content\\\/uploads\\\/2019\\\/06\\\/newsletter-juni-featured-DE.gif\",\"datePublished\":\"2019-06-28T05:24:53+00:00\",\"dateModified\":\"2023-05-30T23:42:21+00:00\",\"author\":{\"@id\":\"https:\\\/\\\/www.divis.eu\\\/#\\\/schema\\\/person\\\/ff9a586418dbfba193bd9e8d1f363d76\"},\"description\":\"R\u00e9trospective : Le salon de la transport logistic 2019 a \u00e9t\u00e9 un succ\u00e8s complet pour nous, avec de nouveaux conseils sur l'utilisation de notre logiciel de gestion vid\u00e9o et des pr\u00e9sentations d'employ\u00e9s.\",\"breadcrumb\":{\"@id\":\"https:\\\/\\\/www.divis.eu\\\/fr\\\/retrospective-divis-au-salon-transport-logistic-2019-conseil-du-mois-et-presentation-des-employes\\\/#breadcrumb\"},\"inLanguage\":\"fr-FR\",\"potentialAction\":[{\"@type\":\"ReadAction\",\"target\":[\"https:\\\/\\\/www.divis.eu\\\/fr\\\/retrospective-divis-au-salon-transport-logistic-2019-conseil-du-mois-et-presentation-des-employes\\\/\"]}]},{\"@type\":\"ImageObject\",\"inLanguage\":\"fr-FR\",\"@id\":\"https:\\\/\\\/www.divis.eu\\\/fr\\\/retrospective-divis-au-salon-transport-logistic-2019-conseil-du-mois-et-presentation-des-employes\\\/#primaryimage\",\"url\":\"https:\\\/\\\/www.divis.eu\\\/wp-content\\\/uploads\\\/2019\\\/06\\\/newsletter-juni-featured-DE.gif\",\"contentUrl\":\"https:\\\/\\\/www.divis.eu\\\/wp-content\\\/uploads\\\/2019\\\/06\\\/newsletter-juni-featured-DE.gif\",\"width\":725,\"height\":400,\"caption\":\"DIVIS Newsletter\"},{\"@type\":\"BreadcrumbList\",\"@id\":\"https:\\\/\\\/www.divis.eu\\\/fr\\\/retrospective-divis-au-salon-transport-logistic-2019-conseil-du-mois-et-presentation-des-employes\\\/#breadcrumb\",\"itemListElement\":[{\"@type\":\"ListItem\",\"position\":1,\"name\":\"Startseite\",\"item\":\"https:\\\/\\\/www.divis.eu\\\/fr\\\/\"},{\"@type\":\"ListItem\",\"position\":2,\"name\":\"R\u00e9trospective : DIVIS au salon transport logistic 2019, conseil du mois et pr\u00e9sentation des employ\u00e9s\"}]},{\"@type\":\"WebSite\",\"@id\":\"https:\\\/\\\/www.divis.eu\\\/#website\",\"url\":\"https:\\\/\\\/www.divis.eu\\\/\",\"name\":\"DIVIS - The intelligent view\",\"description\":\"Videosysteml\u00f6sungen f\u00fcr Umschlags- und Warenlager\",\"potentialAction\":[{\"@type\":\"SearchAction\",\"target\":{\"@type\":\"EntryPoint\",\"urlTemplate\":\"https:\\\/\\\/www.divis.eu\\\/?s={search_term_string}\"},\"query-input\":{\"@type\":\"PropertyValueSpecification\",\"valueRequired\":true,\"valueName\":\"search_term_string\"}}],\"inLanguage\":\"fr-FR\"},{\"@type\":\"Person\",\"@id\":\"https:\\\/\\\/www.divis.eu\\\/#\\\/schema\\\/person\\\/ff9a586418dbfba193bd9e8d1f363d76\",\"name\":\"DIVIS News\"}]}<\/script>\n<!-- \/ Yoast SEO plugin. -->","yoast_head_json":{"title":"R\u00e9trospective : DIVIS au salon transport logistic 2019, conseil du mois ...","description":"R\u00e9trospective : Le salon de la transport logistic 2019 a \u00e9t\u00e9 un succ\u00e8s complet pour nous, avec de nouveaux conseils sur l'utilisation de notre logiciel de gestion vid\u00e9o et des pr\u00e9sentations d'employ\u00e9s.","robots":{"index":"index","follow":"follow","max-snippet":"max-snippet:-1","max-image-preview":"max-image-preview:large","max-video-preview":"max-video-preview:-1"},"canonical":"https:\/\/www.divis.eu\/fr\/retrospective-divis-au-salon-transport-logistic-2019-conseil-du-mois-et-presentation-des-employes\/","og_locale":"fr_FR","og_type":"article","og_title":"R\u00e9trospective : DIVIS au salon transport logistic 2019, conseil du mois ...","og_description":"R\u00e9trospective : Le salon de la transport logistic 2019 a \u00e9t\u00e9 un succ\u00e8s complet pour nous, avec de nouveaux conseils sur l'utilisation de notre logiciel de gestion vid\u00e9o et des pr\u00e9sentations d'employ\u00e9s.","og_url":"https:\/\/www.divis.eu\/fr\/retrospective-divis-au-salon-transport-logistic-2019-conseil-du-mois-et-presentation-des-employes\/","og_site_name":"DIVIS - The intelligent view","article_published_time":"2019-06-28T05:24:53+00:00","article_modified_time":"2023-05-30T23:42:21+00:00","og_image":[{"width":725,"height":400,"url":"https:\/\/www.divis.eu\/wp-content\/uploads\/2019\/06\/newsletter-juni-featured-DE.gif","type":"image\/gif"}],"author":"DIVIS News","twitter_card":"summary_large_image","twitter_misc":{"\u00c9crit par":"DIVIS News","Dur\u00e9e de lecture estim\u00e9e":"6 minutes"},"schema":{"@context":"https:\/\/schema.org","@graph":[{"@type":"Article","@id":"https:\/\/www.divis.eu\/fr\/retrospective-divis-au-salon-transport-logistic-2019-conseil-du-mois-et-presentation-des-employes\/#article","isPartOf":{"@id":"https:\/\/www.divis.eu\/fr\/retrospective-divis-au-salon-transport-logistic-2019-conseil-du-mois-et-presentation-des-employes\/"},"author":{"name":"DIVIS News","@id":"https:\/\/www.divis.eu\/#\/schema\/person\/ff9a586418dbfba193bd9e8d1f363d76"},"headline":"R\u00e9trospective : DIVIS au salon transport logistic 2019, conseil du mois et pr\u00e9sentation des employ\u00e9s","datePublished":"2019-06-28T05:24:53+00:00","dateModified":"2023-05-30T23:42:21+00:00","mainEntityOfPage":{"@id":"https:\/\/www.divis.eu\/fr\/retrospective-divis-au-salon-transport-logistic-2019-conseil-du-mois-et-presentation-des-employes\/"},"wordCount":1145,"image":{"@id":"https:\/\/www.divis.eu\/fr\/retrospective-divis-au-salon-transport-logistic-2019-conseil-du-mois-et-presentation-des-employes\/#primaryimage"},"thumbnailUrl":"https:\/\/www.divis.eu\/wp-content\/uploads\/2019\/06\/newsletter-juni-featured-DE.gif","articleSection":["2019"],"inLanguage":"fr-FR"},{"@type":"WebPage","@id":"https:\/\/www.divis.eu\/fr\/retrospective-divis-au-salon-transport-logistic-2019-conseil-du-mois-et-presentation-des-employes\/","url":"https:\/\/www.divis.eu\/fr\/retrospective-divis-au-salon-transport-logistic-2019-conseil-du-mois-et-presentation-des-employes\/","name":"R\u00e9trospective : DIVIS au salon transport logistic 2019, conseil du mois ...","isPartOf":{"@id":"https:\/\/www.divis.eu\/#website"},"primaryImageOfPage":{"@id":"https:\/\/www.divis.eu\/fr\/retrospective-divis-au-salon-transport-logistic-2019-conseil-du-mois-et-presentation-des-employes\/#primaryimage"},"image":{"@id":"https:\/\/www.divis.eu\/fr\/retrospective-divis-au-salon-transport-logistic-2019-conseil-du-mois-et-presentation-des-employes\/#primaryimage"},"thumbnailUrl":"https:\/\/www.divis.eu\/wp-content\/uploads\/2019\/06\/newsletter-juni-featured-DE.gif","datePublished":"2019-06-28T05:24:53+00:00","dateModified":"2023-05-30T23:42:21+00:00","author":{"@id":"https:\/\/www.divis.eu\/#\/schema\/person\/ff9a586418dbfba193bd9e8d1f363d76"},"description":"R\u00e9trospective : Le salon de la transport logistic 2019 a \u00e9t\u00e9 un succ\u00e8s complet pour nous, avec de nouveaux conseils sur l'utilisation de notre logiciel de gestion vid\u00e9o et des pr\u00e9sentations d'employ\u00e9s.","breadcrumb":{"@id":"https:\/\/www.divis.eu\/fr\/retrospective-divis-au-salon-transport-logistic-2019-conseil-du-mois-et-presentation-des-employes\/#breadcrumb"},"inLanguage":"fr-FR","potentialAction":[{"@type":"ReadAction","target":["https:\/\/www.divis.eu\/fr\/retrospective-divis-au-salon-transport-logistic-2019-conseil-du-mois-et-presentation-des-employes\/"]}]},{"@type":"ImageObject","inLanguage":"fr-FR","@id":"https:\/\/www.divis.eu\/fr\/retrospective-divis-au-salon-transport-logistic-2019-conseil-du-mois-et-presentation-des-employes\/#primaryimage","url":"https:\/\/www.divis.eu\/wp-content\/uploads\/2019\/06\/newsletter-juni-featured-DE.gif","contentUrl":"https:\/\/www.divis.eu\/wp-content\/uploads\/2019\/06\/newsletter-juni-featured-DE.gif","width":725,"height":400,"caption":"DIVIS Newsletter"},{"@type":"BreadcrumbList","@id":"https:\/\/www.divis.eu\/fr\/retrospective-divis-au-salon-transport-logistic-2019-conseil-du-mois-et-presentation-des-employes\/#breadcrumb","itemListElement":[{"@type":"ListItem","position":1,"name":"Startseite","item":"https:\/\/www.divis.eu\/fr\/"},{"@type":"ListItem","position":2,"name":"R\u00e9trospective : DIVIS au salon transport logistic 2019, conseil du mois et pr\u00e9sentation des employ\u00e9s"}]},{"@type":"WebSite","@id":"https:\/\/www.divis.eu\/#website","url":"https:\/\/www.divis.eu\/","name":"DIVIS - The intelligent view","description":"Videosysteml\u00f6sungen f\u00fcr Umschlags- und Warenlager","potentialAction":[{"@type":"SearchAction","target":{"@type":"EntryPoint","urlTemplate":"https:\/\/www.divis.eu\/?s={search_term_string}"},"query-input":{"@type":"PropertyValueSpecification","valueRequired":true,"valueName":"search_term_string"}}],"inLanguage":"fr-FR"},{"@type":"Person","@id":"https:\/\/www.divis.eu\/#\/schema\/person\/ff9a586418dbfba193bd9e8d1f363d76","name":"DIVIS News"}]}},"_links":{"self":[{"href":"https:\/\/www.divis.eu\/fr\/wp-json\/wp\/v2\/posts\/15725","targetHints":{"allow":["GET"]}}],"collection":[{"href":"https:\/\/www.divis.eu\/fr\/wp-json\/wp\/v2\/posts"}],"about":[{"href":"https:\/\/www.divis.eu\/fr\/wp-json\/wp\/v2\/types\/post"}],"author":[{"embeddable":true,"href":"https:\/\/www.divis.eu\/fr\/wp-json\/wp\/v2\/users\/1"}],"replies":[{"embeddable":true,"href":"https:\/\/www.divis.eu\/fr\/wp-json\/wp\/v2\/comments?post=15725"}],"version-history":[{"count":0,"href":"https:\/\/www.divis.eu\/fr\/wp-json\/wp\/v2\/posts\/15725\/revisions"}],"wp:featuredmedia":[{"embeddable":true,"href":"https:\/\/www.divis.eu\/fr\/wp-json\/wp\/v2\/media\/15694"}],"wp:attachment":[{"href":"https:\/\/www.divis.eu\/fr\/wp-json\/wp\/v2\/media?parent=15725"}],"wp:term":[{"taxonomy":"category","embeddable":true,"href":"https:\/\/www.divis.eu\/fr\/wp-json\/wp\/v2\/categories?post=15725"},{"taxonomy":"post_tag","embeddable":true,"href":"https:\/\/www.divis.eu\/fr\/wp-json\/wp\/v2\/tags?post=15725"}],"curies":[{"name":"wp","href":"https:\/\/api.w.org\/{rel}","templated":true}]}}