{"id":18491,"date":"2020-03-18T19:02:07","date_gmt":"2020-03-18T19:02:07","guid":{"rendered":"https:\/\/www.divis.eu\/?p=18491"},"modified":"2020-04-06T07:28:07","modified_gmt":"2020-04-06T07:28:07","slug":"ensuring-operations-at-divis-and-information-on-kieler-daag","status":"publish","type":"post","link":"https:\/\/www.divis.eu\/fr\/ensuring-operations-at-divis-and-information-on-kieler-daag\/","title":{"rendered":"Garantie du bon fonctionnement des activit\u00e9s chez DIVIS et informations sur les \u00ab Kieler Daag \u00bb"},"content":{"rendered":"<h3>\n\t\tCommuniqu\u00e9 sp\u00e9cial sur nos \u00e9v\u00e9nements en live\n\t<\/h3>\n<h1>\n\t\tGarantie du bon fonctionnement des activit\u00e9s chez DIVIS et informations sur les \u00ab Kieler Daag \u00bb\n\t<\/h1>\n<h2>\n\t\tBordesholm, 18 mars 2020\n\t<\/h2>\n\t\t\t\t<img decoding=\"async\" src=\"https:\/\/www.divis.eu\/wp-content\/uploads\/2018\/01\/hendrik-reger-1.png\" alt=\"Hendrik Reger | DIVIS | Videol\u00f6sungen f\u00fcr die Logistik\" title=\"hendrik-reger\" itemprop=\"image\"  \/>\n\t<p>Le coronavirus prend de plus en plus d\u2019ampleur. Entre temps, cela ne se r\u00e9sume plus aux informations qui nous communiqu\u00e9es par les m\u00e9dias, mais ceci affecte de plus en plus et de mani\u00e8re globale notre quotidien et l&rsquo;ensemble de notre vie professionnelle et priv\u00e9e.<\/p>\n<p>Bien entendu, DIVIS n\u2019est pas \u00e9pargn\u00e9 par l\u2019\u00e9volution de la situation et, en tant que client, vous \u00eates en droit de vous demander si les derniers d\u00e9veloppements auront des r\u00e9percussions sur nos services et nos prestations et, le cas \u00e9ch\u00e9ant, lesquels.<\/p>\nNous nous appuyons sur les mesures de pr\u00e9caution en vigueur recommand\u00e9es par les organismes officiels, et nous avons pris des pr\u00e9cautions pour maintenir notre activit\u00e9 \u00e9conomique sous une forme adapt\u00e9e \u00e0 la situation.<br \/>\n\n<p>Afin d\u2019enrayer la propagation du virus, de nombreux \u00e9v\u00e9nements ont \u00e9t\u00e9 annul\u00e9s dans notre Land, le Schleswig-Holstein et dans le reste de l&rsquo;Allemagne, entre autres la Kieler Woche. C&rsquo;est la raison pour laquelle nous devons malheureusement annuler, avec beaucoup de regrets, notre propre \u00e9v\u00e9nement client (y compris le BarCamp DIVIS).<\/p>\n<p>Dans cette \u00e9dition sp\u00e9ciale, vous recevrez de plus amples informations sur les mesures actuelles prises par DIVIS.<\/p>\n<p>Hendrik Reger<\/p>\n<p><em>&#8211; Directeur des ventes &#8211;<\/em><\/p>\n<h2>\n\t\tLes th\u00e8mes de cette \u00e9dition\n\t<\/h2>\n<h4>\n\t\t<a href=\"#activites\" title=\"INFORMATIONS DIVIS\" target=\"_self\" rel=\"noopener noreferrer\">\n\t\tINFORMATIONS DIVIS\n\t\t<\/a>\n\t<\/h4>\n<h4>\n\t\t<a href=\"#activites\" title=\"Garantie du bon fonctionnement des activit\u00e9s chez DIVIS\" target=\"_self\" rel=\"noopener noreferrer\">\n\t\tGarantie du bon fonctionnement des activit\u00e9s chez DIVIS\n\t\t<\/a>\n\t<\/h4>\n<h4>\n\t\t<a href=\"#evenement\" title=\"\u00c9V\u00c9NEMENTS\" target=\"_self\" rel=\"noopener noreferrer\">\n\t\t\u00c9V\u00c9NEMENTS\n\t\t<\/a>\n\t<\/h4>\n<h4>\n\t\t<a href=\"#evenement\" title=\"Annulation de notre \u00e9v\u00e9nement client \u00ab Kieler Daag \u00bb\" target=\"_self\" rel=\"noopener noreferrer\">\n\t\tAnnulation de notre \u00e9v\u00e9nement client \u00ab Kieler Daag \u00bb\n\t\t<\/a>\n\t<\/h4>\n<h3>\n\t\tINFORMATIONS DIVIS\n\t<\/h3>\n<h2>\n\t\tGarantie du bon fonctionnement des activit\u00e9s chez DIVIS\n\t<\/h2>\n\t\t\t\t<img decoding=\"async\" src=\"https:\/\/www.divis.eu\/wp-content\/uploads\/2020\/03\/services-projekte-fr.jpg\" alt=\"services-projekte-fr\" itemprop=\"image\" height=\"250\" width=\"725\" title=\"services-projekte-fr\" onerror=\"this.style.display='none'\"  \/>\n\t<h3>Projets<\/h3>\n<p>Une partie essentielle de nos prestations r\u00e9side dans la planification et l\u2019impl\u00e9mentation de projets. Dans la mesure du possible et compte tenu des r\u00e9glementations, pr\u00e9cautions et restrictions particuli\u00e8res en vigueur, nous continuerons les projets actuellement en cours chez nos clients.<\/p>\n<p>Nos chefs de projet prennent contact avec les clients actuellement concern\u00e9s afin de convenir des proc\u00e9dures et des d\u00e9lais au cas par cas.<\/p>\n<h3>Service<\/h3>\n<p>Notre hotline restera \u00e0 votre disposition aux heures habituelles. L&rsquo;assistance et le d\u00e9pannage \u00e0 distance seront assur\u00e9s.<\/p>\n<p>Une exception est notre service sur place. Ici, pour des raisons tout \u00e0 fait compr\u00e9hensibles, le travail ne sera effectu\u00e9 temporairement que dans une mesure tr\u00e8s encadr\u00e9e et uniquement dans des cas d&rsquo;extr\u00eame urgence, compte tenu des efforts d\u00e9ploy\u00e9s pour enrayer le virus.<\/p>\n<p>Tous nos efforts visent \u00e0 rester le meilleur interlocuteur possible, m\u00eame dans cette p\u00e9riode difficile, et \u00e0 continuer \u00e0 vous apporter le meilleur soutien possible dans le cadre de nos possibilit\u00e9s.<\/p>\n<p>Nous esp\u00e9rons de tout c\u0153ur votre compr\u00e9hension en ce qui concerne ces restrictions temporaires et d\u00e8s que la situation se calmera, nous reprendrons imm\u00e9diatement tous les services sous la forme que vous connaissez habituellement.<\/p>\n<p><strong>Vous avez des questions sur le fonctionnement de nos activit\u00e9s actuelles ? <a href=\"https:\/\/www.divis.eu\/fr\/contacter-divis-fournisseur-pour-le-suivi-des-envois-par-camera\/\">Contactez-nous<\/a> !<\/strong><\/p>\n<h3>\n\t\t\u00c9V\u00c9NEMENTS\n\t<\/h3>\n<h2>\n\t\tAnnulation de notre \u00e9v\u00e9nement client \u00ab Kieler Daag \u00bb\n\t<\/h2>\n\t\t\t\t<img decoding=\"async\" src=\"https:\/\/www.divis.eu\/wp-content\/uploads\/2020\/03\/kieler-daag-fr.jpg\" alt=\"kieler-daag-fr\" itemprop=\"image\" height=\"250\" width=\"725\" title=\"kieler-daag-fr\" onerror=\"this.style.display='none'\"  \/>\n\t<p>L&rsquo;\u00e9volution des semaines et des mois \u00e0 venir n&rsquo;est malheureusement pas encore pr\u00e9visible \u00e0 l&rsquo;heure actuelle et il s\u2019av\u00e8re donc impossible de pr\u00e9voir si des restrictions telles que l&rsquo;interdiction d&rsquo;\u00e9v\u00e9nements r\u00e9cemment impos\u00e9e perdurera \u00e0 la date pr\u00e9vue cet \u00e9t\u00e9.<\/p>\n<p>Nous esp\u00e9rons que cette annulation anticip\u00e9e dans les circonstances que nous connaissons vous \u00e9vitera des d\u00e9sagr\u00e9ments sous un plan organisationnel. Nous avons d\u00e9j\u00e0 annul\u00e9 les h\u00f4tels en votre nom.<\/p>\n\t<p>2020 est d\u2019ores et d\u00e9j\u00e0 une ann\u00e9e tr\u00e8s exceptionnelle pour nous tous. Nous vous souhaitons de traverser sereinement cette p\u00e9riode marqu\u00e9e par la virulence du coronavirus et esp\u00e9rons que la situation sera plus d\u00e9tendue dans un avenir tr\u00e8s proche.<\/p>\n<p>Prenez bien soin de vous et restez en bonne sant\u00e9 ! Si vous faites malheureusement d\u00e9j\u00e0 partie des personnes touch\u00e9es, nous vous souhaitons un prompt et bon r\u00e9tablissement !<\/p>\n","protected":false},"excerpt":{"rendered":"<p>Dans cette \u00e9dition sp\u00e9ciale de notre newsletter, vous en apprendrez davantage sur les mesures que nous avons prises pour assurer le bon fonctionnement des activit\u00e9s de DIVIS pendant la crise du coronavirus. Malheureusement, nous devons annuler notre \u00e9v\u00e9nement client, les \u00ab Kieler Daag \u00bb. Plus d\u2019infos ici.<\/p>\n","protected":false},"author":1,"featured_media":18486,"comment_status":"closed","ping_status":"closed","sticky":false,"template":"tpl-full-width.php","format":"standard","meta":{"footnotes":""},"categories":[143],"tags":[],"class_list":["post-18491","post","type-post","status-publish","format-standard","has-post-thumbnail","hentry","category-2020-fr"],"yoast_head":"<!-- This site is optimized with the Yoast SEO plugin v27.4 - https:\/\/yoast.com\/product\/yoast-seo-wordpress\/ -->\n<title>Garantie du bon fonctionnement des activit\u00e9s | Informations sur les \u00ab Kieler Daag \u00bb<\/title>\n<meta name=\"description\" content=\"Nos mesures pour assurer le bon fonctionnement de nos activit\u00e9s pendant la crise du coronavirus et l&#039;annulation de notre \u00e9v\u00e9nement client\" \/>\n<meta name=\"robots\" content=\"index, follow, max-snippet:-1, max-image-preview:large, max-video-preview:-1\" \/>\n<link rel=\"canonical\" href=\"https:\/\/www.divis.eu\/fr\/ensuring-operations-at-divis-and-information-on-kieler-daag\/\" \/>\n<meta property=\"og:locale\" content=\"fr_FR\" \/>\n<meta property=\"og:type\" content=\"article\" \/>\n<meta property=\"og:title\" content=\"Garantie du bon fonctionnement des activit\u00e9s | Informations sur les \u00ab Kieler Daag \u00bb\" \/>\n<meta property=\"og:description\" content=\"Nos mesures pour assurer le bon fonctionnement de nos activit\u00e9s pendant la crise du coronavirus et l&#039;annulation de notre \u00e9v\u00e9nement client\" \/>\n<meta property=\"og:url\" content=\"https:\/\/www.divis.eu\/fr\/ensuring-operations-at-divis-and-information-on-kieler-daag\/\" \/>\n<meta property=\"og:site_name\" content=\"DIVIS - The intelligent view\" \/>\n<meta property=\"article:published_time\" content=\"2020-03-18T19:02:07+00:00\" \/>\n<meta property=\"article:modified_time\" content=\"2020-04-06T07:28:07+00:00\" \/>\n<meta property=\"og:image\" content=\"https:\/\/www.divis.eu\/wp-content\/uploads\/2020\/03\/sonder-nl-fr-1.jpg\" \/>\n\t<meta property=\"og:image:width\" content=\"725\" \/>\n\t<meta property=\"og:image:height\" content=\"400\" \/>\n\t<meta property=\"og:image:type\" content=\"image\/jpeg\" \/>\n<meta name=\"author\" content=\"DIVIS News\" \/>\n<meta name=\"twitter:card\" content=\"summary_large_image\" \/>\n<meta name=\"twitter:label1\" content=\"\u00c9crit par\" \/>\n\t<meta name=\"twitter:data1\" content=\"DIVIS News\" \/>\n\t<meta name=\"twitter:label2\" content=\"Dur\u00e9e de lecture estim\u00e9e\" \/>\n\t<meta name=\"twitter:data2\" content=\"3 minutes\" \/>\n<script type=\"application\/ld+json\" class=\"yoast-schema-graph\">{\"@context\":\"https:\\\/\\\/schema.org\",\"@graph\":[{\"@type\":\"Article\",\"@id\":\"https:\\\/\\\/www.divis.eu\\\/fr\\\/ensuring-operations-at-divis-and-information-on-kieler-daag\\\/#article\",\"isPartOf\":{\"@id\":\"https:\\\/\\\/www.divis.eu\\\/fr\\\/ensuring-operations-at-divis-and-information-on-kieler-daag\\\/\"},\"author\":{\"name\":\"DIVIS News\",\"@id\":\"https:\\\/\\\/www.divis.eu\\\/#\\\/schema\\\/person\\\/ff9a586418dbfba193bd9e8d1f363d76\"},\"headline\":\"Garantie du bon fonctionnement des activit\u00e9s chez DIVIS et informations sur les \u00ab Kieler Daag \u00bb\",\"datePublished\":\"2020-03-18T19:02:07+00:00\",\"dateModified\":\"2020-04-06T07:28:07+00:00\",\"mainEntityOfPage\":{\"@id\":\"https:\\\/\\\/www.divis.eu\\\/fr\\\/ensuring-operations-at-divis-and-information-on-kieler-daag\\\/\"},\"wordCount\":688,\"image\":{\"@id\":\"https:\\\/\\\/www.divis.eu\\\/fr\\\/ensuring-operations-at-divis-and-information-on-kieler-daag\\\/#primaryimage\"},\"thumbnailUrl\":\"https:\\\/\\\/www.divis.eu\\\/wp-content\\\/uploads\\\/2020\\\/03\\\/sonder-nl-fr-1.jpg\",\"articleSection\":[\"2020\"],\"inLanguage\":\"fr-FR\"},{\"@type\":\"WebPage\",\"@id\":\"https:\\\/\\\/www.divis.eu\\\/fr\\\/ensuring-operations-at-divis-and-information-on-kieler-daag\\\/\",\"url\":\"https:\\\/\\\/www.divis.eu\\\/fr\\\/ensuring-operations-at-divis-and-information-on-kieler-daag\\\/\",\"name\":\"Garantie du bon fonctionnement des activit\u00e9s | Informations sur les \u00ab Kieler Daag \u00bb\",\"isPartOf\":{\"@id\":\"https:\\\/\\\/www.divis.eu\\\/#website\"},\"primaryImageOfPage\":{\"@id\":\"https:\\\/\\\/www.divis.eu\\\/fr\\\/ensuring-operations-at-divis-and-information-on-kieler-daag\\\/#primaryimage\"},\"image\":{\"@id\":\"https:\\\/\\\/www.divis.eu\\\/fr\\\/ensuring-operations-at-divis-and-information-on-kieler-daag\\\/#primaryimage\"},\"thumbnailUrl\":\"https:\\\/\\\/www.divis.eu\\\/wp-content\\\/uploads\\\/2020\\\/03\\\/sonder-nl-fr-1.jpg\",\"datePublished\":\"2020-03-18T19:02:07+00:00\",\"dateModified\":\"2020-04-06T07:28:07+00:00\",\"author\":{\"@id\":\"https:\\\/\\\/www.divis.eu\\\/#\\\/schema\\\/person\\\/ff9a586418dbfba193bd9e8d1f363d76\"},\"description\":\"Nos mesures pour assurer le bon fonctionnement de nos activit\u00e9s pendant la crise du coronavirus et l'annulation de notre \u00e9v\u00e9nement client\",\"breadcrumb\":{\"@id\":\"https:\\\/\\\/www.divis.eu\\\/fr\\\/ensuring-operations-at-divis-and-information-on-kieler-daag\\\/#breadcrumb\"},\"inLanguage\":\"fr-FR\",\"potentialAction\":[{\"@type\":\"ReadAction\",\"target\":[\"https:\\\/\\\/www.divis.eu\\\/fr\\\/ensuring-operations-at-divis-and-information-on-kieler-daag\\\/\"]}]},{\"@type\":\"ImageObject\",\"inLanguage\":\"fr-FR\",\"@id\":\"https:\\\/\\\/www.divis.eu\\\/fr\\\/ensuring-operations-at-divis-and-information-on-kieler-daag\\\/#primaryimage\",\"url\":\"https:\\\/\\\/www.divis.eu\\\/wp-content\\\/uploads\\\/2020\\\/03\\\/sonder-nl-fr-1.jpg\",\"contentUrl\":\"https:\\\/\\\/www.divis.eu\\\/wp-content\\\/uploads\\\/2020\\\/03\\\/sonder-nl-fr-1.jpg\",\"width\":725,\"height\":400,\"caption\":\"DIVIS Newsletter\"},{\"@type\":\"BreadcrumbList\",\"@id\":\"https:\\\/\\\/www.divis.eu\\\/fr\\\/ensuring-operations-at-divis-and-information-on-kieler-daag\\\/#breadcrumb\",\"itemListElement\":[{\"@type\":\"ListItem\",\"position\":1,\"name\":\"Startseite\",\"item\":\"https:\\\/\\\/www.divis.eu\\\/fr\\\/\"},{\"@type\":\"ListItem\",\"position\":2,\"name\":\"Garantie du bon fonctionnement des activit\u00e9s chez DIVIS et informations sur les \u00ab Kieler Daag \u00bb\"}]},{\"@type\":\"WebSite\",\"@id\":\"https:\\\/\\\/www.divis.eu\\\/#website\",\"url\":\"https:\\\/\\\/www.divis.eu\\\/\",\"name\":\"DIVIS - The intelligent view\",\"description\":\"Videosysteml\u00f6sungen f\u00fcr Umschlags- und Warenlager\",\"potentialAction\":[{\"@type\":\"SearchAction\",\"target\":{\"@type\":\"EntryPoint\",\"urlTemplate\":\"https:\\\/\\\/www.divis.eu\\\/?s={search_term_string}\"},\"query-input\":{\"@type\":\"PropertyValueSpecification\",\"valueRequired\":true,\"valueName\":\"search_term_string\"}}],\"inLanguage\":\"fr-FR\"},{\"@type\":\"Person\",\"@id\":\"https:\\\/\\\/www.divis.eu\\\/#\\\/schema\\\/person\\\/ff9a586418dbfba193bd9e8d1f363d76\",\"name\":\"DIVIS News\"}]}<\/script>\n<!-- \/ Yoast SEO plugin. -->","yoast_head_json":{"title":"Garantie du bon fonctionnement des activit\u00e9s | Informations sur les \u00ab Kieler Daag \u00bb","description":"Nos mesures pour assurer le bon fonctionnement de nos activit\u00e9s pendant la crise du coronavirus et l'annulation de notre \u00e9v\u00e9nement client","robots":{"index":"index","follow":"follow","max-snippet":"max-snippet:-1","max-image-preview":"max-image-preview:large","max-video-preview":"max-video-preview:-1"},"canonical":"https:\/\/www.divis.eu\/fr\/ensuring-operations-at-divis-and-information-on-kieler-daag\/","og_locale":"fr_FR","og_type":"article","og_title":"Garantie du bon fonctionnement des activit\u00e9s | Informations sur les \u00ab Kieler Daag \u00bb","og_description":"Nos mesures pour assurer le bon fonctionnement de nos activit\u00e9s pendant la crise du coronavirus et l'annulation de notre \u00e9v\u00e9nement client","og_url":"https:\/\/www.divis.eu\/fr\/ensuring-operations-at-divis-and-information-on-kieler-daag\/","og_site_name":"DIVIS - The intelligent view","article_published_time":"2020-03-18T19:02:07+00:00","article_modified_time":"2020-04-06T07:28:07+00:00","og_image":[{"width":725,"height":400,"url":"https:\/\/www.divis.eu\/wp-content\/uploads\/2020\/03\/sonder-nl-fr-1.jpg","type":"image\/jpeg"}],"author":"DIVIS News","twitter_card":"summary_large_image","twitter_misc":{"\u00c9crit par":"DIVIS News","Dur\u00e9e de lecture estim\u00e9e":"3 minutes"},"schema":{"@context":"https:\/\/schema.org","@graph":[{"@type":"Article","@id":"https:\/\/www.divis.eu\/fr\/ensuring-operations-at-divis-and-information-on-kieler-daag\/#article","isPartOf":{"@id":"https:\/\/www.divis.eu\/fr\/ensuring-operations-at-divis-and-information-on-kieler-daag\/"},"author":{"name":"DIVIS News","@id":"https:\/\/www.divis.eu\/#\/schema\/person\/ff9a586418dbfba193bd9e8d1f363d76"},"headline":"Garantie du bon fonctionnement des activit\u00e9s chez DIVIS et informations sur les \u00ab Kieler Daag \u00bb","datePublished":"2020-03-18T19:02:07+00:00","dateModified":"2020-04-06T07:28:07+00:00","mainEntityOfPage":{"@id":"https:\/\/www.divis.eu\/fr\/ensuring-operations-at-divis-and-information-on-kieler-daag\/"},"wordCount":688,"image":{"@id":"https:\/\/www.divis.eu\/fr\/ensuring-operations-at-divis-and-information-on-kieler-daag\/#primaryimage"},"thumbnailUrl":"https:\/\/www.divis.eu\/wp-content\/uploads\/2020\/03\/sonder-nl-fr-1.jpg","articleSection":["2020"],"inLanguage":"fr-FR"},{"@type":"WebPage","@id":"https:\/\/www.divis.eu\/fr\/ensuring-operations-at-divis-and-information-on-kieler-daag\/","url":"https:\/\/www.divis.eu\/fr\/ensuring-operations-at-divis-and-information-on-kieler-daag\/","name":"Garantie du bon fonctionnement des activit\u00e9s | Informations sur les \u00ab Kieler Daag \u00bb","isPartOf":{"@id":"https:\/\/www.divis.eu\/#website"},"primaryImageOfPage":{"@id":"https:\/\/www.divis.eu\/fr\/ensuring-operations-at-divis-and-information-on-kieler-daag\/#primaryimage"},"image":{"@id":"https:\/\/www.divis.eu\/fr\/ensuring-operations-at-divis-and-information-on-kieler-daag\/#primaryimage"},"thumbnailUrl":"https:\/\/www.divis.eu\/wp-content\/uploads\/2020\/03\/sonder-nl-fr-1.jpg","datePublished":"2020-03-18T19:02:07+00:00","dateModified":"2020-04-06T07:28:07+00:00","author":{"@id":"https:\/\/www.divis.eu\/#\/schema\/person\/ff9a586418dbfba193bd9e8d1f363d76"},"description":"Nos mesures pour assurer le bon fonctionnement de nos activit\u00e9s pendant la crise du coronavirus et l'annulation de notre \u00e9v\u00e9nement client","breadcrumb":{"@id":"https:\/\/www.divis.eu\/fr\/ensuring-operations-at-divis-and-information-on-kieler-daag\/#breadcrumb"},"inLanguage":"fr-FR","potentialAction":[{"@type":"ReadAction","target":["https:\/\/www.divis.eu\/fr\/ensuring-operations-at-divis-and-information-on-kieler-daag\/"]}]},{"@type":"ImageObject","inLanguage":"fr-FR","@id":"https:\/\/www.divis.eu\/fr\/ensuring-operations-at-divis-and-information-on-kieler-daag\/#primaryimage","url":"https:\/\/www.divis.eu\/wp-content\/uploads\/2020\/03\/sonder-nl-fr-1.jpg","contentUrl":"https:\/\/www.divis.eu\/wp-content\/uploads\/2020\/03\/sonder-nl-fr-1.jpg","width":725,"height":400,"caption":"DIVIS Newsletter"},{"@type":"BreadcrumbList","@id":"https:\/\/www.divis.eu\/fr\/ensuring-operations-at-divis-and-information-on-kieler-daag\/#breadcrumb","itemListElement":[{"@type":"ListItem","position":1,"name":"Startseite","item":"https:\/\/www.divis.eu\/fr\/"},{"@type":"ListItem","position":2,"name":"Garantie du bon fonctionnement des activit\u00e9s chez DIVIS et informations sur les \u00ab Kieler Daag \u00bb"}]},{"@type":"WebSite","@id":"https:\/\/www.divis.eu\/#website","url":"https:\/\/www.divis.eu\/","name":"DIVIS - The intelligent view","description":"Videosysteml\u00f6sungen f\u00fcr Umschlags- und Warenlager","potentialAction":[{"@type":"SearchAction","target":{"@type":"EntryPoint","urlTemplate":"https:\/\/www.divis.eu\/?s={search_term_string}"},"query-input":{"@type":"PropertyValueSpecification","valueRequired":true,"valueName":"search_term_string"}}],"inLanguage":"fr-FR"},{"@type":"Person","@id":"https:\/\/www.divis.eu\/#\/schema\/person\/ff9a586418dbfba193bd9e8d1f363d76","name":"DIVIS News"}]}},"_links":{"self":[{"href":"https:\/\/www.divis.eu\/fr\/wp-json\/wp\/v2\/posts\/18491","targetHints":{"allow":["GET"]}}],"collection":[{"href":"https:\/\/www.divis.eu\/fr\/wp-json\/wp\/v2\/posts"}],"about":[{"href":"https:\/\/www.divis.eu\/fr\/wp-json\/wp\/v2\/types\/post"}],"author":[{"embeddable":true,"href":"https:\/\/www.divis.eu\/fr\/wp-json\/wp\/v2\/users\/1"}],"replies":[{"embeddable":true,"href":"https:\/\/www.divis.eu\/fr\/wp-json\/wp\/v2\/comments?post=18491"}],"version-history":[{"count":0,"href":"https:\/\/www.divis.eu\/fr\/wp-json\/wp\/v2\/posts\/18491\/revisions"}],"wp:featuredmedia":[{"embeddable":true,"href":"https:\/\/www.divis.eu\/fr\/wp-json\/wp\/v2\/media\/18486"}],"wp:attachment":[{"href":"https:\/\/www.divis.eu\/fr\/wp-json\/wp\/v2\/media?parent=18491"}],"wp:term":[{"taxonomy":"category","embeddable":true,"href":"https:\/\/www.divis.eu\/fr\/wp-json\/wp\/v2\/categories?post=18491"},{"taxonomy":"post_tag","embeddable":true,"href":"https:\/\/www.divis.eu\/fr\/wp-json\/wp\/v2\/tags?post=18491"}],"curies":[{"name":"wp","href":"https:\/\/api.w.org\/{rel}","templated":true}]}}