{"id":19122,"date":"2020-06-02T01:25:00","date_gmt":"2020-06-02T01:25:00","guid":{"rendered":"https:\/\/www.divis.eu\/?p=19122"},"modified":"2020-06-02T20:11:59","modified_gmt":"2020-06-02T20:11:59","slug":"communique-special-du-2-juin-2020-hendrik-reger-a-maintenant-rejoint-la-direction","status":"publish","type":"post","link":"https:\/\/www.divis.eu\/fr\/communique-special-du-2-juin-2020-hendrik-reger-a-maintenant-rejoint-la-direction\/","title":{"rendered":"Communiqu\u00e9 sp\u00e9cial du 2 juin 2020 : Hendrik Reger a maintenant rejoint la direction"},"content":{"rendered":"\n<h1>\n\t\tCommuniqu\u00e9 sp\u00e9cial du 2 juin 2020\n\t<\/h1>\n<h1>\n\t\tHendrik Reger a maintenant rejoint la direction\n\t<\/h1>\n<h2>\n\t\tBordesholm, 2 juin 2020\n\t<\/h2>\n\t\t\t\t<img decoding=\"async\" src=\"https:\/\/www.divis.eu\/wp-content\/uploads\/2020\/05\/zuschnitt.jpg\" alt=\"zuschnitt\" itemprop=\"image\" height=\"300\" width=\"725\" title=\"zuschnitt\" onerror=\"this.style.display='none'\">\n\t<strong>Hendrik Reger a \u00e9t\u00e9 nomm\u00e9 au comit\u00e9 de direction de la soci\u00e9t\u00e9 Deutsche Industrie Video System GmbH en tant que directeur g\u00e9n\u00e9ral suppl\u00e9mentaire \u00e0 partir du 01\/06\/2020.<\/strong><br>\n<strong>Avec sa nomination en tant que directeur g\u00e9n\u00e9ral, Hendrik Reger et Thomas Kroll, actionnaire \u00e0 100% et directeur g\u00e9n\u00e9ral de la soci\u00e9t\u00e9 Deutsche Industrie Video System GmbH, travailleront ensemble \u00e0 l\u2019avenir de mani\u00e8re encore plus \u00e9troite et intensive sur l&rsquo;orientation de DIVIS.<\/strong>\nEn tant que directeur des ventes, Hendrik Reger est d\u00e9j\u00e0 fortement impliqu\u00e9 dans la planification et le contr\u00f4le des ventes. Dans son nouveau poste, il se concentrera sur la gestion op\u00e9rationnelle.<br>\nThomas Kroll continuera de se consacrer en priorit\u00e9 au d\u00e9veloppement entrepreneurial et strat\u00e9gique de l&rsquo;entreprise.<br>\nNous nous r\u00e9jouissons d\u2019aborder cette nouvelle \u00e9tape dans l&rsquo;histoire de la soci\u00e9t\u00e9, qui permettra \u00e9galement d&rsquo;orienter DIVIS dans la bonne direction \u00e0 long terme.<br>\nAu nom de toute l&rsquo;\u00e9quipe, nous adressons toutes nos f\u00e9licitations \u00e0 Hendrik Reger pour ce nouveau poste et lui souhaitons beaucoup de succ\u00e8s !\n\t\t\t<h5>CONTEXTE<\/h5><h3>Hendrik Reger<\/h3>\t\t\t\n\t\t\t\t<p>Le commercial de formation a commenc\u00e9 ses \u00e9tudes en organisation et gestion de l\u2019entreprise en 2008 en se concentrant sur le contr\u00f4le de gestion et la gestion de projets. Apr\u00e8s son Bachelor en 2011, Hendrik Reger a commenc\u00e9 comme cadre dans l&rsquo;industrie des produits alimentaires. <br>Hendrik Reger a rejoint DIVIS en 2012 et dirige avec succ\u00e8s le d\u00e9partement Services depuis 2014. <br>En 2017, il a re\u00e7u une procuration et, la m\u00eame ann\u00e9e, il a commenc\u00e9 un master en alternance en administration des affaires, avec comme mati\u00e8res principales la comptabilit\u00e9 et le contr\u00f4le de gestion.<\/p>\n","protected":false},"excerpt":{"rendered":"<p>Hendrik Reger a \u00e9t\u00e9 nomm\u00e9 au comit\u00e9 de direction de la soci\u00e9t\u00e9 Deutsche Industrie Video System GmbH en tant que directeur g\u00e9n\u00e9ral suppl\u00e9mentaire \u00e0 partir du 01\/06\/2020.<\/p>\n","protected":false},"author":1,"featured_media":19069,"comment_status":"closed","ping_status":"closed","sticky":false,"template":"tpl-full-width.php","format":"standard","meta":{"footnotes":""},"categories":[143],"tags":[],"class_list":["post-19122","post","type-post","status-publish","format-standard","has-post-thumbnail","hentry","category-2020-fr"],"yoast_head":"<!-- This site is optimized with the Yoast SEO plugin v27.5 - https:\/\/yoast.com\/product\/yoast-seo-wordpress\/ -->\n<title>Communiqu\u00e9 sp\u00e9cial : Hendrik Reger a maintenant rejoint la direction<\/title>\n<meta name=\"description\" content=\"Hendrik Reger a \u00e9t\u00e9 nomm\u00e9 au comit\u00e9 de direction de la soci\u00e9t\u00e9 Deutsche Industrie Video System GmbH en tant que directeur g\u00e9n\u00e9ral suppl\u00e9mentaire \u00e0 partir du 01\/06\/2020.\" \/>\n<meta name=\"robots\" content=\"index, follow, max-snippet:-1, max-image-preview:large, max-video-preview:-1\" \/>\n<link rel=\"canonical\" href=\"https:\/\/www.divis.eu\/fr\/communique-special-du-2-juin-2020-hendrik-reger-a-maintenant-rejoint-la-direction\/\" \/>\n<meta property=\"og:locale\" content=\"fr_FR\" \/>\n<meta property=\"og:type\" content=\"article\" \/>\n<meta property=\"og:title\" content=\"Communiqu\u00e9 sp\u00e9cial : Hendrik Reger a maintenant rejoint la direction\" \/>\n<meta property=\"og:description\" content=\"Hendrik Reger a \u00e9t\u00e9 nomm\u00e9 au comit\u00e9 de direction de la soci\u00e9t\u00e9 Deutsche Industrie Video System GmbH en tant que directeur g\u00e9n\u00e9ral suppl\u00e9mentaire \u00e0 partir du 01\/06\/2020.\" \/>\n<meta property=\"og:url\" content=\"https:\/\/www.divis.eu\/fr\/communique-special-du-2-juin-2020-hendrik-reger-a-maintenant-rejoint-la-direction\/\" \/>\n<meta property=\"og:site_name\" content=\"DIVIS - The intelligent view\" \/>\n<meta property=\"article:published_time\" content=\"2020-06-02T01:25:00+00:00\" \/>\n<meta property=\"article:modified_time\" content=\"2020-06-02T20:11:59+00:00\" \/>\n<meta property=\"og:image\" content=\"https:\/\/www.divis.eu\/wp-content\/uploads\/2020\/05\/zuschnitt.jpg\" \/>\n\t<meta property=\"og:image:width\" content=\"725\" \/>\n\t<meta property=\"og:image:height\" content=\"300\" \/>\n\t<meta property=\"og:image:type\" content=\"image\/jpeg\" \/>\n<meta name=\"author\" content=\"DIVIS News\" \/>\n<meta name=\"twitter:card\" content=\"summary_large_image\" \/>\n<meta name=\"twitter:label1\" content=\"\u00c9crit par\" \/>\n\t<meta name=\"twitter:data1\" content=\"DIVIS News\" \/>\n\t<meta name=\"twitter:label2\" content=\"Dur\u00e9e de lecture estim\u00e9e\" \/>\n\t<meta name=\"twitter:data2\" content=\"1 minute\" \/>\n<script type=\"application\/ld+json\" class=\"yoast-schema-graph\">{\"@context\":\"https:\\\/\\\/schema.org\",\"@graph\":[{\"@type\":\"Article\",\"@id\":\"https:\\\/\\\/www.divis.eu\\\/fr\\\/communique-special-du-2-juin-2020-hendrik-reger-a-maintenant-rejoint-la-direction\\\/#article\",\"isPartOf\":{\"@id\":\"https:\\\/\\\/www.divis.eu\\\/fr\\\/communique-special-du-2-juin-2020-hendrik-reger-a-maintenant-rejoint-la-direction\\\/\"},\"author\":{\"name\":\"DIVIS News\",\"@id\":\"https:\\\/\\\/www.divis.eu\\\/#\\\/schema\\\/person\\\/ff9a586418dbfba193bd9e8d1f363d76\"},\"headline\":\"Communiqu\u00e9 sp\u00e9cial du 2 juin 2020 : Hendrik Reger a maintenant rejoint la direction\",\"datePublished\":\"2020-06-02T01:25:00+00:00\",\"dateModified\":\"2020-06-02T20:11:59+00:00\",\"mainEntityOfPage\":{\"@id\":\"https:\\\/\\\/www.divis.eu\\\/fr\\\/communique-special-du-2-juin-2020-hendrik-reger-a-maintenant-rejoint-la-direction\\\/\"},\"wordCount\":310,\"image\":{\"@id\":\"https:\\\/\\\/www.divis.eu\\\/fr\\\/communique-special-du-2-juin-2020-hendrik-reger-a-maintenant-rejoint-la-direction\\\/#primaryimage\"},\"thumbnailUrl\":\"https:\\\/\\\/www.divis.eu\\\/wp-content\\\/uploads\\\/2020\\\/05\\\/zuschnitt.jpg\",\"articleSection\":[\"2020\"],\"inLanguage\":\"fr-FR\"},{\"@type\":\"WebPage\",\"@id\":\"https:\\\/\\\/www.divis.eu\\\/fr\\\/communique-special-du-2-juin-2020-hendrik-reger-a-maintenant-rejoint-la-direction\\\/\",\"url\":\"https:\\\/\\\/www.divis.eu\\\/fr\\\/communique-special-du-2-juin-2020-hendrik-reger-a-maintenant-rejoint-la-direction\\\/\",\"name\":\"Communiqu\u00e9 sp\u00e9cial : Hendrik Reger a maintenant rejoint la direction\",\"isPartOf\":{\"@id\":\"https:\\\/\\\/www.divis.eu\\\/#website\"},\"primaryImageOfPage\":{\"@id\":\"https:\\\/\\\/www.divis.eu\\\/fr\\\/communique-special-du-2-juin-2020-hendrik-reger-a-maintenant-rejoint-la-direction\\\/#primaryimage\"},\"image\":{\"@id\":\"https:\\\/\\\/www.divis.eu\\\/fr\\\/communique-special-du-2-juin-2020-hendrik-reger-a-maintenant-rejoint-la-direction\\\/#primaryimage\"},\"thumbnailUrl\":\"https:\\\/\\\/www.divis.eu\\\/wp-content\\\/uploads\\\/2020\\\/05\\\/zuschnitt.jpg\",\"datePublished\":\"2020-06-02T01:25:00+00:00\",\"dateModified\":\"2020-06-02T20:11:59+00:00\",\"author\":{\"@id\":\"https:\\\/\\\/www.divis.eu\\\/#\\\/schema\\\/person\\\/ff9a586418dbfba193bd9e8d1f363d76\"},\"description\":\"Hendrik Reger a \u00e9t\u00e9 nomm\u00e9 au comit\u00e9 de direction de la soci\u00e9t\u00e9 Deutsche Industrie Video System GmbH en tant que directeur g\u00e9n\u00e9ral suppl\u00e9mentaire \u00e0 partir du 01\\\/06\\\/2020.\",\"breadcrumb\":{\"@id\":\"https:\\\/\\\/www.divis.eu\\\/fr\\\/communique-special-du-2-juin-2020-hendrik-reger-a-maintenant-rejoint-la-direction\\\/#breadcrumb\"},\"inLanguage\":\"fr-FR\",\"potentialAction\":[{\"@type\":\"ReadAction\",\"target\":[\"https:\\\/\\\/www.divis.eu\\\/fr\\\/communique-special-du-2-juin-2020-hendrik-reger-a-maintenant-rejoint-la-direction\\\/\"]}]},{\"@type\":\"ImageObject\",\"inLanguage\":\"fr-FR\",\"@id\":\"https:\\\/\\\/www.divis.eu\\\/fr\\\/communique-special-du-2-juin-2020-hendrik-reger-a-maintenant-rejoint-la-direction\\\/#primaryimage\",\"url\":\"https:\\\/\\\/www.divis.eu\\\/wp-content\\\/uploads\\\/2020\\\/05\\\/zuschnitt.jpg\",\"contentUrl\":\"https:\\\/\\\/www.divis.eu\\\/wp-content\\\/uploads\\\/2020\\\/05\\\/zuschnitt.jpg\",\"width\":725,\"height\":300,\"caption\":\"Thomas Kroll und Hendrik Reger | DIVIS\"},{\"@type\":\"BreadcrumbList\",\"@id\":\"https:\\\/\\\/www.divis.eu\\\/fr\\\/communique-special-du-2-juin-2020-hendrik-reger-a-maintenant-rejoint-la-direction\\\/#breadcrumb\",\"itemListElement\":[{\"@type\":\"ListItem\",\"position\":1,\"name\":\"Startseite\",\"item\":\"https:\\\/\\\/www.divis.eu\\\/fr\\\/\"},{\"@type\":\"ListItem\",\"position\":2,\"name\":\"Communiqu\u00e9 sp\u00e9cial du 2 juin 2020 : Hendrik Reger a maintenant rejoint la direction\"}]},{\"@type\":\"WebSite\",\"@id\":\"https:\\\/\\\/www.divis.eu\\\/#website\",\"url\":\"https:\\\/\\\/www.divis.eu\\\/\",\"name\":\"DIVIS - The intelligent view\",\"description\":\"Videosysteml\u00f6sungen f\u00fcr Umschlags- und Warenlager\",\"potentialAction\":[{\"@type\":\"SearchAction\",\"target\":{\"@type\":\"EntryPoint\",\"urlTemplate\":\"https:\\\/\\\/www.divis.eu\\\/?s={search_term_string}\"},\"query-input\":{\"@type\":\"PropertyValueSpecification\",\"valueRequired\":true,\"valueName\":\"search_term_string\"}}],\"inLanguage\":\"fr-FR\"},{\"@type\":\"Person\",\"@id\":\"https:\\\/\\\/www.divis.eu\\\/#\\\/schema\\\/person\\\/ff9a586418dbfba193bd9e8d1f363d76\",\"name\":\"DIVIS News\"}]}<\/script>\n<!-- \/ Yoast SEO plugin. -->","yoast_head_json":{"title":"Communiqu\u00e9 sp\u00e9cial : Hendrik Reger a maintenant rejoint la direction","description":"Hendrik Reger a \u00e9t\u00e9 nomm\u00e9 au comit\u00e9 de direction de la soci\u00e9t\u00e9 Deutsche Industrie Video System GmbH en tant que directeur g\u00e9n\u00e9ral suppl\u00e9mentaire \u00e0 partir du 01\/06\/2020.","robots":{"index":"index","follow":"follow","max-snippet":"max-snippet:-1","max-image-preview":"max-image-preview:large","max-video-preview":"max-video-preview:-1"},"canonical":"https:\/\/www.divis.eu\/fr\/communique-special-du-2-juin-2020-hendrik-reger-a-maintenant-rejoint-la-direction\/","og_locale":"fr_FR","og_type":"article","og_title":"Communiqu\u00e9 sp\u00e9cial : Hendrik Reger a maintenant rejoint la direction","og_description":"Hendrik Reger a \u00e9t\u00e9 nomm\u00e9 au comit\u00e9 de direction de la soci\u00e9t\u00e9 Deutsche Industrie Video System GmbH en tant que directeur g\u00e9n\u00e9ral suppl\u00e9mentaire \u00e0 partir du 01\/06\/2020.","og_url":"https:\/\/www.divis.eu\/fr\/communique-special-du-2-juin-2020-hendrik-reger-a-maintenant-rejoint-la-direction\/","og_site_name":"DIVIS - The intelligent view","article_published_time":"2020-06-02T01:25:00+00:00","article_modified_time":"2020-06-02T20:11:59+00:00","og_image":[{"width":725,"height":300,"url":"https:\/\/www.divis.eu\/wp-content\/uploads\/2020\/05\/zuschnitt.jpg","type":"image\/jpeg"}],"author":"DIVIS News","twitter_card":"summary_large_image","twitter_misc":{"\u00c9crit par":"DIVIS News","Dur\u00e9e de lecture estim\u00e9e":"1 minute"},"schema":{"@context":"https:\/\/schema.org","@graph":[{"@type":"Article","@id":"https:\/\/www.divis.eu\/fr\/communique-special-du-2-juin-2020-hendrik-reger-a-maintenant-rejoint-la-direction\/#article","isPartOf":{"@id":"https:\/\/www.divis.eu\/fr\/communique-special-du-2-juin-2020-hendrik-reger-a-maintenant-rejoint-la-direction\/"},"author":{"name":"DIVIS News","@id":"https:\/\/www.divis.eu\/#\/schema\/person\/ff9a586418dbfba193bd9e8d1f363d76"},"headline":"Communiqu\u00e9 sp\u00e9cial du 2 juin 2020 : Hendrik Reger a maintenant rejoint la direction","datePublished":"2020-06-02T01:25:00+00:00","dateModified":"2020-06-02T20:11:59+00:00","mainEntityOfPage":{"@id":"https:\/\/www.divis.eu\/fr\/communique-special-du-2-juin-2020-hendrik-reger-a-maintenant-rejoint-la-direction\/"},"wordCount":310,"image":{"@id":"https:\/\/www.divis.eu\/fr\/communique-special-du-2-juin-2020-hendrik-reger-a-maintenant-rejoint-la-direction\/#primaryimage"},"thumbnailUrl":"https:\/\/www.divis.eu\/wp-content\/uploads\/2020\/05\/zuschnitt.jpg","articleSection":["2020"],"inLanguage":"fr-FR"},{"@type":"WebPage","@id":"https:\/\/www.divis.eu\/fr\/communique-special-du-2-juin-2020-hendrik-reger-a-maintenant-rejoint-la-direction\/","url":"https:\/\/www.divis.eu\/fr\/communique-special-du-2-juin-2020-hendrik-reger-a-maintenant-rejoint-la-direction\/","name":"Communiqu\u00e9 sp\u00e9cial : Hendrik Reger a maintenant rejoint la direction","isPartOf":{"@id":"https:\/\/www.divis.eu\/#website"},"primaryImageOfPage":{"@id":"https:\/\/www.divis.eu\/fr\/communique-special-du-2-juin-2020-hendrik-reger-a-maintenant-rejoint-la-direction\/#primaryimage"},"image":{"@id":"https:\/\/www.divis.eu\/fr\/communique-special-du-2-juin-2020-hendrik-reger-a-maintenant-rejoint-la-direction\/#primaryimage"},"thumbnailUrl":"https:\/\/www.divis.eu\/wp-content\/uploads\/2020\/05\/zuschnitt.jpg","datePublished":"2020-06-02T01:25:00+00:00","dateModified":"2020-06-02T20:11:59+00:00","author":{"@id":"https:\/\/www.divis.eu\/#\/schema\/person\/ff9a586418dbfba193bd9e8d1f363d76"},"description":"Hendrik Reger a \u00e9t\u00e9 nomm\u00e9 au comit\u00e9 de direction de la soci\u00e9t\u00e9 Deutsche Industrie Video System GmbH en tant que directeur g\u00e9n\u00e9ral suppl\u00e9mentaire \u00e0 partir du 01\/06\/2020.","breadcrumb":{"@id":"https:\/\/www.divis.eu\/fr\/communique-special-du-2-juin-2020-hendrik-reger-a-maintenant-rejoint-la-direction\/#breadcrumb"},"inLanguage":"fr-FR","potentialAction":[{"@type":"ReadAction","target":["https:\/\/www.divis.eu\/fr\/communique-special-du-2-juin-2020-hendrik-reger-a-maintenant-rejoint-la-direction\/"]}]},{"@type":"ImageObject","inLanguage":"fr-FR","@id":"https:\/\/www.divis.eu\/fr\/communique-special-du-2-juin-2020-hendrik-reger-a-maintenant-rejoint-la-direction\/#primaryimage","url":"https:\/\/www.divis.eu\/wp-content\/uploads\/2020\/05\/zuschnitt.jpg","contentUrl":"https:\/\/www.divis.eu\/wp-content\/uploads\/2020\/05\/zuschnitt.jpg","width":725,"height":300,"caption":"Thomas Kroll und Hendrik Reger | DIVIS"},{"@type":"BreadcrumbList","@id":"https:\/\/www.divis.eu\/fr\/communique-special-du-2-juin-2020-hendrik-reger-a-maintenant-rejoint-la-direction\/#breadcrumb","itemListElement":[{"@type":"ListItem","position":1,"name":"Startseite","item":"https:\/\/www.divis.eu\/fr\/"},{"@type":"ListItem","position":2,"name":"Communiqu\u00e9 sp\u00e9cial du 2 juin 2020 : Hendrik Reger a maintenant rejoint la direction"}]},{"@type":"WebSite","@id":"https:\/\/www.divis.eu\/#website","url":"https:\/\/www.divis.eu\/","name":"DIVIS - The intelligent view","description":"Videosysteml\u00f6sungen f\u00fcr Umschlags- und Warenlager","potentialAction":[{"@type":"SearchAction","target":{"@type":"EntryPoint","urlTemplate":"https:\/\/www.divis.eu\/?s={search_term_string}"},"query-input":{"@type":"PropertyValueSpecification","valueRequired":true,"valueName":"search_term_string"}}],"inLanguage":"fr-FR"},{"@type":"Person","@id":"https:\/\/www.divis.eu\/#\/schema\/person\/ff9a586418dbfba193bd9e8d1f363d76","name":"DIVIS News"}]}},"_links":{"self":[{"href":"https:\/\/www.divis.eu\/fr\/wp-json\/wp\/v2\/posts\/19122","targetHints":{"allow":["GET"]}}],"collection":[{"href":"https:\/\/www.divis.eu\/fr\/wp-json\/wp\/v2\/posts"}],"about":[{"href":"https:\/\/www.divis.eu\/fr\/wp-json\/wp\/v2\/types\/post"}],"author":[{"embeddable":true,"href":"https:\/\/www.divis.eu\/fr\/wp-json\/wp\/v2\/users\/1"}],"replies":[{"embeddable":true,"href":"https:\/\/www.divis.eu\/fr\/wp-json\/wp\/v2\/comments?post=19122"}],"version-history":[{"count":0,"href":"https:\/\/www.divis.eu\/fr\/wp-json\/wp\/v2\/posts\/19122\/revisions"}],"wp:featuredmedia":[{"embeddable":true,"href":"https:\/\/www.divis.eu\/fr\/wp-json\/wp\/v2\/media\/19069"}],"wp:attachment":[{"href":"https:\/\/www.divis.eu\/fr\/wp-json\/wp\/v2\/media?parent=19122"}],"wp:term":[{"taxonomy":"category","embeddable":true,"href":"https:\/\/www.divis.eu\/fr\/wp-json\/wp\/v2\/categories?post=19122"},{"taxonomy":"post_tag","embeddable":true,"href":"https:\/\/www.divis.eu\/fr\/wp-json\/wp\/v2\/tags?post=19122"}],"curies":[{"name":"wp","href":"https:\/\/api.w.org\/{rel}","templated":true}]}}