{"id":20328,"date":"2020-10-01T15:23:00","date_gmt":"2020-10-01T15:23:00","guid":{"rendered":"https:\/\/www.divis.eu\/exponentially-growing-package-volumes\/"},"modified":"2026-02-07T01:00:55","modified_gmt":"2026-02-07T01:00:55","slug":"une-croissance-exponentielle-du-volume-des-envois","status":"publish","type":"post","link":"https:\/\/www.divis.eu\/fr\/une-croissance-exponentielle-du-volume-des-envois\/","title":{"rendered":"Une croissance exponentielle du volume des envois"},"content":{"rendered":"\n<h1>\n\t\t\tLA LOGISTIQUE FACE \u00c0 LA CRISE DE LA COVID-19\t<\/h1>\n<h1>\n\t\t\tLa pand\u00e9mie de Covid-19 booste la digitalisation chez les prestataires de services de transport\t<\/h1>\n<h2>\n\t\t\tBordesholm, 1 octobre 2019\t<\/h2>\n\t\t\t<a href=\"https:\/\/www.divis.eu\/fr\/la-pandemie-de-covid-19-booste-la-digitalisation-chez-les-prestataires-de-services-de-transport\/\" target=\"_self\">\n\t\t\t\t\t\t\tRetour \u00e0 l&rsquo;aper\u00e7u\n\t\t\t\t\t<\/a>\n\t\t\t<a href=\"https:\/\/www.divis.eu\/fr\/defis-sur-le-dernier-kilometre-vitesse-et-efficacite\/#efficacite\" target=\"_self\">\n\t\t\t\t\t\t\tChapitre 2\n\t\t\t<\/a>\n\t<p>CHAPITRE 1<\/p>\n<h2  id=\"zukunft\">\n\t\t\tUne croissance exponentielle du volume des envois\t<\/h2>\n\t<p>Avec le confinement, les r\u00e8gles de la distanciation physique et les nouvelles directives en mati\u00e8re d&rsquo;hygi\u00e8ne, le comportement des consommateurs a chang\u00e9 \u00e0 une vitesse inattendue cette ann\u00e9e. Le commerce en ligne b\u00e9n\u00e9ficie de cette situation sans pr\u00e9c\u00e9dent. Suite aux bulles de confinement et aux restrictions de sortie, la demande de produits de divertissement \u00e0 domicile, en particulier, a augment\u00e9. Les appareils techniques de communication domotiques, les articles de sport, les petits appareils \u00e9lectroniques pour l&rsquo;hygi\u00e8ne corporelle et les produits m\u00e9dicaux sont \u00e9galement en plein essor, tout comme le commerce alimentaire en ligne.<\/p>\n\t<p>\u00ab Au cours du deuxi\u00e8me trimestre, le commerce \u00e9lectronique s&rsquo;est impos\u00e9 comme une infrastructure d&rsquo;approvisionnement suppl\u00e9mentaire \u00bb, <a href=\"#bevh\">a r\u00e9sum\u00e9 Christoph Wenk-Fischer*<\/a>, directeur g\u00e9n\u00e9ral du BEVH (association allemande de la vente \u00e0 distance et du commerce \u00e9lectronique).<\/p>\n<p>Une <a href=\"#studie\">\u00e9tude men\u00e9e par Kantar**<\/a> est d\u00e9j\u00e0 parvenue \u00e0 une conclusion similaire en avril de cette ann\u00e9e : 20 % des consommateurs interrog\u00e9s ont d\u00e9clar\u00e9 qu&rsquo;ils achetaient moins dans le commerce de d\u00e9tail stationnaire. 9 % ont confirm\u00e9 qu&rsquo;ils achetaient davantage en ligne et 32 % des consommateurs estiment que leur part d&rsquo;achats en ligne augmentera encore apr\u00e8s la crise de la Covid-19.<\/p>\n<p>Toutefois, la pand\u00e9mie n&rsquo;affecte pas seulement les volumes de commandes, mais aussi tous les processus de commerce \u00e9lectronique et de transport impliquant des personnes.<\/p>\n\t<p>[ &#8230; ] \u00c9tude Kantar : 20 % des consommateurs interrog\u00e9s ont d\u00e9clar\u00e9 qu&rsquo;ils achetaient moins dans le commerce de d\u00e9tail fixe. 9 % ont confirm\u00e9 qu&rsquo;ils achetaient davantage en ligne et 32 % des consommateurs estiment que leur part d&rsquo;achats en ligne augmentera encore apr\u00e8s la crise de la Covid-19.<\/p>\n\t<p>Les retards survenant en ce moment ont une grande vari\u00e9t\u00e9 de causes, telles que le respect n\u00e9cessaire des r\u00e8gles de distanciation et autres mesures de protection, les cong\u00e9s maladie accrus ou m\u00eame les foyers de contamination. Aujourd&rsquo;hui, il est difficile de pr\u00e9voir comment la pand\u00e9mie de Corona et le comportement d&rsquo;achat en ligne vont \u00e9voluer. Cependant, il y a beaucoup \u00e0 sugg\u00e9rer que m\u00eame si la pand\u00e9mie \u00e9tait compl\u00e8tement termin\u00e9e, le commerce en ligne continuerait \u00e0 se maintenir \u00e0 un niveau plus \u00e9lev\u00e9 qu&rsquo;auparavant.<\/p>\n<p>M\u00eame apr\u00e8s les premi\u00e8res mesures d&rsquo;assouplissement, il y avait des signes que la population restait prudente dans de nombreux cas, h\u00e9sitait \u00e0 profiter \u00e0 nouveau des offres des magasins physiques et que l&rsquo;envie de commander en ligne ne cessait pas imm\u00e9diatement.<\/p>\n\t<em>Sources:<br \/>\n<\/em>\n<p><em>*Communiqu\u00e9 de presse du BEVH<\/em><\/p>\n\t<p><em>**\u00c9tude: E-Commerce geht als Gewinner aus Coronakrise hervor<\/em><\/p>\n\t\t\t<a href=\"https:\/\/www.divis.eu\/fr\/la-pandemie-de-covid-19-booste-la-digitalisation-chez-les-prestataires-de-services-de-transport\/\" target=\"_self\">\n\t\t\t\t\t\t\tRetour \u00e0 l&rsquo;aper\u00e7u\n\t\t\t\t\t<\/a>\n\t\t\t<a href=\"https:\/\/www.divis.eu\/fr\/defis-sur-le-dernier-kilometre-vitesse-et-efficacite\/#efficacite\" target=\"_self\">\n\t\t\t\t\t\t\tChapitre 2\n\t\t\t<\/a>\n\t\t\t<h3>Plus d&rsquo;informations sur ce sujet<\/h3>\t\t\t\n\t\t\t\t<p>L&rsquo;article suivant fait \u00e9galement partie de nos rapports sur les effets de la crise corona sur la logistique :<\/p>\n<p><strong>LA CRISE DE LA COVID-19 ACC\u00c9L\u00c8RE LE CHANGEMENT STRUCTUREL<\/strong><br \/><strong>Les solutions num\u00e9riques boostent les entreprises logistiques traditionnelles dans la concurrence pour les partenariats de commerce \u00e9lectronique<br \/><\/strong><\/p>\n\t\t\t<a href=\"https:\/\/www.divis.eu\/fr\/les-solutions-numeriques-boostent-les-entreprises-logistiques-traditionnelles-dans-la-concurrence-pour-les-partenariats-de-commerce-electronique\/\" title=\"Click Here\" target=\"_self\"   role=\"button\" aria-label=\"Trouver l&#039;article\">\n\t\t\t\t\t\t\tTrouver l&rsquo;article\n\t\t<\/a>\n<h2  id=\"loesungen\">\n\t\t\tNos solutions logicielles\t<\/h2>\n\t\t\t\t<img decoding=\"async\" src=\"https:\/\/www.divis.eu\/wp-content\/uploads\/2018\/01\/logo-cargovis-gr.png\" alt=\"logo-cargovis-gr\" title=\"logo-cargovis-gr\" itemprop=\"image\"\/>\n\t\t<h3>Aper\u00e7u rapide des envois palettis\u00e9s avec CargoVIS<\/h3>\t\t\t\n\t\t\t\t<p>Avec notre logiciel de gestion vid\u00e9o pour les entrep\u00f4ts de transbordement, CargoVIS, nous vous offrons une solution syst\u00e8me compl\u00e8te et facile \u00e0 utiliser pour la recherche par images et le suivi des envois de marchandises palettis\u00e9es.<\/p>\n\t\t\t<a href=\"https:\/\/www.divis.eu\/fr\/logiciel-de-gestion-video-cargovis-pour-les-entrepots-de-transbordement\/\" title=\"Click Here\" target=\"_self\"   role=\"button\" aria-label=\"En savoir plus sur CargoVIS\">\n\t\t\t\t\t\t\tEn savoir plus sur CargoVIS\n\t\t<\/a>\n\t\t\t\t<img decoding=\"async\" src=\"https:\/\/www.divis.eu\/wp-content\/uploads\/2018\/01\/logo-parcelvis-gr.png\" alt=\"\" title=\"\" itemprop=\"image\"\/>\n\t\t<h3>ParcelVIS pour l&rsquo;entrep\u00f4t de transbordement &#038; fournisseur de services CEP<\/h3>\t\t\t\n<p>\u00c9conomisez du temps et de l&rsquo;argent et laissez ParcelVIS travailler efficacement pour vous avec la recherche d&rsquo;envois par images dans l&rsquo;entrep\u00f4t de transbordement\u00a0: La saisie du num\u00e9ro de l&rsquo;\u00e9tiquette du colis est la cl\u00e9 de toutes les informations n\u00e9cessaires \u00e0 la localisation et l&rsquo;\u00e9tat d&rsquo;un envoi pour tous les \u00e9v\u00e9nements de num\u00e9risation qui ont eu lieu.<\/p>\n\t\t\t<a href=\"https:\/\/www.divis.eu\/fr\/parcelvis-recherche-denvois-guidee-par-images-dans-les-entrepots-de-transbordement\/\" title=\"Click Here\" target=\"_self\"   role=\"button\" aria-label=\"En savoir plus sur ParcelVIS\">\n\t\t\t\t\t\t\tEn savoir plus sur ParcelVIS\n\t\t<\/a>\n\n","protected":false},"excerpt":{"rendered":"<p>LA LOGISTIQUE FACE \u00c0 LA CRISE DE LA COVID-19 La pand\u00e9mie de Covid-19 booste la digitalisation chez les prestataires de services de transport Bordesholm, 1 octobre 2019 Retour \u00e0 l&rsquo;aper\u00e7u Chapitre 2 CHAPITRE 1 Une croissance exponentielle du volume des envois Avec le confinement, les r\u00e8gles de la distanciation physique et les nouvelles directives en&hellip;<\/p>\n","protected":false},"author":1,"featured_media":0,"comment_status":"closed","ping_status":"closed","sticky":false,"template":"tpl-full-width.php","format":"standard","meta":{"footnotes":""},"categories":[141],"tags":[],"class_list":["post-20328","post","type-post","status-publish","format-standard","hentry","category-info-2020-fr"],"yoast_head":"<!-- This site is optimized with the Yoast SEO plugin v27.5 - https:\/\/yoast.com\/product\/yoast-seo-wordpress\/ -->\n<title>D\u00e9fis pos\u00e9s \u00e0 la logistique : volumes d\u2019envois, concurrence<\/title>\n<meta name=\"description\" content=\"M\u00eame avant la crise de la Covid-19, la logistique \u00e9tait confront\u00e9e \u00e0 des d\u00e9fis tels que des volumes d&#039;envois \u00e9lev\u00e9s et une forte concurrence.\" \/>\n<meta name=\"robots\" content=\"index, follow, max-snippet:-1, max-image-preview:large, max-video-preview:-1\" \/>\n<link rel=\"canonical\" href=\"https:\/\/www.divis.eu\/fr\/une-croissance-exponentielle-du-volume-des-envois\/\" \/>\n<meta property=\"og:locale\" content=\"fr_FR\" \/>\n<meta property=\"og:type\" content=\"article\" \/>\n<meta property=\"og:title\" content=\"D\u00e9fis pos\u00e9s \u00e0 la logistique : volumes d\u2019envois, concurrence\" \/>\n<meta property=\"og:description\" content=\"M\u00eame avant la crise de la Covid-19, la logistique \u00e9tait confront\u00e9e \u00e0 des d\u00e9fis tels que des volumes d&#039;envois \u00e9lev\u00e9s et une forte concurrence.\" \/>\n<meta property=\"og:url\" content=\"https:\/\/www.divis.eu\/fr\/une-croissance-exponentielle-du-volume-des-envois\/\" \/>\n<meta property=\"og:site_name\" content=\"DIVIS - The intelligent view\" \/>\n<meta property=\"article:published_time\" content=\"2020-10-01T15:23:00+00:00\" \/>\n<meta property=\"article:modified_time\" content=\"2026-02-07T01:00:55+00:00\" \/>\n<meta property=\"og:image\" content=\"https:\/\/www.divis.eu\/wp-content\/uploads\/2018\/01\/logo-cargovis-gr.png\" \/>\n<meta name=\"author\" content=\"DIVIS News\" \/>\n<meta name=\"twitter:card\" content=\"summary_large_image\" \/>\n<meta name=\"twitter:label1\" content=\"\u00c9crit par\" \/>\n\t<meta name=\"twitter:data1\" content=\"DIVIS News\" \/>\n\t<meta name=\"twitter:label2\" content=\"Dur\u00e9e de lecture estim\u00e9e\" \/>\n\t<meta name=\"twitter:data2\" content=\"3 minutes\" \/>\n<script type=\"application\/ld+json\" class=\"yoast-schema-graph\">{\"@context\":\"https:\\\/\\\/schema.org\",\"@graph\":[{\"@type\":\"Article\",\"@id\":\"https:\\\/\\\/www.divis.eu\\\/fr\\\/une-croissance-exponentielle-du-volume-des-envois\\\/#article\",\"isPartOf\":{\"@id\":\"https:\\\/\\\/www.divis.eu\\\/fr\\\/une-croissance-exponentielle-du-volume-des-envois\\\/\"},\"author\":{\"name\":\"DIVIS News\",\"@id\":\"https:\\\/\\\/www.divis.eu\\\/#\\\/schema\\\/person\\\/ff9a586418dbfba193bd9e8d1f363d76\"},\"headline\":\"Une croissance exponentielle du volume des envois\",\"datePublished\":\"2020-10-01T15:23:00+00:00\",\"dateModified\":\"2026-02-07T01:00:55+00:00\",\"mainEntityOfPage\":{\"@id\":\"https:\\\/\\\/www.divis.eu\\\/fr\\\/une-croissance-exponentielle-du-volume-des-envois\\\/\"},\"wordCount\":684,\"image\":{\"@id\":\"https:\\\/\\\/www.divis.eu\\\/fr\\\/une-croissance-exponentielle-du-volume-des-envois\\\/#primaryimage\"},\"thumbnailUrl\":\"https:\\\/\\\/www.divis.eu\\\/wp-content\\\/uploads\\\/2018\\\/01\\\/logo-cargovis-gr.png\",\"articleSection\":[\"Info 2020\"],\"inLanguage\":\"fr-FR\"},{\"@type\":\"WebPage\",\"@id\":\"https:\\\/\\\/www.divis.eu\\\/fr\\\/une-croissance-exponentielle-du-volume-des-envois\\\/\",\"url\":\"https:\\\/\\\/www.divis.eu\\\/fr\\\/une-croissance-exponentielle-du-volume-des-envois\\\/\",\"name\":\"D\u00e9fis pos\u00e9s \u00e0 la logistique : volumes d\u2019envois, concurrence\",\"isPartOf\":{\"@id\":\"https:\\\/\\\/www.divis.eu\\\/#website\"},\"primaryImageOfPage\":{\"@id\":\"https:\\\/\\\/www.divis.eu\\\/fr\\\/une-croissance-exponentielle-du-volume-des-envois\\\/#primaryimage\"},\"image\":{\"@id\":\"https:\\\/\\\/www.divis.eu\\\/fr\\\/une-croissance-exponentielle-du-volume-des-envois\\\/#primaryimage\"},\"thumbnailUrl\":\"https:\\\/\\\/www.divis.eu\\\/wp-content\\\/uploads\\\/2018\\\/01\\\/logo-cargovis-gr.png\",\"datePublished\":\"2020-10-01T15:23:00+00:00\",\"dateModified\":\"2026-02-07T01:00:55+00:00\",\"author\":{\"@id\":\"https:\\\/\\\/www.divis.eu\\\/#\\\/schema\\\/person\\\/ff9a586418dbfba193bd9e8d1f363d76\"},\"description\":\"M\u00eame avant la crise de la Covid-19, la logistique \u00e9tait confront\u00e9e \u00e0 des d\u00e9fis tels que des volumes d'envois \u00e9lev\u00e9s et une forte concurrence.\",\"breadcrumb\":{\"@id\":\"https:\\\/\\\/www.divis.eu\\\/fr\\\/une-croissance-exponentielle-du-volume-des-envois\\\/#breadcrumb\"},\"inLanguage\":\"fr-FR\",\"potentialAction\":[{\"@type\":\"ReadAction\",\"target\":[\"https:\\\/\\\/www.divis.eu\\\/fr\\\/une-croissance-exponentielle-du-volume-des-envois\\\/\"]}]},{\"@type\":\"ImageObject\",\"inLanguage\":\"fr-FR\",\"@id\":\"https:\\\/\\\/www.divis.eu\\\/fr\\\/une-croissance-exponentielle-du-volume-des-envois\\\/#primaryimage\",\"url\":\"https:\\\/\\\/www.divis.eu\\\/wp-content\\\/uploads\\\/2018\\\/01\\\/logo-cargovis-gr.png\",\"contentUrl\":\"https:\\\/\\\/www.divis.eu\\\/wp-content\\\/uploads\\\/2018\\\/01\\\/logo-cargovis-gr.png\"},{\"@type\":\"BreadcrumbList\",\"@id\":\"https:\\\/\\\/www.divis.eu\\\/fr\\\/une-croissance-exponentielle-du-volume-des-envois\\\/#breadcrumb\",\"itemListElement\":[{\"@type\":\"ListItem\",\"position\":1,\"name\":\"Startseite\",\"item\":\"https:\\\/\\\/www.divis.eu\\\/fr\\\/\"},{\"@type\":\"ListItem\",\"position\":2,\"name\":\"Une croissance exponentielle du volume des envois\"}]},{\"@type\":\"WebSite\",\"@id\":\"https:\\\/\\\/www.divis.eu\\\/#website\",\"url\":\"https:\\\/\\\/www.divis.eu\\\/\",\"name\":\"DIVIS - The intelligent view\",\"description\":\"Videosysteml\u00f6sungen f\u00fcr Umschlags- und Warenlager\",\"potentialAction\":[{\"@type\":\"SearchAction\",\"target\":{\"@type\":\"EntryPoint\",\"urlTemplate\":\"https:\\\/\\\/www.divis.eu\\\/?s={search_term_string}\"},\"query-input\":{\"@type\":\"PropertyValueSpecification\",\"valueRequired\":true,\"valueName\":\"search_term_string\"}}],\"inLanguage\":\"fr-FR\"},{\"@type\":\"Person\",\"@id\":\"https:\\\/\\\/www.divis.eu\\\/#\\\/schema\\\/person\\\/ff9a586418dbfba193bd9e8d1f363d76\",\"name\":\"DIVIS News\"}]}<\/script>\n<!-- \/ Yoast SEO plugin. -->","yoast_head_json":{"title":"D\u00e9fis pos\u00e9s \u00e0 la logistique : volumes d\u2019envois, concurrence","description":"M\u00eame avant la crise de la Covid-19, la logistique \u00e9tait confront\u00e9e \u00e0 des d\u00e9fis tels que des volumes d'envois \u00e9lev\u00e9s et une forte concurrence.","robots":{"index":"index","follow":"follow","max-snippet":"max-snippet:-1","max-image-preview":"max-image-preview:large","max-video-preview":"max-video-preview:-1"},"canonical":"https:\/\/www.divis.eu\/fr\/une-croissance-exponentielle-du-volume-des-envois\/","og_locale":"fr_FR","og_type":"article","og_title":"D\u00e9fis pos\u00e9s \u00e0 la logistique : volumes d\u2019envois, concurrence","og_description":"M\u00eame avant la crise de la Covid-19, la logistique \u00e9tait confront\u00e9e \u00e0 des d\u00e9fis tels que des volumes d'envois \u00e9lev\u00e9s et une forte concurrence.","og_url":"https:\/\/www.divis.eu\/fr\/une-croissance-exponentielle-du-volume-des-envois\/","og_site_name":"DIVIS - The intelligent view","article_published_time":"2020-10-01T15:23:00+00:00","article_modified_time":"2026-02-07T01:00:55+00:00","og_image":[{"url":"https:\/\/www.divis.eu\/wp-content\/uploads\/2018\/01\/logo-cargovis-gr.png","type":"","width":"","height":""}],"author":"DIVIS News","twitter_card":"summary_large_image","twitter_misc":{"\u00c9crit par":"DIVIS News","Dur\u00e9e de lecture estim\u00e9e":"3 minutes"},"schema":{"@context":"https:\/\/schema.org","@graph":[{"@type":"Article","@id":"https:\/\/www.divis.eu\/fr\/une-croissance-exponentielle-du-volume-des-envois\/#article","isPartOf":{"@id":"https:\/\/www.divis.eu\/fr\/une-croissance-exponentielle-du-volume-des-envois\/"},"author":{"name":"DIVIS News","@id":"https:\/\/www.divis.eu\/#\/schema\/person\/ff9a586418dbfba193bd9e8d1f363d76"},"headline":"Une croissance exponentielle du volume des envois","datePublished":"2020-10-01T15:23:00+00:00","dateModified":"2026-02-07T01:00:55+00:00","mainEntityOfPage":{"@id":"https:\/\/www.divis.eu\/fr\/une-croissance-exponentielle-du-volume-des-envois\/"},"wordCount":684,"image":{"@id":"https:\/\/www.divis.eu\/fr\/une-croissance-exponentielle-du-volume-des-envois\/#primaryimage"},"thumbnailUrl":"https:\/\/www.divis.eu\/wp-content\/uploads\/2018\/01\/logo-cargovis-gr.png","articleSection":["Info 2020"],"inLanguage":"fr-FR"},{"@type":"WebPage","@id":"https:\/\/www.divis.eu\/fr\/une-croissance-exponentielle-du-volume-des-envois\/","url":"https:\/\/www.divis.eu\/fr\/une-croissance-exponentielle-du-volume-des-envois\/","name":"D\u00e9fis pos\u00e9s \u00e0 la logistique : volumes d\u2019envois, concurrence","isPartOf":{"@id":"https:\/\/www.divis.eu\/#website"},"primaryImageOfPage":{"@id":"https:\/\/www.divis.eu\/fr\/une-croissance-exponentielle-du-volume-des-envois\/#primaryimage"},"image":{"@id":"https:\/\/www.divis.eu\/fr\/une-croissance-exponentielle-du-volume-des-envois\/#primaryimage"},"thumbnailUrl":"https:\/\/www.divis.eu\/wp-content\/uploads\/2018\/01\/logo-cargovis-gr.png","datePublished":"2020-10-01T15:23:00+00:00","dateModified":"2026-02-07T01:00:55+00:00","author":{"@id":"https:\/\/www.divis.eu\/#\/schema\/person\/ff9a586418dbfba193bd9e8d1f363d76"},"description":"M\u00eame avant la crise de la Covid-19, la logistique \u00e9tait confront\u00e9e \u00e0 des d\u00e9fis tels que des volumes d'envois \u00e9lev\u00e9s et une forte concurrence.","breadcrumb":{"@id":"https:\/\/www.divis.eu\/fr\/une-croissance-exponentielle-du-volume-des-envois\/#breadcrumb"},"inLanguage":"fr-FR","potentialAction":[{"@type":"ReadAction","target":["https:\/\/www.divis.eu\/fr\/une-croissance-exponentielle-du-volume-des-envois\/"]}]},{"@type":"ImageObject","inLanguage":"fr-FR","@id":"https:\/\/www.divis.eu\/fr\/une-croissance-exponentielle-du-volume-des-envois\/#primaryimage","url":"https:\/\/www.divis.eu\/wp-content\/uploads\/2018\/01\/logo-cargovis-gr.png","contentUrl":"https:\/\/www.divis.eu\/wp-content\/uploads\/2018\/01\/logo-cargovis-gr.png"},{"@type":"BreadcrumbList","@id":"https:\/\/www.divis.eu\/fr\/une-croissance-exponentielle-du-volume-des-envois\/#breadcrumb","itemListElement":[{"@type":"ListItem","position":1,"name":"Startseite","item":"https:\/\/www.divis.eu\/fr\/"},{"@type":"ListItem","position":2,"name":"Une croissance exponentielle du volume des envois"}]},{"@type":"WebSite","@id":"https:\/\/www.divis.eu\/#website","url":"https:\/\/www.divis.eu\/","name":"DIVIS - The intelligent view","description":"Videosysteml\u00f6sungen f\u00fcr Umschlags- und Warenlager","potentialAction":[{"@type":"SearchAction","target":{"@type":"EntryPoint","urlTemplate":"https:\/\/www.divis.eu\/?s={search_term_string}"},"query-input":{"@type":"PropertyValueSpecification","valueRequired":true,"valueName":"search_term_string"}}],"inLanguage":"fr-FR"},{"@type":"Person","@id":"https:\/\/www.divis.eu\/#\/schema\/person\/ff9a586418dbfba193bd9e8d1f363d76","name":"DIVIS News"}]}},"_links":{"self":[{"href":"https:\/\/www.divis.eu\/fr\/wp-json\/wp\/v2\/posts\/20328","targetHints":{"allow":["GET"]}}],"collection":[{"href":"https:\/\/www.divis.eu\/fr\/wp-json\/wp\/v2\/posts"}],"about":[{"href":"https:\/\/www.divis.eu\/fr\/wp-json\/wp\/v2\/types\/post"}],"author":[{"embeddable":true,"href":"https:\/\/www.divis.eu\/fr\/wp-json\/wp\/v2\/users\/1"}],"replies":[{"embeddable":true,"href":"https:\/\/www.divis.eu\/fr\/wp-json\/wp\/v2\/comments?post=20328"}],"version-history":[{"count":0,"href":"https:\/\/www.divis.eu\/fr\/wp-json\/wp\/v2\/posts\/20328\/revisions"}],"wp:attachment":[{"href":"https:\/\/www.divis.eu\/fr\/wp-json\/wp\/v2\/media?parent=20328"}],"wp:term":[{"taxonomy":"category","embeddable":true,"href":"https:\/\/www.divis.eu\/fr\/wp-json\/wp\/v2\/categories?post=20328"},{"taxonomy":"post_tag","embeddable":true,"href":"https:\/\/www.divis.eu\/fr\/wp-json\/wp\/v2\/tags?post=20328"}],"curies":[{"name":"wp","href":"https:\/\/api.w.org\/{rel}","templated":true}]}}