{"id":20349,"date":"2020-10-01T14:06:00","date_gmt":"2020-10-01T14:06:00","guid":{"rendered":"https:\/\/www.divis.eu\/logistik-in-der-corona-krise-und-danach-zusammengefasst\/"},"modified":"2021-10-30T17:42:24","modified_gmt":"2021-10-30T17:42:24","slug":"logistique-dans-la-crise-corona-et-apres-resume","status":"publish","type":"post","link":"https:\/\/www.divis.eu\/fr\/logistique-dans-la-crise-corona-et-apres-resume\/","title":{"rendered":"Logistique dans la crise Corona et apr\u00e8s | R\u00e9sum\u00e9"},"content":{"rendered":"\n<h1>\n\t\tLA LOGISTIQUE FACE \u00c0 LA CRISE DE LA COVID-19\n\t<\/h1>\n<h1>\n\t\tLa pand\u00e9mie de Covid-19 booste la digitalisation chez les prestataires de services de transport\n\t<\/h1>\n<h2>\n\t\tBordesholm, 1 octobre 2019\n\t<\/h2>\n\t\t\t<a href=\"https:\/\/www.divis.eu\/fr\/nouvelles-offres-de-service-suite-au-coronavirus-livraison-sans-contact\/#sanscontact\" target=\"_self\" role=\"button\" rel=\"noopener\">\n\t\t\t\t\t\tChapitre 5\n\t\t\t\t\t<\/a>\n\t\t\t<a href=\"https:\/\/www.divis.eu\/fr\/la-pandemie-de-covid-19-booste-la-digitalisation-chez-les-prestataires-de-services-de-transport\/\" target=\"_self\" role=\"button\" rel=\"noopener\">\n\t\t\t\t\t\t\tRetour \u00e0 l&rsquo;aper\u00e7u\n\t\t\t\t\t<\/a>\n\t<p>CHAPITRE 6<\/p>\n<h3>\n\t\tEn r\u00e9sum\u00e9\n\t<\/h3>\n<h3>\n\t\tO\u00f9 en est la logistique aujourd&rsquo;hui ? Qu&rsquo;est-ce qui sera important \u00e0 l&rsquo;avenir ?\n\t<\/h3>\n\t<p>La crise de la Covid-19 et le changement de comportement d&rsquo;achat qui en r\u00e9sulte tourn\u00e9 vers Internet augmentent la pression sur le secteur de la logistique traditionnelle et cr\u00e9ent de nouveaux obstacles, mais ouvrent \u00e9galement de nouveaux potentiels de vente. Toutefois, ce march\u00e9 en pleine expansion n&rsquo;est pas sans concurrence.<\/p>\n\t<p>\u00c0 l&rsquo;avenir, la transparence, le caract\u00e8re abordable, le confort et la rapidit\u00e9 seront les facteurs qui d\u00e9termineront le succ\u00e8s. La r\u00e9f\u00e9rence absolue sera fix\u00e9e par la livraison le jour m\u00eame et la livraison dans certains cr\u00e9neaux horaires, car cela r\u00e9pondra \u00e9galement au souhait ultime des consommateurs de recevoir leurs marchandises le jour m\u00eame.<\/p>\n<p>Les strat\u00e9gies visant \u00e0 sortir de cette \u00e9volution dans une position stable, voire renforc\u00e9e, comprennent des mesures \u00e0 plusieurs niveaux. D&rsquo;une part, la coop\u00e9ration avec les start-up deviendra de plus en plus importante \u00e0 l&rsquo;avenir et, d&rsquo;autre part, une automatisation et une digitalisation de grande envergure seront n\u00e9cessaires.<\/p>\n\t<p>In the future, transparency, affordability, convenience and speed will be the decisive factors for success.<\/p>\n\t<p>Le facteur humain en tant que r\u00e9gulateur est devenu une partie int\u00e9grante des \u00e9v\u00e9nements complexes dans la plupart des entrep\u00f4ts et dans les rues. Les \u00e9quipements modernes et les technologies num\u00e9riques permettront aux entreprises de se hisser au sommet du march\u00e9 des transports. Le temps gagn\u00e9 gr\u00e2ce \u00e0 des recherches d&rsquo;envois intuitives et rapides dans les syst\u00e8mes de vid\u00e9o-tracking de DIVIS contribue \u00e0 l&rsquo;acc\u00e9l\u00e9ration des processus dans les centres de manutention et de distribution. D&rsquo;autres d\u00e9veloppements sont \u00e9galement envisageables, notamment pour l&rsquo;optimisation de l&rsquo;\u00e9tape logistique pr\u00e9c\u00e9dant les processus de livraison sur le dernier kilom\u00e8tre, l&rsquo;interaction avec les syst\u00e8mes de donn\u00e9es connect\u00e9s, etc. qui, m\u00eame avec des am\u00e9liorations progressives, peuvent apporter des avantages suppl\u00e9mentaires pour les concepts de livraison rapide.<\/p>\n<h3>\n\t\tConnaissez-vous d\u00e9j\u00e0 les solutions de vid\u00e9o-tracking de DIVIS pour un suivi sans faille dans le transbordement et les d\u00e9p\u00f4ts ?\n\t<\/h3>\n\tNos solutions de vid\u00e9o-tracking <a href=\"https:\/\/www.divis.eu\/fr\/logiciel-de-gestion-video-cargovis-pour-les-entrepots-de-transbordement\/\">CargoVIS<\/a> et <a href=\"https:\/\/www.divis.eu\/fr\/parcelvis-recherche-denvois-guidee-par-images-dans-les-entrepots-de-transbordement\/\">ParcelVIS<\/a> assistent et soulagent les processus de l&rsquo;intralogistique \u00e0 de nombreux points critiques.<br \/>\nVous souhaitez obtenir de plus amples informations ?<br \/>\nNous nous r\u00e9jouissons d&rsquo;avoir un entretien personnel avec vous afin de d\u00e9terminer laquelle de nos solutions r\u00e9pond le mieux \u00e0 vos attentes. Nous sommes \u00e9galement heureux de r\u00e9pondre \u00e0 toutes vos questions.\n<p><a href=\"https:\/\/www.divis.eu\/fr\/interlocuteurs-divis-videosurveillance-dentrepots\/\">Nous contacter !<\/a><\/p>\n\t\t\t<a href=\"https:\/\/www.divis.eu\/fr\/nouvelles-offres-de-service-suite-au-coronavirus-livraison-sans-contact\/#sanscontact\" target=\"_self\" role=\"button\" rel=\"noopener\">\n\t\t\t\t\t\tChapitre 5\n\t\t\t\t\t<\/a>\n\t\t\t<a href=\"https:\/\/www.divis.eu\/fr\/la-pandemie-de-covid-19-booste-la-digitalisation-chez-les-prestataires-de-services-de-transport\/\" target=\"_self\" role=\"button\" rel=\"noopener\">\n\t\t\t\t\t\t\tRetour \u00e0 l&rsquo;aper\u00e7u\n\t\t\t\t\t<\/a>\n\t\t\t<h3>Plus d&rsquo;informations sur ce sujet<\/h3>\t\t\t\n\t\t\t\t<p>L&rsquo;article suivant fait \u00e9galement partie de nos rapports sur les effets de la crise corona sur la logistique :<\/p>\n<p><strong>LA CRISE DE LA COVID-19 ACC\u00c9L\u00c8RE LE CHANGEMENT STRUCTUREL<\/strong><br \/><strong>Les solutions num\u00e9riques boostent les entreprises logistiques traditionnelles dans la concurrence pour les partenariats de commerce \u00e9lectronique<br \/><\/strong><\/p>\n\t\t\t<a href=\"https:\/\/www.divis.eu\/fr\/les-solutions-numeriques-boostent-les-entreprises-logistiques-traditionnelles-dans-la-concurrence-pour-les-partenariats-de-commerce-electronique\/\" target=\"_self\" role=\"button\" aria-label=\"Trouver l&#039;article\" rel=\"noopener\">\n\t\t\t\t\t\t\tTrouver l&rsquo;article\n\t\t<\/a>\n<h2>\n\t\tNos solutions logicielles\n\t<\/h2>\n\t\t\t\t<img decoding=\"async\" src=\"https:\/\/www.divis.eu\/wp-content\/uploads\/2018\/01\/logo-cargovis-gr.png\" alt=\"logo-cargovis-gr\" title=\"logo-cargovis-gr\" itemprop=\"image\"\/>\n\t\t<h3>Aper\u00e7u rapide des envois palettis\u00e9s avec CargoVIS<\/h3>\t\t\t\n\t\t\t\t<p>Avec notre logiciel de gestion vid\u00e9o pour les entrep\u00f4ts de transbordement, CargoVIS, nous vous offrons une solution syst\u00e8me compl\u00e8te et facile \u00e0 utiliser pour la recherche par images et le suivi des envois de marchandises palettis\u00e9es.<\/p>\n\t\t\t<a href=\"https:\/\/www.divis.eu\/fr\/logiciel-de-gestion-video-cargovis-pour-les-entrepots-de-transbordement\/\" target=\"_self\" role=\"button\" aria-label=\"En savoir plus sur CargoVIS\" rel=\"noopener\">\n\t\t\t\t\t\t\tEn savoir plus sur CargoVIS\n\t\t<\/a>\n\t\t\t\t<img decoding=\"async\" src=\"https:\/\/www.divis.eu\/wp-content\/uploads\/2018\/01\/logo-parcelvis-gr.png\" alt=\"\" title=\"\" itemprop=\"image\"\/>\n\t\t<h3>ParcelVIS pour l&rsquo;entrep\u00f4t de transbordement &#038; fournisseur de services CEP<\/h3>\t\t\t\n<p>\u00c9conomisez du temps et de l&rsquo;argent et laissez ParcelVIS travailler efficacement pour vous avec la recherche d&rsquo;envois par images dans l&rsquo;entrep\u00f4t de transbordement\u00a0: La saisie du num\u00e9ro de l&rsquo;\u00e9tiquette du colis est la cl\u00e9 de toutes les informations n\u00e9cessaires \u00e0 la localisation et l&rsquo;\u00e9tat d&rsquo;un envoi pour tous les \u00e9v\u00e9nements de num\u00e9risation qui ont eu lieu.<\/p>\n\t\t\t<a href=\"https:\/\/www.divis.eu\/fr\/parcelvis-recherche-denvois-guidee-par-images-dans-les-entrepots-de-transbordement\/\" target=\"_self\" role=\"button\" aria-label=\"En savoir plus sur ParcelVIS\" rel=\"noopener\">\n\t\t\t\t\t\t\tEn savoir plus sur ParcelVIS\n\t\t<\/a>\n\n","protected":false},"excerpt":{"rendered":"<p>LA LOGISTIQUE FACE \u00c0 LA CRISE DE LA COVID-19 La pand\u00e9mie de Covid-19 booste la digitalisation chez les prestataires de services de transport Bordesholm, 1 octobre 2019 Chapitre 5 Retour \u00e0 l&rsquo;aper\u00e7u CHAPITRE 6 En r\u00e9sum\u00e9 O\u00f9 en est la logistique aujourd&rsquo;hui ? Qu&rsquo;est-ce qui sera important \u00e0 l&rsquo;avenir ? La crise de la Covid-19&hellip;<\/p>\n","protected":false},"author":1,"featured_media":0,"comment_status":"closed","ping_status":"closed","sticky":false,"template":"tpl-full-width.php","format":"standard","meta":{"footnotes":""},"categories":[141],"tags":[],"class_list":["post-20349","post","type-post","status-publish","format-standard","hentry","category-info-2020-fr"],"yoast_head":"<!-- This site is optimized with the Yoast SEO plugin v27.4 - https:\/\/yoast.com\/product\/yoast-seo-wordpress\/ -->\n<title>Logistique dans la crise Corona et apr\u00e8s | R\u00e9sum\u00e9<\/title>\n<meta name=\"description\" content=\"Les technologies modernes, la num\u00e9risation et les partenariats strat\u00e9giques d\u00e9terminent la logistique dans la crise de Corona et apr\u00e8s\" \/>\n<meta name=\"robots\" content=\"index, follow, max-snippet:-1, max-image-preview:large, max-video-preview:-1\" \/>\n<link rel=\"canonical\" href=\"https:\/\/www.divis.eu\/fr\/logistique-dans-la-crise-corona-et-apres-resume\/\" \/>\n<meta property=\"og:locale\" content=\"fr_FR\" \/>\n<meta property=\"og:type\" content=\"article\" \/>\n<meta property=\"og:title\" content=\"Logistique dans la crise Corona et apr\u00e8s | R\u00e9sum\u00e9\" \/>\n<meta property=\"og:description\" content=\"Les technologies modernes, la num\u00e9risation et les partenariats strat\u00e9giques d\u00e9terminent la logistique dans la crise de Corona et apr\u00e8s\" \/>\n<meta property=\"og:url\" content=\"https:\/\/www.divis.eu\/fr\/logistique-dans-la-crise-corona-et-apres-resume\/\" \/>\n<meta property=\"og:site_name\" content=\"DIVIS - The intelligent view\" \/>\n<meta property=\"article:published_time\" content=\"2020-10-01T14:06:00+00:00\" \/>\n<meta property=\"article:modified_time\" content=\"2021-10-30T17:42:24+00:00\" \/>\n<meta property=\"og:image\" content=\"https:\/\/www.divis.eu\/wp-content\/uploads\/2018\/01\/logo-cargovis-gr.png\" \/>\n<meta name=\"author\" content=\"DIVIS News\" \/>\n<meta name=\"twitter:card\" content=\"summary_large_image\" \/>\n<meta name=\"twitter:label1\" content=\"\u00c9crit par\" \/>\n\t<meta name=\"twitter:data1\" content=\"DIVIS News\" \/>\n\t<meta name=\"twitter:label2\" content=\"Dur\u00e9e de lecture estim\u00e9e\" \/>\n\t<meta name=\"twitter:data2\" content=\"3 minutes\" \/>\n<script type=\"application\/ld+json\" class=\"yoast-schema-graph\">{\"@context\":\"https:\\\/\\\/schema.org\",\"@graph\":[{\"@type\":\"Article\",\"@id\":\"https:\\\/\\\/www.divis.eu\\\/fr\\\/logistique-dans-la-crise-corona-et-apres-resume\\\/#article\",\"isPartOf\":{\"@id\":\"https:\\\/\\\/www.divis.eu\\\/fr\\\/logistique-dans-la-crise-corona-et-apres-resume\\\/\"},\"author\":{\"name\":\"DIVIS News\",\"@id\":\"https:\\\/\\\/www.divis.eu\\\/#\\\/schema\\\/person\\\/ff9a586418dbfba193bd9e8d1f363d76\"},\"headline\":\"Logistique dans la crise Corona et apr\u00e8s | R\u00e9sum\u00e9\",\"datePublished\":\"2020-10-01T14:06:00+00:00\",\"dateModified\":\"2021-10-30T17:42:24+00:00\",\"mainEntityOfPage\":{\"@id\":\"https:\\\/\\\/www.divis.eu\\\/fr\\\/logistique-dans-la-crise-corona-et-apres-resume\\\/\"},\"wordCount\":673,\"image\":{\"@id\":\"https:\\\/\\\/www.divis.eu\\\/fr\\\/logistique-dans-la-crise-corona-et-apres-resume\\\/#primaryimage\"},\"thumbnailUrl\":\"https:\\\/\\\/www.divis.eu\\\/wp-content\\\/uploads\\\/2018\\\/01\\\/logo-cargovis-gr.png\",\"articleSection\":[\"Info 2020\"],\"inLanguage\":\"fr-FR\"},{\"@type\":\"WebPage\",\"@id\":\"https:\\\/\\\/www.divis.eu\\\/fr\\\/logistique-dans-la-crise-corona-et-apres-resume\\\/\",\"url\":\"https:\\\/\\\/www.divis.eu\\\/fr\\\/logistique-dans-la-crise-corona-et-apres-resume\\\/\",\"name\":\"Logistique dans la crise Corona et apr\u00e8s | R\u00e9sum\u00e9\",\"isPartOf\":{\"@id\":\"https:\\\/\\\/www.divis.eu\\\/#website\"},\"primaryImageOfPage\":{\"@id\":\"https:\\\/\\\/www.divis.eu\\\/fr\\\/logistique-dans-la-crise-corona-et-apres-resume\\\/#primaryimage\"},\"image\":{\"@id\":\"https:\\\/\\\/www.divis.eu\\\/fr\\\/logistique-dans-la-crise-corona-et-apres-resume\\\/#primaryimage\"},\"thumbnailUrl\":\"https:\\\/\\\/www.divis.eu\\\/wp-content\\\/uploads\\\/2018\\\/01\\\/logo-cargovis-gr.png\",\"datePublished\":\"2020-10-01T14:06:00+00:00\",\"dateModified\":\"2021-10-30T17:42:24+00:00\",\"author\":{\"@id\":\"https:\\\/\\\/www.divis.eu\\\/#\\\/schema\\\/person\\\/ff9a586418dbfba193bd9e8d1f363d76\"},\"description\":\"Les technologies modernes, la num\u00e9risation et les partenariats strat\u00e9giques d\u00e9terminent la logistique dans la crise de Corona et apr\u00e8s\",\"breadcrumb\":{\"@id\":\"https:\\\/\\\/www.divis.eu\\\/fr\\\/logistique-dans-la-crise-corona-et-apres-resume\\\/#breadcrumb\"},\"inLanguage\":\"fr-FR\",\"potentialAction\":[{\"@type\":\"ReadAction\",\"target\":[\"https:\\\/\\\/www.divis.eu\\\/fr\\\/logistique-dans-la-crise-corona-et-apres-resume\\\/\"]}]},{\"@type\":\"ImageObject\",\"inLanguage\":\"fr-FR\",\"@id\":\"https:\\\/\\\/www.divis.eu\\\/fr\\\/logistique-dans-la-crise-corona-et-apres-resume\\\/#primaryimage\",\"url\":\"https:\\\/\\\/www.divis.eu\\\/wp-content\\\/uploads\\\/2018\\\/01\\\/logo-cargovis-gr.png\",\"contentUrl\":\"https:\\\/\\\/www.divis.eu\\\/wp-content\\\/uploads\\\/2018\\\/01\\\/logo-cargovis-gr.png\"},{\"@type\":\"BreadcrumbList\",\"@id\":\"https:\\\/\\\/www.divis.eu\\\/fr\\\/logistique-dans-la-crise-corona-et-apres-resume\\\/#breadcrumb\",\"itemListElement\":[{\"@type\":\"ListItem\",\"position\":1,\"name\":\"Startseite\",\"item\":\"https:\\\/\\\/www.divis.eu\\\/fr\\\/\"},{\"@type\":\"ListItem\",\"position\":2,\"name\":\"Logistique dans la crise Corona et apr\u00e8s | R\u00e9sum\u00e9\"}]},{\"@type\":\"WebSite\",\"@id\":\"https:\\\/\\\/www.divis.eu\\\/#website\",\"url\":\"https:\\\/\\\/www.divis.eu\\\/\",\"name\":\"DIVIS - The intelligent view\",\"description\":\"Videosysteml\u00f6sungen f\u00fcr Umschlags- und Warenlager\",\"potentialAction\":[{\"@type\":\"SearchAction\",\"target\":{\"@type\":\"EntryPoint\",\"urlTemplate\":\"https:\\\/\\\/www.divis.eu\\\/?s={search_term_string}\"},\"query-input\":{\"@type\":\"PropertyValueSpecification\",\"valueRequired\":true,\"valueName\":\"search_term_string\"}}],\"inLanguage\":\"fr-FR\"},{\"@type\":\"Person\",\"@id\":\"https:\\\/\\\/www.divis.eu\\\/#\\\/schema\\\/person\\\/ff9a586418dbfba193bd9e8d1f363d76\",\"name\":\"DIVIS News\"}]}<\/script>\n<!-- \/ Yoast SEO plugin. -->","yoast_head_json":{"title":"Logistique dans la crise Corona et apr\u00e8s | R\u00e9sum\u00e9","description":"Les technologies modernes, la num\u00e9risation et les partenariats strat\u00e9giques d\u00e9terminent la logistique dans la crise de Corona et apr\u00e8s","robots":{"index":"index","follow":"follow","max-snippet":"max-snippet:-1","max-image-preview":"max-image-preview:large","max-video-preview":"max-video-preview:-1"},"canonical":"https:\/\/www.divis.eu\/fr\/logistique-dans-la-crise-corona-et-apres-resume\/","og_locale":"fr_FR","og_type":"article","og_title":"Logistique dans la crise Corona et apr\u00e8s | R\u00e9sum\u00e9","og_description":"Les technologies modernes, la num\u00e9risation et les partenariats strat\u00e9giques d\u00e9terminent la logistique dans la crise de Corona et apr\u00e8s","og_url":"https:\/\/www.divis.eu\/fr\/logistique-dans-la-crise-corona-et-apres-resume\/","og_site_name":"DIVIS - The intelligent view","article_published_time":"2020-10-01T14:06:00+00:00","article_modified_time":"2021-10-30T17:42:24+00:00","og_image":[{"url":"https:\/\/www.divis.eu\/wp-content\/uploads\/2018\/01\/logo-cargovis-gr.png","type":"","width":"","height":""}],"author":"DIVIS News","twitter_card":"summary_large_image","twitter_misc":{"\u00c9crit par":"DIVIS News","Dur\u00e9e de lecture estim\u00e9e":"3 minutes"},"schema":{"@context":"https:\/\/schema.org","@graph":[{"@type":"Article","@id":"https:\/\/www.divis.eu\/fr\/logistique-dans-la-crise-corona-et-apres-resume\/#article","isPartOf":{"@id":"https:\/\/www.divis.eu\/fr\/logistique-dans-la-crise-corona-et-apres-resume\/"},"author":{"name":"DIVIS News","@id":"https:\/\/www.divis.eu\/#\/schema\/person\/ff9a586418dbfba193bd9e8d1f363d76"},"headline":"Logistique dans la crise Corona et apr\u00e8s | R\u00e9sum\u00e9","datePublished":"2020-10-01T14:06:00+00:00","dateModified":"2021-10-30T17:42:24+00:00","mainEntityOfPage":{"@id":"https:\/\/www.divis.eu\/fr\/logistique-dans-la-crise-corona-et-apres-resume\/"},"wordCount":673,"image":{"@id":"https:\/\/www.divis.eu\/fr\/logistique-dans-la-crise-corona-et-apres-resume\/#primaryimage"},"thumbnailUrl":"https:\/\/www.divis.eu\/wp-content\/uploads\/2018\/01\/logo-cargovis-gr.png","articleSection":["Info 2020"],"inLanguage":"fr-FR"},{"@type":"WebPage","@id":"https:\/\/www.divis.eu\/fr\/logistique-dans-la-crise-corona-et-apres-resume\/","url":"https:\/\/www.divis.eu\/fr\/logistique-dans-la-crise-corona-et-apres-resume\/","name":"Logistique dans la crise Corona et apr\u00e8s | R\u00e9sum\u00e9","isPartOf":{"@id":"https:\/\/www.divis.eu\/#website"},"primaryImageOfPage":{"@id":"https:\/\/www.divis.eu\/fr\/logistique-dans-la-crise-corona-et-apres-resume\/#primaryimage"},"image":{"@id":"https:\/\/www.divis.eu\/fr\/logistique-dans-la-crise-corona-et-apres-resume\/#primaryimage"},"thumbnailUrl":"https:\/\/www.divis.eu\/wp-content\/uploads\/2018\/01\/logo-cargovis-gr.png","datePublished":"2020-10-01T14:06:00+00:00","dateModified":"2021-10-30T17:42:24+00:00","author":{"@id":"https:\/\/www.divis.eu\/#\/schema\/person\/ff9a586418dbfba193bd9e8d1f363d76"},"description":"Les technologies modernes, la num\u00e9risation et les partenariats strat\u00e9giques d\u00e9terminent la logistique dans la crise de Corona et apr\u00e8s","breadcrumb":{"@id":"https:\/\/www.divis.eu\/fr\/logistique-dans-la-crise-corona-et-apres-resume\/#breadcrumb"},"inLanguage":"fr-FR","potentialAction":[{"@type":"ReadAction","target":["https:\/\/www.divis.eu\/fr\/logistique-dans-la-crise-corona-et-apres-resume\/"]}]},{"@type":"ImageObject","inLanguage":"fr-FR","@id":"https:\/\/www.divis.eu\/fr\/logistique-dans-la-crise-corona-et-apres-resume\/#primaryimage","url":"https:\/\/www.divis.eu\/wp-content\/uploads\/2018\/01\/logo-cargovis-gr.png","contentUrl":"https:\/\/www.divis.eu\/wp-content\/uploads\/2018\/01\/logo-cargovis-gr.png"},{"@type":"BreadcrumbList","@id":"https:\/\/www.divis.eu\/fr\/logistique-dans-la-crise-corona-et-apres-resume\/#breadcrumb","itemListElement":[{"@type":"ListItem","position":1,"name":"Startseite","item":"https:\/\/www.divis.eu\/fr\/"},{"@type":"ListItem","position":2,"name":"Logistique dans la crise Corona et apr\u00e8s | R\u00e9sum\u00e9"}]},{"@type":"WebSite","@id":"https:\/\/www.divis.eu\/#website","url":"https:\/\/www.divis.eu\/","name":"DIVIS - The intelligent view","description":"Videosysteml\u00f6sungen f\u00fcr Umschlags- und Warenlager","potentialAction":[{"@type":"SearchAction","target":{"@type":"EntryPoint","urlTemplate":"https:\/\/www.divis.eu\/?s={search_term_string}"},"query-input":{"@type":"PropertyValueSpecification","valueRequired":true,"valueName":"search_term_string"}}],"inLanguage":"fr-FR"},{"@type":"Person","@id":"https:\/\/www.divis.eu\/#\/schema\/person\/ff9a586418dbfba193bd9e8d1f363d76","name":"DIVIS News"}]}},"_links":{"self":[{"href":"https:\/\/www.divis.eu\/fr\/wp-json\/wp\/v2\/posts\/20349","targetHints":{"allow":["GET"]}}],"collection":[{"href":"https:\/\/www.divis.eu\/fr\/wp-json\/wp\/v2\/posts"}],"about":[{"href":"https:\/\/www.divis.eu\/fr\/wp-json\/wp\/v2\/types\/post"}],"author":[{"embeddable":true,"href":"https:\/\/www.divis.eu\/fr\/wp-json\/wp\/v2\/users\/1"}],"replies":[{"embeddable":true,"href":"https:\/\/www.divis.eu\/fr\/wp-json\/wp\/v2\/comments?post=20349"}],"version-history":[{"count":0,"href":"https:\/\/www.divis.eu\/fr\/wp-json\/wp\/v2\/posts\/20349\/revisions"}],"wp:attachment":[{"href":"https:\/\/www.divis.eu\/fr\/wp-json\/wp\/v2\/media?parent=20349"}],"wp:term":[{"taxonomy":"category","embeddable":true,"href":"https:\/\/www.divis.eu\/fr\/wp-json\/wp\/v2\/categories?post=20349"},{"taxonomy":"post_tag","embeddable":true,"href":"https:\/\/www.divis.eu\/fr\/wp-json\/wp\/v2\/tags?post=20349"}],"curies":[{"name":"wp","href":"https:\/\/api.w.org\/{rel}","templated":true}]}}