{"id":22146,"date":"2021-05-03T00:43:00","date_gmt":"2021-05-03T00:43:00","guid":{"rendered":"https:\/\/www.divis.eu\/video-interview-tip-of-the-month-employee-introduction\/"},"modified":"2024-03-12T18:15:04","modified_gmt":"2024-03-12T18:15:04","slug":"interview-video-conseil-du-mois-presentation-des-collaborateurs","status":"publish","type":"post","link":"https:\/\/www.divis.eu\/fr\/interview-video-conseil-du-mois-presentation-des-collaborateurs\/","title":{"rendered":"Interview vid\u00e9o, conseil du mois, pr\u00e9sentation des collaborateurs"},"content":{"rendered":"\n<h1>\n\t\tInterview vid\u00e9o, conseil du mois, pr\u00e9sentation des collaborateurs\n\t<\/h1>\n<h2>\n\t\tBordesholm, 4 avril 2021\n\t<\/h2>\n\t\t\t\t<img decoding=\"async\" src=\"https:\/\/www.divis.eu\/wp-content\/uploads\/2018\/01\/hendrik-reger-1.png\" alt=\"Hendrik Reger | DIVIS | Videol\u00f6sungen f\u00fcr die Logistik\" title=\"hendrik-reger\" itemprop=\"image\"  \/>\n\t<p>En temps normal, les nouveaux collaborateurs de DIVIS rencontrent personnellement les clients et les personnes int\u00e9ress\u00e9es lors de nos pr\u00e9sentations en direct. Comme cela n&rsquo;est pas possible pour le moment dans le format habituel, nous avons r\u00e9alis\u00e9 une interview vid\u00e9o avec notre nouveau directeur des ventes Justus Kl\u00fcver-Schlotfeldt. Dans cet \u00e9change tr\u00e8s int\u00e9ressant, l&rsquo;expert en logistique internationale parle de son impressionnant parcours et de l&rsquo;avenir de la logistique. Vous trouverez de plus amples informations dans cette \u00e9dition.<\/p>\n<p>Outre le manuel d&rsquo;utilisation, que vous pouvez appeler directement dans le logiciel, notre page d&rsquo;accueil recense \u00e9galement un bon nombre de conseils pratiques. Nous avons regroup\u00e9 ici nos r\u00e9ponses aux questions tr\u00e8s int\u00e9ressantes adress\u00e9es \u00e0 notre service AV &amp; support. Gr\u00e2ce aux instructions en ligne, vous atteindrez vos objectifs encore plus rapidement dans CargoVIS et ParcelVIS et vous d\u00e9couvrirez de nombreuses fonctions utiles. Dans notre newsletter, vous trouverez \u00e0 nouveau le guide qui vous conduira \u00e0 la section sur notre site web.<\/p>\n<p>DIVIS est connu pour son excellent support. Afin de pouvoir continuer \u00e0 offrir cette qualit\u00e9, notre \u00e9quipe de support s&rsquo;est r\u00e9cemment agrandie. Faites la connaissance de notre nouveau coll\u00e8gue Sebastian Bettels.<\/p>\n<p>Hendrik Reger, directeur g\u00e9n\u00e9ral, vous souhaite au nom de toute l&rsquo;\u00e9quipe DIVIS une agr\u00e9able lecture !<\/p>\n<h2>\n\t\tLes th\u00e8mes de cette \u00e9dition\n\t<\/h2>\n<h4>\n\t\t<a href=\"#entrevue\" title=\"EN DIALOGUE AVEC DIVIS\" target=\"_self\" rel=\"noopener\">\n\t\tEN DIALOGUE AVEC DIVIS\n\t\t<\/a>\n\t<\/h4>\n<h4>\n\t\t<a href=\"#entrevue\" title=\"Notre nouveau directeur des ventes DIVIS donne une interview vid\u00e9o\" target=\"_self\" rel=\"noopener\">\n\t\tNotre nouveau directeur des ventes DIVIS donne une interview vid\u00e9o\n\t\t<\/a>\n\t<\/h4>\n<h4>\n\t\t<a href=\"#conseil\" title=\"CONSEIL DU MOIS DIVIS\" target=\"_self\" rel=\"noopener\">\n\t\tCONSEIL DU MOIS DIVIS\n\t\t<\/a>\n\t<\/h4>\n<h4>\n\t\t<a href=\"#conseil\" title=\"CargoVIS &amp; ParcelVIS : Comment travailler encore plus efficacement avec notre logiciel de vid\u00e9o tracking\" target=\"_self\" rel=\"noopener\">\n\t\tCargoVIS &#038; ParcelVIS : Comment travailler encore plus efficacement avec notre logiciel de vid\u00e9o tracking\n\t\t<\/a>\n\t<\/h4>\n<h4>\n\t\t<a href=\"#presente\" title=\"DIVIS SE PR\u00c9SENTE\" target=\"_self\" rel=\"noopener\">\n\t\tDIVIS SE PR\u00c9SENTE\n\t\t<\/a>\n\t<\/h4>\n<h4>\n\t\t<a href=\"#presente\" title=\"Nouveau collaborateur au sein du service interne de DIVIS : Sebastian Bettels\" target=\"_self\" rel=\"noopener\">\n\t\tNouveau collaborateur au sein du service interne de DIVIS : Sebastian Bettels\n\t\t<\/a>\n\t<\/h4>\n<h3>\n\t\tEN DIALOGUE AVEC DIVIS\n\t<\/h3>\n<h2>\n\t\tLe nouveau directeur des ventes de DIVIS se pr\u00e9sente dans une interview vid\u00e9o\n\t<\/h2>\n\tDans la derni\u00e8re \u00e9dition de notre newsletter, nous vous avions pr\u00e9sent\u00e9 Justus Kl\u00fcver-Schlotfeldt. Depuis le 1er f\u00e9vrier 2021, il est chef des ventes et responsable de l&rsquo;expansion des activit\u00e9s \u00e0 l&rsquo;internationale chez DIVIS. Il est \u00e9galement membre de la direction.<br \/>\nLa situation g\u00e9n\u00e9rale actuelle ne permettant pas d&rsquo;organiser les rencontres et les r\u00e9unions dans des salons comme \u00e0 l&rsquo;accoutum\u00e9e, nous avons interview\u00e9 Justus Kl\u00fcver-Schlotfeld pour nos clients. L&rsquo;interview est disponible sous forme de vid\u00e9o.\n<p>Suivez le r\u00e9seauteur chevronn\u00e9 dans un tour d&rsquo;horizon des \u00e9tapes impressionnantes de sa carri\u00e8re jusqu&rsquo;ici. Justus Kl\u00fcver-Schlotfeldt travaille dans le domaine de la logistique internationale depuis plus de 10 ans. Il y a acquis un savoir-faire tr\u00e8s \u00e9tay\u00e9 dans le domaine du transport transfrontalier, notamment en tant que cofondateur de la plateforme FBA (Fulfillment by Amazon) \u00ab ship2prime \u00bb. Au cours de cette interview, il relate ses exp\u00e9riences.<\/p>\n\t<p>Ses visions de l&rsquo;avenir sont \u00e9galement tr\u00e8s int\u00e9ressantes. Il souligne entre autres les d\u00e9fis auxquels, selon lui, la logistique sera confront\u00e9e dans les ann\u00e9es \u00e0 venir et le r\u00f4le que des entreprises comme DIVIS seront amen\u00e9es \u00e0 jouer dans les nouveaux d\u00e9veloppements.<\/p>\n<h3>D\u00e9couvrez vite cette interview !<\/h3>\n\t\t\t <div class=\"brlbs-cmpnt-container brlbs-cmpnt-content-blocker brlbs-cmpnt-with-individual-styles\" data-borlabs-cookie-content-blocker-id=\"youtube-content-blocker\" data-borlabs-cookie-content=\"PGlmcmFtZSB3aWR0aD0iNTYwIiBoZWlnaHQ9IjMxNSIgc3JjPSJodHRwczovL3d3dy55b3V0dWJlLW5vY29va2llLmNvbS9lbWJlZC9OUC12SnY3clFlZyIgZnJhbWVib3JkZXI9IjAiIGFsbG93PSJhdXRvcGxheTsgZW5jcnlwdGVkLW1lZGlhIiBhbGxvd2Z1bGxzY3JlZW4+PC9pZnJhbWU+\"><div class=\"brlbs-cmpnt-cb-preset-c brlbs-cmpnt-cb-youtube\"> <div class=\"brlbs-cmpnt-cb-thumbnail\" style=\"background-image: url('https:\/\/www.divis.eu\/wp-content\/uploads\/borlabs-cookie\/1\/brlbs-cb-youtube-main.png')\"><\/div> <div class=\"brlbs-cmpnt-cb-main\"> <div class=\"brlbs-cmpnt-cb-play-button\"><\/div> <div class=\"brlbs-cmpnt-cb-content\"> <p class=\"brlbs-cmpnt-cb-description\">Vous \u00eates actuellement en train de consulter le contenu d&rsquo;un espace r\u00e9serv\u00e9 de <strong>YouTube<\/strong>. Pour acc\u00e9der au contenu r\u00e9el, cliquez sur le bouton ci-dessous. Veuillez noter que ce faisant, des donn\u00e9es seront partag\u00e9es avec des providers tiers.<\/p> <a class=\"brlbs-cmpnt-cb-provider-toggle\" href=\"#\" data-borlabs-cookie-show-provider-information role=\"button\">Plus d&rsquo;informations<\/a> <\/div> <div class=\"brlbs-cmpnt-cb-buttons\"> <a class=\"brlbs-cmpnt-cb-btn\" href=\"#\" data-borlabs-cookie-unblock role=\"button\">D\u00e9bloquer le contenu<\/a> <a class=\"brlbs-cmpnt-cb-btn\" href=\"#\" data-borlabs-cookie-accept-service role=\"button\" style=\"display: inherit\">Accepter le service requis et d\u00e9bloquer les contenus<\/a> <\/div> <\/div> <\/div><\/div>\t\t\t\n\t\t<img decoding=\"async\" src=\"https:\/\/www.divis.eu\/wp-content\/uploads\/2021\/05\/justus-kluever-schlotfeldt-DIVIS-interview-thumb.jpg\" alt=\"\"\/>\n<h3>\n\t\tDIVIS TIP OF THE MONTH\n\t<\/h3>\n<h2>\n\t\tCargoVIS &#038; ParcelVIS\n\t<\/h2>\n<h2>\n\t\tComment travailler encore plus efficacement avec notre logiciel de vid\u00e9o tracking\n\t<\/h2>\n\t\t\t\t<a href=\"https:\/\/www.divis.eu\/fr\/conseils-produits-divis-suivi-des-marchandises-par-videotracking\/\" target=\"_self\" itemprop=\"url\" rel=\"noopener\">\n\t\t\t\t<img decoding=\"async\" src=\"https:\/\/www.divis.eu\/wp-content\/uploads\/2021\/05\/produkttipps-fr.jpg\" alt=\"Informations sur le produit | CargoVIS | ParcelVIS\" title=\"produkttipps-fr\" itemprop=\"image\"  \/>\n\t\t\t\t\t\t<\/a>\n\tSi vous utilisez <a href=\"https:\/\/www.divis.eu\/fr\/logiciel-de-gestion-video-cargovis-pour-les-entrepots-de-transbordement\/\">CargoVIS<\/a> ou <a href=\"https:\/\/www.divis.eu\/fr\/parcelvis-recherche-denvois-guidee-par-images-dans-les-entrepots-de-transbordement\/\">ParcelVIS<\/a> dans votre entreprise, vous connaissez d\u00e9j\u00e0 le fonctionnement de notre syst\u00e8me de vid\u00e9o tracking. Si vous avez des questions concernant le fonctionnement du logiciel, le manuel d&rsquo;utilisation int\u00e9gr\u00e9 au logiciel sous l&rsquo;option de menu \u00ab Aide \u00bb vous apportera une aide pr\u00e9cieuse.<strong><br \/>\n<\/strong>\n<p><strong>En plus du manuel d&rsquo;utilisation, une section contenant de nombreuses astuces pratiques a \u00e9t\u00e9 cr\u00e9\u00e9e sur notre page d&rsquo;accueil. Nous faisons ici un r\u00e9capitulatif de nos r\u00e9ponses aux demandes int\u00e9ressantes adress\u00e9es \u00e0 notre service AV &amp; support, les notes de mise \u00e0 jour des nouvelles versions du logiciel et d\u00e9crivons les nouvelles fonctionnalit\u00e9s ou am\u00e9lior\u00e9es qui ont \u00e9t\u00e9 ajout\u00e9es apr\u00e8s une mise \u00e0 jour.<\/strong><\/p>\n\t<p>Par exemple, savez-vous comment transf\u00e9rer des preuves vid\u00e9o utilisables par les tribunaux \u00e0 partir de CargoVIS &amp; ParcelVIS avec VISPlayer ? Ou comment enregistrer une image scann\u00e9e dans ParcelVIS en un seul clic ? <\/p>\n<p>Vous souhaitez fractionner de longues s\u00e9quences vid\u00e9o avant de les exporter ? Ou voulez-vous cr\u00e9er et g\u00e9rer des vues individuelles en direct dans CargoVIS ? <\/p>\n\t<p>Vous trouverez ces astuces, et bien d&rsquo;autres encore, pour acc\u00e9l\u00e9rer vos recherches et am\u00e9liorer le confort d&rsquo;utilisation sur notre site web, dans la <strong>section \u00ab Conseils produits \u00bb<\/strong>.<\/p>\n<p><strong>Vous \u00eates curieux de savoir quelles fonctions peuvent vous faire gagner encore plus de temps ?<\/strong><\/p>\n<p>Venez alors jeter un coup d&rsquo;\u0153il dans notre \u00ab centre d&rsquo;informations \u00bb et feuilletez nos <a href=\"https:\/\/www.divis.eu\/fr\/conseils-produits-divis-suivi-des-marchandises-par-videotracking\/\">\u00ab conseils produits DIVIS \u00bb<\/a>. Comme nous avons rassembl\u00e9 entre temps beaucoup d&rsquo;informations dans cette section, la fonction de recherche et de filtrage vous permet de rechercher plus facilement des sujets sp\u00e9cifiques. Essayez !<\/p>\n<strong>Vous avez des questions sur notre logiciel ou sur certaines fonctionnalit\u00e9s auxquelles vous n&rsquo;avez pas encore trouv\u00e9 de r\u00e9ponse ? <\/strong><br \/>\n<strong><a href=\"https:\/\/www.divis.eu\/fr\/interlocuteurs-divis-videosurveillance-dentrepots\/\">Alors contactez-nous !<\/a> Nous vous aidons volontiers.<\/strong>\n\t\t\t<a href=\"https:\/\/www.divis.eu\/fr\/conseils-produits-divis-suivi-des-marchandises-par-videotracking\/\" target=\"_self\" role=\"button\" aria-label=\"Trouver des conseils sur les produits\" rel=\"noopener\">\n\t\t\t\t\t\t\tTrouver des conseils sur les produits\n\t\t<\/a>\n<h3>\n\t\tDIVIS SE PR\u00c9SENTE\n\t<\/h3>\n<h2>\n\t\tNouveau collaborateur au sein du service interne de DIVIS : Sebastian Bettels\n\t<\/h2>\n\t<p><img decoding=\"async\" src=\"https:\/\/www.divis.eu\/wp-content\/uploads\/2021\/05\/divis-sebastian-bettels.jpg\" alt=\"\" width=\"240\" height=\"265\" \/><\/p>\nAfin de pouvoir offrir \u00e0 nos clients un soutien complet \u00e0 long terme, notre \u00e9quipe s&rsquo;agrandit constamment. Le 1er mars 2021, le support DIVIS a donc accueilli un nouveau coll\u00e8gue en son sein.<br \/>\nSebastian Bettels a suivi une formation d&rsquo;administrateur syst\u00e8me. Il a un attrait particulier pour l&rsquo;informatique et il compte d\u00e9j\u00e0 dix ans d&rsquo;exp\u00e9rience professionnelle dans ce domaine.\n<p>Il appr\u00e9cie \u00e9galement le contact direct et l&rsquo;interaction avec les clients et les employ\u00e9s. Fort de toutes ces conditions r\u00e9unies, il a trouv\u00e9 parfaitement sa place dans le d\u00e9partement service AV et support de DIVIS.<\/p>\nEn tr\u00e8s peu de temps depuis son entr\u00e9e en fonction, il a d\u00e9j\u00e0 pu mesurer l&rsquo;esprit d&rsquo;\u00e9quipe qui r\u00e8gne chez DIVIS et trouve l&rsquo;ambiance de travail excellente. Il appr\u00e9cie particuli\u00e8rement l&rsquo;aide et la gentillesse de ses coll\u00e8gues qui l&rsquo;ont accompagn\u00e9 \u00e0 ses d\u00e9buts.<br \/>\nSelon Sebastian, sa flexibilit\u00e9 est sa grande force. Cela lui donne de l&rsquo;assurance et le sentiment de ma\u00eetriser parfaitement ses nouvelles t\u00e2ches dans le support.\nBien que Sebastian se consacre enti\u00e8rement \u00e0 l&rsquo;informatique et aux pr\u00e9occupations et v\u0153ux de nos clients pendant la journ\u00e9e, la technique n&rsquo;est pas forc\u00e9ment sa priorit\u00e9 absolue apr\u00e8s le travail. Pour se d\u00e9tendre, il aime bien lire.<br \/>\nNotre nouveau collaborateur de l&rsquo;\u00e9quipe support se r\u00e9jouit de pouvoir inspirer les clients de DIVIS par son attention et son aide en compagnie de ses coll\u00e8gues \u00e0 l&rsquo;avenir.\n<p>Bienvenue dans l&rsquo;\u00e9quipe de DIVIS, Sebastian !<\/p>\n<p>&nbsp;<\/p>\n\n","protected":false},"excerpt":{"rendered":"<p>Faites connaissance de notre nouveau directeur des ventes dans une interview vid\u00e9o. L\u2019\u00e9quipe du support de DIVIS s\u2019agrandit. Nous souhaitons \u00e9galement attirer une nouvelle fois votre attention sur nos astuces utiles concernant les logiciels.<\/p>\n","protected":false},"author":1,"featured_media":22111,"comment_status":"closed","ping_status":"closed","sticky":false,"template":"tpl-full-width.php","format":"standard","meta":{"footnotes":""},"categories":[183],"tags":[],"class_list":["post-22146","post","type-post","status-publish","format-standard","has-post-thumbnail","hentry","category-2021-fr"],"yoast_head":"<!-- This site is optimized with the Yoast SEO plugin v27.4 - https:\/\/yoast.com\/product\/yoast-seo-wordpress\/ -->\n<title>Notre nouveau directeur des ventes DIVIS se pr\u00e9sente | DIVIS<\/title>\n<meta name=\"description\" content=\"Faites connaissance de notre nouveau directeur des ventes dans une interview vid\u00e9o. L\u2019\u00e9quipe support de DIVIS s\u2019agrandit...\" \/>\n<meta name=\"robots\" content=\"index, follow, max-snippet:-1, max-image-preview:large, max-video-preview:-1\" \/>\n<link rel=\"canonical\" href=\"https:\/\/www.divis.eu\/fr\/interview-video-conseil-du-mois-presentation-des-collaborateurs\/\" \/>\n<meta property=\"og:locale\" content=\"fr_FR\" \/>\n<meta property=\"og:type\" content=\"article\" \/>\n<meta property=\"og:title\" content=\"Notre nouveau directeur des ventes DIVIS se pr\u00e9sente | DIVIS\" \/>\n<meta property=\"og:description\" content=\"Faites connaissance de notre nouveau directeur des ventes dans une interview vid\u00e9o. L\u2019\u00e9quipe support de DIVIS s\u2019agrandit...\" \/>\n<meta property=\"og:url\" content=\"https:\/\/www.divis.eu\/fr\/interview-video-conseil-du-mois-presentation-des-collaborateurs\/\" \/>\n<meta property=\"og:site_name\" content=\"DIVIS - The intelligent view\" \/>\n<meta property=\"article:published_time\" content=\"2021-05-03T00:43:00+00:00\" \/>\n<meta property=\"article:modified_time\" content=\"2024-03-12T18:15:04+00:00\" \/>\n<meta property=\"og:image\" content=\"https:\/\/www.divis.eu\/wp-content\/uploads\/2021\/05\/tipp-des-monats-FR.gif\" \/>\n\t<meta property=\"og:image:width\" content=\"725\" \/>\n\t<meta property=\"og:image:height\" content=\"400\" \/>\n\t<meta property=\"og:image:type\" content=\"image\/gif\" \/>\n<meta name=\"author\" content=\"DIVIS News\" \/>\n<meta name=\"twitter:card\" content=\"summary_large_image\" \/>\n<meta name=\"twitter:label1\" content=\"\u00c9crit par\" \/>\n\t<meta name=\"twitter:data1\" content=\"DIVIS News\" \/>\n\t<meta name=\"twitter:label2\" content=\"Dur\u00e9e de lecture estim\u00e9e\" \/>\n\t<meta name=\"twitter:data2\" content=\"5 minutes\" \/>\n<script type=\"application\/ld+json\" class=\"yoast-schema-graph\">{\"@context\":\"https:\\\/\\\/schema.org\",\"@graph\":[{\"@type\":\"Article\",\"@id\":\"https:\\\/\\\/www.divis.eu\\\/fr\\\/interview-video-conseil-du-mois-presentation-des-collaborateurs\\\/#article\",\"isPartOf\":{\"@id\":\"https:\\\/\\\/www.divis.eu\\\/fr\\\/interview-video-conseil-du-mois-presentation-des-collaborateurs\\\/\"},\"author\":{\"name\":\"DIVIS News\",\"@id\":\"https:\\\/\\\/www.divis.eu\\\/#\\\/schema\\\/person\\\/ff9a586418dbfba193bd9e8d1f363d76\"},\"headline\":\"Interview vid\u00e9o, conseil du mois, pr\u00e9sentation des collaborateurs\",\"datePublished\":\"2021-05-03T00:43:00+00:00\",\"dateModified\":\"2024-03-12T18:15:04+00:00\",\"mainEntityOfPage\":{\"@id\":\"https:\\\/\\\/www.divis.eu\\\/fr\\\/interview-video-conseil-du-mois-presentation-des-collaborateurs\\\/\"},\"wordCount\":1157,\"image\":{\"@id\":\"https:\\\/\\\/www.divis.eu\\\/fr\\\/interview-video-conseil-du-mois-presentation-des-collaborateurs\\\/#primaryimage\"},\"thumbnailUrl\":\"https:\\\/\\\/www.divis.eu\\\/wp-content\\\/uploads\\\/2021\\\/05\\\/tipp-des-monats-FR.gif\",\"articleSection\":[\"2021\"],\"inLanguage\":\"fr-FR\"},{\"@type\":\"WebPage\",\"@id\":\"https:\\\/\\\/www.divis.eu\\\/fr\\\/interview-video-conseil-du-mois-presentation-des-collaborateurs\\\/\",\"url\":\"https:\\\/\\\/www.divis.eu\\\/fr\\\/interview-video-conseil-du-mois-presentation-des-collaborateurs\\\/\",\"name\":\"Notre nouveau directeur des ventes DIVIS se pr\u00e9sente | DIVIS\",\"isPartOf\":{\"@id\":\"https:\\\/\\\/www.divis.eu\\\/#website\"},\"primaryImageOfPage\":{\"@id\":\"https:\\\/\\\/www.divis.eu\\\/fr\\\/interview-video-conseil-du-mois-presentation-des-collaborateurs\\\/#primaryimage\"},\"image\":{\"@id\":\"https:\\\/\\\/www.divis.eu\\\/fr\\\/interview-video-conseil-du-mois-presentation-des-collaborateurs\\\/#primaryimage\"},\"thumbnailUrl\":\"https:\\\/\\\/www.divis.eu\\\/wp-content\\\/uploads\\\/2021\\\/05\\\/tipp-des-monats-FR.gif\",\"datePublished\":\"2021-05-03T00:43:00+00:00\",\"dateModified\":\"2024-03-12T18:15:04+00:00\",\"author\":{\"@id\":\"https:\\\/\\\/www.divis.eu\\\/#\\\/schema\\\/person\\\/ff9a586418dbfba193bd9e8d1f363d76\"},\"description\":\"Faites connaissance de notre nouveau directeur des ventes dans une interview vid\u00e9o. L\u2019\u00e9quipe support de DIVIS s\u2019agrandit...\",\"breadcrumb\":{\"@id\":\"https:\\\/\\\/www.divis.eu\\\/fr\\\/interview-video-conseil-du-mois-presentation-des-collaborateurs\\\/#breadcrumb\"},\"inLanguage\":\"fr-FR\",\"potentialAction\":[{\"@type\":\"ReadAction\",\"target\":[\"https:\\\/\\\/www.divis.eu\\\/fr\\\/interview-video-conseil-du-mois-presentation-des-collaborateurs\\\/\"]}]},{\"@type\":\"ImageObject\",\"inLanguage\":\"fr-FR\",\"@id\":\"https:\\\/\\\/www.divis.eu\\\/fr\\\/interview-video-conseil-du-mois-presentation-des-collaborateurs\\\/#primaryimage\",\"url\":\"https:\\\/\\\/www.divis.eu\\\/wp-content\\\/uploads\\\/2021\\\/05\\\/tipp-des-monats-FR.gif\",\"contentUrl\":\"https:\\\/\\\/www.divis.eu\\\/wp-content\\\/uploads\\\/2021\\\/05\\\/tipp-des-monats-FR.gif\",\"width\":725,\"height\":400,\"caption\":\"DIVIS Newsletter\"},{\"@type\":\"BreadcrumbList\",\"@id\":\"https:\\\/\\\/www.divis.eu\\\/fr\\\/interview-video-conseil-du-mois-presentation-des-collaborateurs\\\/#breadcrumb\",\"itemListElement\":[{\"@type\":\"ListItem\",\"position\":1,\"name\":\"Startseite\",\"item\":\"https:\\\/\\\/www.divis.eu\\\/fr\\\/\"},{\"@type\":\"ListItem\",\"position\":2,\"name\":\"Interview vid\u00e9o, conseil du mois, pr\u00e9sentation des collaborateurs\"}]},{\"@type\":\"WebSite\",\"@id\":\"https:\\\/\\\/www.divis.eu\\\/#website\",\"url\":\"https:\\\/\\\/www.divis.eu\\\/\",\"name\":\"DIVIS - The intelligent view\",\"description\":\"Videosysteml\u00f6sungen f\u00fcr Umschlags- und Warenlager\",\"potentialAction\":[{\"@type\":\"SearchAction\",\"target\":{\"@type\":\"EntryPoint\",\"urlTemplate\":\"https:\\\/\\\/www.divis.eu\\\/?s={search_term_string}\"},\"query-input\":{\"@type\":\"PropertyValueSpecification\",\"valueRequired\":true,\"valueName\":\"search_term_string\"}}],\"inLanguage\":\"fr-FR\"},{\"@type\":\"Person\",\"@id\":\"https:\\\/\\\/www.divis.eu\\\/#\\\/schema\\\/person\\\/ff9a586418dbfba193bd9e8d1f363d76\",\"name\":\"DIVIS News\"}]}<\/script>\n<!-- \/ Yoast SEO plugin. -->","yoast_head_json":{"title":"Notre nouveau directeur des ventes DIVIS se pr\u00e9sente | DIVIS","description":"Faites connaissance de notre nouveau directeur des ventes dans une interview vid\u00e9o. L\u2019\u00e9quipe support de DIVIS s\u2019agrandit...","robots":{"index":"index","follow":"follow","max-snippet":"max-snippet:-1","max-image-preview":"max-image-preview:large","max-video-preview":"max-video-preview:-1"},"canonical":"https:\/\/www.divis.eu\/fr\/interview-video-conseil-du-mois-presentation-des-collaborateurs\/","og_locale":"fr_FR","og_type":"article","og_title":"Notre nouveau directeur des ventes DIVIS se pr\u00e9sente | DIVIS","og_description":"Faites connaissance de notre nouveau directeur des ventes dans une interview vid\u00e9o. L\u2019\u00e9quipe support de DIVIS s\u2019agrandit...","og_url":"https:\/\/www.divis.eu\/fr\/interview-video-conseil-du-mois-presentation-des-collaborateurs\/","og_site_name":"DIVIS - The intelligent view","article_published_time":"2021-05-03T00:43:00+00:00","article_modified_time":"2024-03-12T18:15:04+00:00","og_image":[{"width":725,"height":400,"url":"https:\/\/www.divis.eu\/wp-content\/uploads\/2021\/05\/tipp-des-monats-FR.gif","type":"image\/gif"}],"author":"DIVIS News","twitter_card":"summary_large_image","twitter_misc":{"\u00c9crit par":"DIVIS News","Dur\u00e9e de lecture estim\u00e9e":"5 minutes"},"schema":{"@context":"https:\/\/schema.org","@graph":[{"@type":"Article","@id":"https:\/\/www.divis.eu\/fr\/interview-video-conseil-du-mois-presentation-des-collaborateurs\/#article","isPartOf":{"@id":"https:\/\/www.divis.eu\/fr\/interview-video-conseil-du-mois-presentation-des-collaborateurs\/"},"author":{"name":"DIVIS News","@id":"https:\/\/www.divis.eu\/#\/schema\/person\/ff9a586418dbfba193bd9e8d1f363d76"},"headline":"Interview vid\u00e9o, conseil du mois, pr\u00e9sentation des collaborateurs","datePublished":"2021-05-03T00:43:00+00:00","dateModified":"2024-03-12T18:15:04+00:00","mainEntityOfPage":{"@id":"https:\/\/www.divis.eu\/fr\/interview-video-conseil-du-mois-presentation-des-collaborateurs\/"},"wordCount":1157,"image":{"@id":"https:\/\/www.divis.eu\/fr\/interview-video-conseil-du-mois-presentation-des-collaborateurs\/#primaryimage"},"thumbnailUrl":"https:\/\/www.divis.eu\/wp-content\/uploads\/2021\/05\/tipp-des-monats-FR.gif","articleSection":["2021"],"inLanguage":"fr-FR"},{"@type":"WebPage","@id":"https:\/\/www.divis.eu\/fr\/interview-video-conseil-du-mois-presentation-des-collaborateurs\/","url":"https:\/\/www.divis.eu\/fr\/interview-video-conseil-du-mois-presentation-des-collaborateurs\/","name":"Notre nouveau directeur des ventes DIVIS se pr\u00e9sente | DIVIS","isPartOf":{"@id":"https:\/\/www.divis.eu\/#website"},"primaryImageOfPage":{"@id":"https:\/\/www.divis.eu\/fr\/interview-video-conseil-du-mois-presentation-des-collaborateurs\/#primaryimage"},"image":{"@id":"https:\/\/www.divis.eu\/fr\/interview-video-conseil-du-mois-presentation-des-collaborateurs\/#primaryimage"},"thumbnailUrl":"https:\/\/www.divis.eu\/wp-content\/uploads\/2021\/05\/tipp-des-monats-FR.gif","datePublished":"2021-05-03T00:43:00+00:00","dateModified":"2024-03-12T18:15:04+00:00","author":{"@id":"https:\/\/www.divis.eu\/#\/schema\/person\/ff9a586418dbfba193bd9e8d1f363d76"},"description":"Faites connaissance de notre nouveau directeur des ventes dans une interview vid\u00e9o. L\u2019\u00e9quipe support de DIVIS s\u2019agrandit...","breadcrumb":{"@id":"https:\/\/www.divis.eu\/fr\/interview-video-conseil-du-mois-presentation-des-collaborateurs\/#breadcrumb"},"inLanguage":"fr-FR","potentialAction":[{"@type":"ReadAction","target":["https:\/\/www.divis.eu\/fr\/interview-video-conseil-du-mois-presentation-des-collaborateurs\/"]}]},{"@type":"ImageObject","inLanguage":"fr-FR","@id":"https:\/\/www.divis.eu\/fr\/interview-video-conseil-du-mois-presentation-des-collaborateurs\/#primaryimage","url":"https:\/\/www.divis.eu\/wp-content\/uploads\/2021\/05\/tipp-des-monats-FR.gif","contentUrl":"https:\/\/www.divis.eu\/wp-content\/uploads\/2021\/05\/tipp-des-monats-FR.gif","width":725,"height":400,"caption":"DIVIS Newsletter"},{"@type":"BreadcrumbList","@id":"https:\/\/www.divis.eu\/fr\/interview-video-conseil-du-mois-presentation-des-collaborateurs\/#breadcrumb","itemListElement":[{"@type":"ListItem","position":1,"name":"Startseite","item":"https:\/\/www.divis.eu\/fr\/"},{"@type":"ListItem","position":2,"name":"Interview vid\u00e9o, conseil du mois, pr\u00e9sentation des collaborateurs"}]},{"@type":"WebSite","@id":"https:\/\/www.divis.eu\/#website","url":"https:\/\/www.divis.eu\/","name":"DIVIS - The intelligent view","description":"Videosysteml\u00f6sungen f\u00fcr Umschlags- und Warenlager","potentialAction":[{"@type":"SearchAction","target":{"@type":"EntryPoint","urlTemplate":"https:\/\/www.divis.eu\/?s={search_term_string}"},"query-input":{"@type":"PropertyValueSpecification","valueRequired":true,"valueName":"search_term_string"}}],"inLanguage":"fr-FR"},{"@type":"Person","@id":"https:\/\/www.divis.eu\/#\/schema\/person\/ff9a586418dbfba193bd9e8d1f363d76","name":"DIVIS News"}]}},"_links":{"self":[{"href":"https:\/\/www.divis.eu\/fr\/wp-json\/wp\/v2\/posts\/22146","targetHints":{"allow":["GET"]}}],"collection":[{"href":"https:\/\/www.divis.eu\/fr\/wp-json\/wp\/v2\/posts"}],"about":[{"href":"https:\/\/www.divis.eu\/fr\/wp-json\/wp\/v2\/types\/post"}],"author":[{"embeddable":true,"href":"https:\/\/www.divis.eu\/fr\/wp-json\/wp\/v2\/users\/1"}],"replies":[{"embeddable":true,"href":"https:\/\/www.divis.eu\/fr\/wp-json\/wp\/v2\/comments?post=22146"}],"version-history":[{"count":0,"href":"https:\/\/www.divis.eu\/fr\/wp-json\/wp\/v2\/posts\/22146\/revisions"}],"wp:featuredmedia":[{"embeddable":true,"href":"https:\/\/www.divis.eu\/fr\/wp-json\/wp\/v2\/media\/22111"}],"wp:attachment":[{"href":"https:\/\/www.divis.eu\/fr\/wp-json\/wp\/v2\/media?parent=22146"}],"wp:term":[{"taxonomy":"category","embeddable":true,"href":"https:\/\/www.divis.eu\/fr\/wp-json\/wp\/v2\/categories?post=22146"},{"taxonomy":"post_tag","embeddable":true,"href":"https:\/\/www.divis.eu\/fr\/wp-json\/wp\/v2\/tags?post=22146"}],"curies":[{"name":"wp","href":"https:\/\/api.w.org\/{rel}","templated":true}]}}