{"id":25171,"date":"2022-01-11T05:38:00","date_gmt":"2022-01-11T05:38:00","guid":{"rendered":"https:\/\/www.divis.eu\/?p=25171"},"modified":"2024-07-21T21:37:14","modified_gmt":"2024-07-21T21:37:14","slug":"rendez-vous-divis-2022-notre-site-web-maintenant-egalement-en-espagnol","status":"publish","type":"post","link":"https:\/\/www.divis.eu\/fr\/rendez-vous-divis-2022-notre-site-web-maintenant-egalement-en-espagnol\/","title":{"rendered":"Rendez-vous DIVIS 2022, notre site Web maintenant \u00e9galement en espagnol"},"content":{"rendered":"\n<h1>\n\t\tRendez-vous DIVIS 2022, notre site Web maintenant \u00e9galement en espagnol et une nouvelle recrue dans la mise en service\n\t<\/h1>\n<h2>\n\t\tBordesholm, 11 janvier 2022\n\t<\/h2>\n\t\t\t\t<img decoding=\"async\" src=\"https:\/\/www.divis.eu\/wp-content\/uploads\/2018\/01\/hendrik-reger-1.png\" alt=\"Hendrik Reger | DIVIS | Videol\u00f6sungen f\u00fcr die Logistik\" title=\"hendrik-reger\" itemprop=\"image\"  \/>\n\tToute l\u00b4\u00e9quipe DIVIS vous pr\u00e9sente ses meilleurs v\u0153ux pour la nouvelle ann\u00e9e ! Ensemble, nous allons aborder de nombreux sujets int\u00e9ressants et captivants au cours des prochains mois.<br \/>\nNous comptons bien, par exemple, recommencer cette ann\u00e9e nos activit\u00e9s sur les salons et les \u00e9v\u00e9nements. Nous souhaitons ainsi &#8211; avec les pr\u00e9cautions bien entendu qui sont toujours de mise &#8211; reprendre le fil de nos \u00e9changes en pr\u00e9sentiel avec nos prospects, clients et partenaires. R\u00e9jouissez-vous de participer \u00e0 diff\u00e9rents \u00e9v\u00e9nements en live. L&rsquo;ann\u00e9e 2022 sera marqu\u00e9e par la c\u00e9l\u00e9bration de notre 20e anniversaire.<br \/>\nLes solutions DIVIS sont utilis\u00e9es dans 22 pays en Europe, y compris par des clients en Espagne. Comme nous pensons que ce pays repr\u00e9sente un fort potentiel de nouveaux clients, nous nous concentrons actuellement sur le d\u00e9veloppement de notre part de march\u00e9 dans la p\u00e9ninsule ib\u00e9rique. Depuis peu, cette tendance se refl\u00e8te \u00e9galement sur notre site Internet : La page d&rsquo;accueil de DIVIS est d\u00e9sormais disponible en espagnol, en plus de l&rsquo;allemand, de l&rsquo;anglais et du fran\u00e7ais.\n<p>L&rsquo;ann\u00e9e derni\u00e8re, le nombre de nos collaborateurs n&rsquo;a cess\u00e9 de cro\u00eetre. Derni\u00e8rement, le 15 novembre 2021, un nouveau collaborateur a int\u00e9gr\u00e9 l&rsquo;\u00e9quipe de montage &amp; mise en service. Faites la connaissance de notre nouveau coll\u00e8gue Michel Jonas Ehlers.<\/p>\n<p>Hendrik Reger, directeur g\u00e9n\u00e9ral, vous souhaite au nom de toute l&rsquo;\u00e9quipe DIVIS une agr\u00e9able lecture !<\/p>\n<h2>\n\t\tLes th\u00e8mes de cette \u00e9dition\n\t<\/h2>\n<h4>\n\t\t<a href=\"#evenements\" title=\"\u00c9V\u00c9NEMENTS\" target=\"_self\" rel=\"noopener\">\n\t\t\u00c9V\u00c9NEMENTS\n\t\t<\/a>\n\t<\/h4>\n<h4>\n\t\t<a href=\"#evenements\" title=\"Rendez-vous DIVIS et \u00e9v\u00e9nements 2022\" target=\"_self\" rel=\"noopener\">\n\t\tRendez-vous DIVIS et \u00e9v\u00e9nements 2022\n\t\t<\/a>\n\t<\/h4>\n<h4>\n\t\t<a href=\"#internet\" title=\"INTERNET\" target=\"_self\" rel=\"noopener\">\n\t\tINTERNET\n\t\t<\/a>\n\t<\/h4>\n<h4>\n\t\t<a href=\"#internet\" title=\"La page d&#039;accueil de DIVIS d\u00e9sormais disponible en espagnol\" target=\"_self\" rel=\"noopener\">\n\t\tLa page d&rsquo;accueil de DIVIS d\u00e9sormais disponible en espagnol\n\t\t<\/a>\n\t<\/h4>\n<h4>\n\t\t<a href=\"#presente\" title=\"DIVIS SE PR\u00c9SENTE\" target=\"_self\" rel=\"noopener\">\n\t\tDIVIS SE PR\u00c9SENTE\n\t\t<\/a>\n\t<\/h4>\n<h4>\n\t\t<a href=\"#presente\" title=\"Nouvelle arriv\u00e9e dans la mise en service : Michel Jonas Ehlers\" target=\"_self\" rel=\"noopener\">\n\t\tNouvelle arriv\u00e9e dans la mise en service : Michel Jonas Ehlers\n\t\t<\/a>\n\t<\/h4>\n<h3>\n\t\t\u00c9V\u00c9NEMENTS\n\t<\/h3>\n<h2>\n\t\tRendez-vous DIVIS et \u00e9v\u00e9nements 2022\n\t<\/h2>\n\tEn 2022, nous d\u00e9bordons de projets. Nous pr\u00e9voyons plusieurs \u00e9v\u00e9nements en live lors de salons et d&rsquo;\u00e9v\u00e9nements, avec lesquels nous souhaitons \u00e0 nouveau offrir \u00e0 nos prospects, clients et partenaires l&rsquo;occasion d&rsquo;un \u00e9change personnel. Dans le cadre de ces \u00e9v\u00e9nements, nous vous pr\u00e9senterons des th\u00e8mes passionnants du secteur de la logistique et de nouvelles solutions que vous pourrez appr\u00e9hender et exp\u00e9rimenter vous-m\u00eame. Parmi les temps forts, nous f\u00eaterons notre anniversaire, car DIVIS a 20 ans.<br \/>\nCertes, des incertitudes subsistent quant \u00e0 l&rsquo;organisation d&rsquo;\u00e9v\u00e9nements en live. Mais nous restons confiants et sommes pr\u00eats \u00e0 adapter notre planification \u00e0 l&rsquo;\u00e9volution de la situation, si n\u00e9cessaire, de mani\u00e8re flexible et rapide. Nous vous tiendrons inform\u00e9s de l&rsquo;\u00e9volution de la situation tout au long de l&rsquo;ann\u00e9e.\n<h2>\n\t\tNous pr\u00e9voyons d&rsquo;organiser les \u00e9v\u00e9nements en live suivants en 2022\n\t<\/h2>\n\t<h3>Fruit Logistica<\/h3>\n<p><strong>05\/04.- 07\/04\/2022 | Parc des expositions de Berlin<\/strong><\/p>\n<p>DIVIS sera pr\u00e9sent dans le hall 26<\/p>\n\t\t\t<a href=\"https:\/\/www.fruitlogistica.com\/de\/\" target=\"_blank\" rel=\"noopener\" role=\"button\" aria-label=\"www.fruitlogistica.com\">\n\t\t\t\t\t\t\twww.fruitlogistica.com\n\t\t<\/a>\n\t\t\t\t<img decoding=\"async\" src=\"https:\/\/www.divis.eu\/wp-content\/uploads\/2022\/01\/fruitlogistica.jpg\" alt=\"Fruit Logistica 2022\" title=\"fruitlogistica\" itemprop=\"image\"  \/>\n\t<h3>Tag der Logistik (Journ\u00e9e de la logistique)<\/h3>\n<p><strong>21\/04\/2022 | \u00c9v\u00e9nement en ligne<\/strong><\/p>\n<p>Lors de cet \u00e9v\u00e9nement en ligne, nous proposons un expos\u00e9 technique int\u00e9ressant suivi d&rsquo;une s\u00e9ance de questions-r\u00e9ponses portant sur le sujet : \u00ab Plus de transparence dans le hall logistique : suivi des envois bas\u00e9 sur une cam\u00e9ra avec g\u00e9olocalisation en int\u00e9rieur via la technologie BLE sans balises. \u00bb<\/p>\n<p>De plus amples informations suivront.<\/p>\n\t\t\t\t<img decoding=\"async\" src=\"https:\/\/www.divis.eu\/wp-content\/uploads\/2021\/02\/divis-events-tag-der-logistik-1.jpg\" alt=\"Tag der Logistik | DIVIS\" title=\"divis-events-tag-der-logistik\" itemprop=\"image\"  \/>\n\t<h3>LogiMAT<\/h3>\n<p><strong>31\/05-02\/06\/ 2022 \/ salon de Stuttgart<\/strong><\/p>\n<p>DIVIS sera pr\u00e9sent sur le stand A07 dans le hall 8.<\/p>\n\t\t\t<a href=\"https:\/\/www.logimat-messe.de\/\" target=\"_blank\" rel=\"noopener\" role=\"button\" aria-label=\"www.logimat-messe.de\">\n\t\t\t\t\t\t\twww.logimat-messe.de\n\t\t<\/a>\n\t\t\t\t<img decoding=\"async\" src=\"https:\/\/www.divis.eu\/wp-content\/uploads\/2022\/01\/LogiMAT.png\" alt=\"LogiMAT 2022\" title=\"LogiMAT\" itemprop=\"image\"  \/>\n\t<p><img decoding=\"async\" src=\"https:\/\/www.divis.eu\/wp-content\/uploads\/2022\/01\/save-the-date-fr-1.jpg\" alt=\"Bien noter la date\" width=\"170\" height=\"30\" \/><\/p>\n<h3>TEMPS FORT 2022 : DIVIS C\u00c9L\u00c8BRE SES 20 ans &#8211; notre \u00e9v\u00e9nement anniversaire<\/h3>\n<p><strong>30\/06\/2022 | Hambourg<\/strong><\/p>\nDepuis <a href=\"https:\/\/www.divis.eu\/fr\/divis-est-un-fournisseur-de-systemes-video-pour-le-suivi-des-colis-historique\/\">deux d\u00e9cennies<\/a> d\u00e9j\u00e0, chez Deutsche Industrie Video System GmbH, nous veillons \u00e0 une plus grande transparence dans les installations logistiques gr\u00e2ce \u00e0 nos solutions vid\u00e9o.<br \/>\nNous souhaitons c\u00e9l\u00e9brer cet \u00e9v\u00e9nement avec nos clients et nos partenaires dans une atmosph\u00e8re festive, sous la devise \u00ab 20 ans de savoir-faire &#8211; des moteurs d&rsquo;innovation pour l&rsquo;avenir. \u00bb<br \/>\nSur le lieu de l&rsquo;\u00e9v\u00e9nement \u00e0 Hambourg, nous vous pr\u00e9senterons des contenus captivants et informatifs sur DIVIS, nos produits et nos nouveaut\u00e9s. Vous \u00eates chaleureusement invit\u00e9s \u00e0 f\u00eater avec nous le 20e anniversaire de DIVIS \u00e0 Hambourg !<br \/>\nDe plus amples informations sur le lieu de la manifestation, le programme et l&rsquo;inscription suivront.\n\t\t\t\t<img decoding=\"async\" src=\"https:\/\/www.divis.eu\/wp-content\/uploads\/2022\/02\/divis-jubilaeumslogo2022-eventkalender-en.png\" alt=\"20 years of video management by DIVIS\" title=\"divis-jubilaeumslogo2022-eventkalender-en\" itemprop=\"image\"  \/>\n\t<h3>Congr\u00e8s allemand de la logistique<\/h3>\n<p><strong>19.-21\/10\/2022 | Berlin<\/strong><\/p>\n<p>D&rsquo;autres informations suivront.<\/p>\n\t\t\t\t<img decoding=\"async\" src=\"https:\/\/www.divis.eu\/wp-content\/uploads\/2022\/01\/bvl.jpg\" alt=\"BVL Event 2022\" title=\"bvl\" itemprop=\"image\"  \/>\n\t<h3>Global Day of Coderetreat 2022<\/h3>\n<p><strong>Novembre 2022 | Bordesholm<\/strong><\/p>\n<p>DIVIS vous invite \u00e0 \u00e9changer au si\u00e8ge de l&rsquo;entreprise \u00e0 Bordesholm.<\/p>\n<p>D&rsquo;autres informations suivront.<\/p>\n\t\t\t\t<img decoding=\"async\" src=\"https:\/\/www.divis.eu\/wp-content\/uploads\/2022\/01\/coderetreat.png\" alt=\"Global day of code retreat\" title=\"coderetreat\" itemprop=\"image\"  \/>\n<h3>\n\t\tINTERNET\n\t<\/h3>\n<h2>\n\t\tLa page d&rsquo;accueil de DIVIS d\u00e9sormais disponible en espagnol\n\t<\/h2>\n\t\t\t\t<img decoding=\"async\" src=\"https:\/\/www.divis.eu\/wp-content\/uploads\/2022\/01\/es-webseite.jpg\" alt=\"Spanische Webseite | www.divis.eu\" title=\"es-webseite\" itemprop=\"image\"  \/>\n\tDans notre r\u00e9trospective 2021, nous avions d\u00e9j\u00e0 \u00e9voqu\u00e9 le fait que nous allions nous concentrer davantage sur l&rsquo;Espagne en tant que nouveau march\u00e9 principal. Nous y voyons encore un grand potentiel de croissance et de coop\u00e9ration.<br \/>\nAvec notre client TSB Transporte y Log\u00edstica et d&rsquo;autres gros clients, les premiers pas de l&rsquo;expansion sur la p\u00e9ninsule ib\u00e9rique ont d\u00e9j\u00e0 \u00e9t\u00e9 faits. \u00c0 l&rsquo;avenir, nous allons continuer \u00e0 d\u00e9velopper ce march\u00e9 afin que davantage d&rsquo;entreprises logistiques espagnoles puissent profiter de nos solutions de vid\u00e9o tracking et du service DIVIS de haut niveau.<br \/>\nNotre site web fait \u00e9galement partie de notre pr\u00e9sence renforc\u00e9e en Espagne. Pour l&rsquo;occasion, nous l&rsquo;avons traduit en espagnol, en plus de l&rsquo;allemand, du fran\u00e7ais et de l&rsquo;anglais, pour les personnes int\u00e9ress\u00e9es et les clients hispanophones.<br \/>\nNotre site Web www.divis.eu est donc d\u00e9sormais disponible en quatre langues.\n<p>Si vous \u00eates int\u00e9ress\u00e9(e), jetez un coup d&rsquo;\u0153il dans la partie espagnole !<\/p>\n\t\t\t\t<a href=\"https:\/\/www.divis.eu\/fr\/conseils-produits-divis-suivi-des-marchandises-par-videotracking\/\" target=\"_self\" itemprop=\"url\" rel=\"noopener\">\n\t\t\t\t<img decoding=\"async\" src=\"https:\/\/www.divis.eu\/wp-content\/uploads\/2022\/01\/tipp-des-monats-FR.gif\" alt=\"Conseil du mois DIVIS\" title=\"tipp-des-monats-FR\" itemprop=\"image\"  \/>\n\t\t\t\t\t\t<\/a>\n<h3>\n\t\tDIVIS SE PR\u00c9SENTE\n\t<\/h3>\n<h2>\n\t\tNouvelle arriv\u00e9e dans la mise en service : Michel Jonas Ehlers\n\t<\/h2>\n\t<p><img decoding=\"async\" src=\"https:\/\/www.divis.eu\/wp-content\/uploads\/2022\/01\/michel-jonas-ehlers.jpg\" alt=\"\" width=\"240\" height=\"265\" \/><\/p>\nD\u00e8s les premi\u00e8res semaines pass\u00e9es au sein de l&rsquo;\u00e9quipe DIVIS, Michel Ehlers a une impression tr\u00e8s positive de l&rsquo;ambiance de travail chez DIVIS. Depuis le 15 novembre 2021, cet \u00e9lectricien form\u00e9 en technique du b\u00e2timent et de l&rsquo;\u00e9nergie assiste nos coll\u00e8gues dans la mise en service et s&rsquo;y sent parfaitement \u00e0 l&rsquo;aise.<br \/>\nL&rsquo;affinit\u00e9 de Michel avec le th\u00e8me de l&rsquo;informatique n&rsquo;est pas seulement due \u00e0 sa formation. Dans le domaine priv\u00e9, il affectionne \u00e9galement les ordinateurs, il aime bien bricoler et programmer. Il trouve son \u00e9quilibre en pratiquant des activit\u00e9s sportives.<br \/>\nIl se d\u00e9finit lui-m\u00eame comme un perfectionniste qui aime les d\u00e9fis et les rel\u00e8ve avec ambition et c\u0153ur, son objectif 101 %.\nPour Michel, l&rsquo;enthousiasme des clients se traduit donc par \u00ab des clients satisfaits qui nous quittent avec le sourire une fois notre travail effectu\u00e9 sur site et qui n&rsquo;h\u00e9sitent pas \u00e0 s&rsquo;adresser \u00e0 nouveau \u00e0 DIVIS en toute confiance pour d&rsquo;autres projets \u00bb.<br \/>\nIl se r\u00e9jouit de pouvoir d\u00e9velopper et approfondir ses connaissances en informatique dans le cadre de son activit\u00e9 professionnelle. Mais il est aussi tr\u00e8s attir\u00e9 par la perspective de d\u00e9couvrir toujours plus de sites diff\u00e9rents en Allemagne et en Europe lors des missions dans le cadre des diff\u00e9rents projets.\n<p>Ce qui l&rsquo;enthousiasme le plus chez DIVIS, ce sont \u00ab les collaborateurs formidables et motiv\u00e9s et la bonne humeur qui r\u00e8gne au sein de l&rsquo;\u00e9quipe \u00bb. Il ajoute : \u00ab Je suis heureux d&rsquo;aller travailler tous les jours .\u00bb<\/p>\n<p>Pour lui, l&rsquo;une des plus grandes forces de DIVIS est justement cet esprit d&rsquo;\u00e9quipe et la coop\u00e9ration harmonieuse pour r\u00e9soudre des t\u00e2ches m\u00eame difficiles. Outre la concentration de savoir-faire sp\u00e9cialis\u00e9, il estime que ce sont surtout les structures internes saines qui favorisent les meilleurs r\u00e9sultats, l&rsquo;excellence du service client et l&rsquo;innovation chez DIVIS.<\/p>\nNous sommes tr\u00e8s heureux de te compter dans nos rangs.<br \/>\nBienvenue dans l&rsquo;\u00e9quipe de DIVIS, Michel !\n\n","protected":false},"excerpt":{"rendered":"<p>Cette ann\u00e9e, nous souhaitons reprendre nos activit\u00e9s lors de salons et d&rsquo;\u00e9v\u00e9nements. Nous pr\u00e9voyons plusieurs \u00e9v\u00e9nements en live et f\u00eatons notre anniversaire. D\u2019autre part : pour les visiteurs espagnols, notre site web est d\u00e9sormais disponible en espagnol et nous pr\u00e9sentons notre nouveau coll\u00e8gue de la mise en service.<\/p>\n","protected":false},"author":1,"featured_media":25211,"comment_status":"closed","ping_status":"closed","sticky":false,"template":"tpl-full-width.php","format":"standard","meta":{"footnotes":""},"categories":[227],"tags":[],"class_list":["post-25171","post","type-post","status-publish","format-standard","has-post-thumbnail","hentry","category-2022-fr"],"yoast_head":"<!-- This site is optimized with the Yoast SEO plugin v27.5 - https:\/\/yoast.com\/product\/yoast-seo-wordpress\/ -->\n<title>Rendez-vous 2022, DIVIS en espagnol | Vid\u00e9o tracking logistique<\/title>\n<meta name=\"description\" content=\"Nos rendez-vous et \u00e9v\u00e9nements 2022. Et en plus, une nouveaut\u00e9 : la page d&#039;accueil de DIVIS d\u00e9sormais disponible en espagnol\" \/>\n<meta name=\"robots\" content=\"index, follow, max-snippet:-1, max-image-preview:large, max-video-preview:-1\" \/>\n<link rel=\"canonical\" href=\"https:\/\/www.divis.eu\/fr\/rendez-vous-divis-2022-notre-site-web-maintenant-egalement-en-espagnol\/\" \/>\n<meta property=\"og:locale\" content=\"fr_FR\" \/>\n<meta property=\"og:type\" content=\"article\" \/>\n<meta property=\"og:title\" content=\"Rendez-vous 2022, DIVIS en espagnol | Vid\u00e9o tracking logistique\" \/>\n<meta property=\"og:description\" content=\"Nos rendez-vous et \u00e9v\u00e9nements 2022. Et en plus, une nouveaut\u00e9 : la page d&#039;accueil de DIVIS d\u00e9sormais disponible en espagnol\" \/>\n<meta property=\"og:url\" content=\"https:\/\/www.divis.eu\/fr\/rendez-vous-divis-2022-notre-site-web-maintenant-egalement-en-espagnol\/\" \/>\n<meta property=\"og:site_name\" content=\"DIVIS - The intelligent view\" \/>\n<meta property=\"article:published_time\" content=\"2022-01-11T05:38:00+00:00\" \/>\n<meta property=\"article:modified_time\" content=\"2024-07-21T21:37:14+00:00\" \/>\n<meta property=\"og:image\" content=\"https:\/\/www.divis.eu\/wp-content\/uploads\/2022\/01\/divis-newsletter-012022-FR.gif\" \/>\n\t<meta property=\"og:image:width\" content=\"725\" \/>\n\t<meta property=\"og:image:height\" content=\"400\" \/>\n\t<meta property=\"og:image:type\" content=\"image\/gif\" \/>\n<meta name=\"author\" content=\"DIVIS News\" \/>\n<meta name=\"twitter:card\" content=\"summary_large_image\" \/>\n<meta name=\"twitter:label1\" content=\"\u00c9crit par\" \/>\n\t<meta name=\"twitter:data1\" content=\"DIVIS News\" \/>\n\t<meta name=\"twitter:label2\" content=\"Dur\u00e9e de lecture estim\u00e9e\" \/>\n\t<meta name=\"twitter:data2\" content=\"8 minutes\" \/>\n<script type=\"application\/ld+json\" class=\"yoast-schema-graph\">{\"@context\":\"https:\\\/\\\/schema.org\",\"@graph\":[{\"@type\":\"Article\",\"@id\":\"https:\\\/\\\/www.divis.eu\\\/fr\\\/rendez-vous-divis-2022-notre-site-web-maintenant-egalement-en-espagnol\\\/#article\",\"isPartOf\":{\"@id\":\"https:\\\/\\\/www.divis.eu\\\/fr\\\/rendez-vous-divis-2022-notre-site-web-maintenant-egalement-en-espagnol\\\/\"},\"author\":{\"name\":\"DIVIS News\",\"@id\":\"https:\\\/\\\/www.divis.eu\\\/#\\\/schema\\\/person\\\/ff9a586418dbfba193bd9e8d1f363d76\"},\"headline\":\"Rendez-vous DIVIS 2022, notre site Web maintenant \u00e9galement en espagnol\",\"datePublished\":\"2022-01-11T05:38:00+00:00\",\"dateModified\":\"2024-07-21T21:37:14+00:00\",\"mainEntityOfPage\":{\"@id\":\"https:\\\/\\\/www.divis.eu\\\/fr\\\/rendez-vous-divis-2022-notre-site-web-maintenant-egalement-en-espagnol\\\/\"},\"wordCount\":1304,\"image\":{\"@id\":\"https:\\\/\\\/www.divis.eu\\\/fr\\\/rendez-vous-divis-2022-notre-site-web-maintenant-egalement-en-espagnol\\\/#primaryimage\"},\"thumbnailUrl\":\"https:\\\/\\\/www.divis.eu\\\/wp-content\\\/uploads\\\/2022\\\/01\\\/divis-newsletter-012022-FR.gif\",\"articleSection\":[\"2022\"],\"inLanguage\":\"fr-FR\"},{\"@type\":\"WebPage\",\"@id\":\"https:\\\/\\\/www.divis.eu\\\/fr\\\/rendez-vous-divis-2022-notre-site-web-maintenant-egalement-en-espagnol\\\/\",\"url\":\"https:\\\/\\\/www.divis.eu\\\/fr\\\/rendez-vous-divis-2022-notre-site-web-maintenant-egalement-en-espagnol\\\/\",\"name\":\"Rendez-vous 2022, DIVIS en espagnol | Vid\u00e9o tracking logistique\",\"isPartOf\":{\"@id\":\"https:\\\/\\\/www.divis.eu\\\/#website\"},\"primaryImageOfPage\":{\"@id\":\"https:\\\/\\\/www.divis.eu\\\/fr\\\/rendez-vous-divis-2022-notre-site-web-maintenant-egalement-en-espagnol\\\/#primaryimage\"},\"image\":{\"@id\":\"https:\\\/\\\/www.divis.eu\\\/fr\\\/rendez-vous-divis-2022-notre-site-web-maintenant-egalement-en-espagnol\\\/#primaryimage\"},\"thumbnailUrl\":\"https:\\\/\\\/www.divis.eu\\\/wp-content\\\/uploads\\\/2022\\\/01\\\/divis-newsletter-012022-FR.gif\",\"datePublished\":\"2022-01-11T05:38:00+00:00\",\"dateModified\":\"2024-07-21T21:37:14+00:00\",\"author\":{\"@id\":\"https:\\\/\\\/www.divis.eu\\\/#\\\/schema\\\/person\\\/ff9a586418dbfba193bd9e8d1f363d76\"},\"description\":\"Nos rendez-vous et \u00e9v\u00e9nements 2022. Et en plus, une nouveaut\u00e9 : la page d'accueil de DIVIS d\u00e9sormais disponible en espagnol\",\"breadcrumb\":{\"@id\":\"https:\\\/\\\/www.divis.eu\\\/fr\\\/rendez-vous-divis-2022-notre-site-web-maintenant-egalement-en-espagnol\\\/#breadcrumb\"},\"inLanguage\":\"fr-FR\",\"potentialAction\":[{\"@type\":\"ReadAction\",\"target\":[\"https:\\\/\\\/www.divis.eu\\\/fr\\\/rendez-vous-divis-2022-notre-site-web-maintenant-egalement-en-espagnol\\\/\"]}]},{\"@type\":\"ImageObject\",\"inLanguage\":\"fr-FR\",\"@id\":\"https:\\\/\\\/www.divis.eu\\\/fr\\\/rendez-vous-divis-2022-notre-site-web-maintenant-egalement-en-espagnol\\\/#primaryimage\",\"url\":\"https:\\\/\\\/www.divis.eu\\\/wp-content\\\/uploads\\\/2022\\\/01\\\/divis-newsletter-012022-FR.gif\",\"contentUrl\":\"https:\\\/\\\/www.divis.eu\\\/wp-content\\\/uploads\\\/2022\\\/01\\\/divis-newsletter-012022-FR.gif\",\"width\":725,\"height\":400,\"caption\":\"Conseil du mois DIVIS\"},{\"@type\":\"BreadcrumbList\",\"@id\":\"https:\\\/\\\/www.divis.eu\\\/fr\\\/rendez-vous-divis-2022-notre-site-web-maintenant-egalement-en-espagnol\\\/#breadcrumb\",\"itemListElement\":[{\"@type\":\"ListItem\",\"position\":1,\"name\":\"Startseite\",\"item\":\"https:\\\/\\\/www.divis.eu\\\/fr\\\/\"},{\"@type\":\"ListItem\",\"position\":2,\"name\":\"Rendez-vous DIVIS 2022, notre site Web maintenant \u00e9galement en espagnol\"}]},{\"@type\":\"WebSite\",\"@id\":\"https:\\\/\\\/www.divis.eu\\\/#website\",\"url\":\"https:\\\/\\\/www.divis.eu\\\/\",\"name\":\"DIVIS - The intelligent view\",\"description\":\"Videosysteml\u00f6sungen f\u00fcr Umschlags- und Warenlager\",\"potentialAction\":[{\"@type\":\"SearchAction\",\"target\":{\"@type\":\"EntryPoint\",\"urlTemplate\":\"https:\\\/\\\/www.divis.eu\\\/?s={search_term_string}\"},\"query-input\":{\"@type\":\"PropertyValueSpecification\",\"valueRequired\":true,\"valueName\":\"search_term_string\"}}],\"inLanguage\":\"fr-FR\"},{\"@type\":\"Person\",\"@id\":\"https:\\\/\\\/www.divis.eu\\\/#\\\/schema\\\/person\\\/ff9a586418dbfba193bd9e8d1f363d76\",\"name\":\"DIVIS News\"}]}<\/script>\n<!-- \/ Yoast SEO plugin. -->","yoast_head_json":{"title":"Rendez-vous 2022, DIVIS en espagnol | Vid\u00e9o tracking logistique","description":"Nos rendez-vous et \u00e9v\u00e9nements 2022. Et en plus, une nouveaut\u00e9 : la page d'accueil de DIVIS d\u00e9sormais disponible en espagnol","robots":{"index":"index","follow":"follow","max-snippet":"max-snippet:-1","max-image-preview":"max-image-preview:large","max-video-preview":"max-video-preview:-1"},"canonical":"https:\/\/www.divis.eu\/fr\/rendez-vous-divis-2022-notre-site-web-maintenant-egalement-en-espagnol\/","og_locale":"fr_FR","og_type":"article","og_title":"Rendez-vous 2022, DIVIS en espagnol | Vid\u00e9o tracking logistique","og_description":"Nos rendez-vous et \u00e9v\u00e9nements 2022. Et en plus, une nouveaut\u00e9 : la page d'accueil de DIVIS d\u00e9sormais disponible en espagnol","og_url":"https:\/\/www.divis.eu\/fr\/rendez-vous-divis-2022-notre-site-web-maintenant-egalement-en-espagnol\/","og_site_name":"DIVIS - The intelligent view","article_published_time":"2022-01-11T05:38:00+00:00","article_modified_time":"2024-07-21T21:37:14+00:00","og_image":[{"width":725,"height":400,"url":"https:\/\/www.divis.eu\/wp-content\/uploads\/2022\/01\/divis-newsletter-012022-FR.gif","type":"image\/gif"}],"author":"DIVIS News","twitter_card":"summary_large_image","twitter_misc":{"\u00c9crit par":"DIVIS News","Dur\u00e9e de lecture estim\u00e9e":"8 minutes"},"schema":{"@context":"https:\/\/schema.org","@graph":[{"@type":"Article","@id":"https:\/\/www.divis.eu\/fr\/rendez-vous-divis-2022-notre-site-web-maintenant-egalement-en-espagnol\/#article","isPartOf":{"@id":"https:\/\/www.divis.eu\/fr\/rendez-vous-divis-2022-notre-site-web-maintenant-egalement-en-espagnol\/"},"author":{"name":"DIVIS News","@id":"https:\/\/www.divis.eu\/#\/schema\/person\/ff9a586418dbfba193bd9e8d1f363d76"},"headline":"Rendez-vous DIVIS 2022, notre site Web maintenant \u00e9galement en espagnol","datePublished":"2022-01-11T05:38:00+00:00","dateModified":"2024-07-21T21:37:14+00:00","mainEntityOfPage":{"@id":"https:\/\/www.divis.eu\/fr\/rendez-vous-divis-2022-notre-site-web-maintenant-egalement-en-espagnol\/"},"wordCount":1304,"image":{"@id":"https:\/\/www.divis.eu\/fr\/rendez-vous-divis-2022-notre-site-web-maintenant-egalement-en-espagnol\/#primaryimage"},"thumbnailUrl":"https:\/\/www.divis.eu\/wp-content\/uploads\/2022\/01\/divis-newsletter-012022-FR.gif","articleSection":["2022"],"inLanguage":"fr-FR"},{"@type":"WebPage","@id":"https:\/\/www.divis.eu\/fr\/rendez-vous-divis-2022-notre-site-web-maintenant-egalement-en-espagnol\/","url":"https:\/\/www.divis.eu\/fr\/rendez-vous-divis-2022-notre-site-web-maintenant-egalement-en-espagnol\/","name":"Rendez-vous 2022, DIVIS en espagnol | Vid\u00e9o tracking logistique","isPartOf":{"@id":"https:\/\/www.divis.eu\/#website"},"primaryImageOfPage":{"@id":"https:\/\/www.divis.eu\/fr\/rendez-vous-divis-2022-notre-site-web-maintenant-egalement-en-espagnol\/#primaryimage"},"image":{"@id":"https:\/\/www.divis.eu\/fr\/rendez-vous-divis-2022-notre-site-web-maintenant-egalement-en-espagnol\/#primaryimage"},"thumbnailUrl":"https:\/\/www.divis.eu\/wp-content\/uploads\/2022\/01\/divis-newsletter-012022-FR.gif","datePublished":"2022-01-11T05:38:00+00:00","dateModified":"2024-07-21T21:37:14+00:00","author":{"@id":"https:\/\/www.divis.eu\/#\/schema\/person\/ff9a586418dbfba193bd9e8d1f363d76"},"description":"Nos rendez-vous et \u00e9v\u00e9nements 2022. Et en plus, une nouveaut\u00e9 : la page d'accueil de DIVIS d\u00e9sormais disponible en espagnol","breadcrumb":{"@id":"https:\/\/www.divis.eu\/fr\/rendez-vous-divis-2022-notre-site-web-maintenant-egalement-en-espagnol\/#breadcrumb"},"inLanguage":"fr-FR","potentialAction":[{"@type":"ReadAction","target":["https:\/\/www.divis.eu\/fr\/rendez-vous-divis-2022-notre-site-web-maintenant-egalement-en-espagnol\/"]}]},{"@type":"ImageObject","inLanguage":"fr-FR","@id":"https:\/\/www.divis.eu\/fr\/rendez-vous-divis-2022-notre-site-web-maintenant-egalement-en-espagnol\/#primaryimage","url":"https:\/\/www.divis.eu\/wp-content\/uploads\/2022\/01\/divis-newsletter-012022-FR.gif","contentUrl":"https:\/\/www.divis.eu\/wp-content\/uploads\/2022\/01\/divis-newsletter-012022-FR.gif","width":725,"height":400,"caption":"Conseil du mois DIVIS"},{"@type":"BreadcrumbList","@id":"https:\/\/www.divis.eu\/fr\/rendez-vous-divis-2022-notre-site-web-maintenant-egalement-en-espagnol\/#breadcrumb","itemListElement":[{"@type":"ListItem","position":1,"name":"Startseite","item":"https:\/\/www.divis.eu\/fr\/"},{"@type":"ListItem","position":2,"name":"Rendez-vous DIVIS 2022, notre site Web maintenant \u00e9galement en espagnol"}]},{"@type":"WebSite","@id":"https:\/\/www.divis.eu\/#website","url":"https:\/\/www.divis.eu\/","name":"DIVIS - The intelligent view","description":"Videosysteml\u00f6sungen f\u00fcr Umschlags- und Warenlager","potentialAction":[{"@type":"SearchAction","target":{"@type":"EntryPoint","urlTemplate":"https:\/\/www.divis.eu\/?s={search_term_string}"},"query-input":{"@type":"PropertyValueSpecification","valueRequired":true,"valueName":"search_term_string"}}],"inLanguage":"fr-FR"},{"@type":"Person","@id":"https:\/\/www.divis.eu\/#\/schema\/person\/ff9a586418dbfba193bd9e8d1f363d76","name":"DIVIS News"}]}},"_links":{"self":[{"href":"https:\/\/www.divis.eu\/fr\/wp-json\/wp\/v2\/posts\/25171","targetHints":{"allow":["GET"]}}],"collection":[{"href":"https:\/\/www.divis.eu\/fr\/wp-json\/wp\/v2\/posts"}],"about":[{"href":"https:\/\/www.divis.eu\/fr\/wp-json\/wp\/v2\/types\/post"}],"author":[{"embeddable":true,"href":"https:\/\/www.divis.eu\/fr\/wp-json\/wp\/v2\/users\/1"}],"replies":[{"embeddable":true,"href":"https:\/\/www.divis.eu\/fr\/wp-json\/wp\/v2\/comments?post=25171"}],"version-history":[{"count":0,"href":"https:\/\/www.divis.eu\/fr\/wp-json\/wp\/v2\/posts\/25171\/revisions"}],"wp:featuredmedia":[{"embeddable":true,"href":"https:\/\/www.divis.eu\/fr\/wp-json\/wp\/v2\/media\/25211"}],"wp:attachment":[{"href":"https:\/\/www.divis.eu\/fr\/wp-json\/wp\/v2\/media?parent=25171"}],"wp:term":[{"taxonomy":"category","embeddable":true,"href":"https:\/\/www.divis.eu\/fr\/wp-json\/wp\/v2\/categories?post=25171"},{"taxonomy":"post_tag","embeddable":true,"href":"https:\/\/www.divis.eu\/fr\/wp-json\/wp\/v2\/tags?post=25171"}],"curies":[{"name":"wp","href":"https:\/\/api.w.org\/{rel}","templated":true}]}}