{"id":25428,"date":"2022-02-07T13:52:18","date_gmt":"2022-02-07T13:52:18","guid":{"rendered":"https:\/\/www.divis.eu\/divis-cso-im-interview-business-talk-und-teamzuwachs\/"},"modified":"2023-09-06T01:15:39","modified_gmt":"2023-09-06T01:15:39","slug":"interview-de-notre-ceo-business-talk","status":"publish","type":"post","link":"https:\/\/www.divis.eu\/fr\/interview-de-notre-ceo-business-talk\/","title":{"rendered":"Interview de notre CEO, Business Talk"},"content":{"rendered":"\n<h1>\n\t\tInterview de notre CEO et Business Talk\n\t<\/h1>\n<h2>\n\t\tBordesholm, le 7 f\u00e9vrier 2022\n\t<\/h2>\n\t\t\t\t<img decoding=\"async\" src=\"https:\/\/www.divis.eu\/wp-content\/uploads\/2018\/01\/hendrik-reger-1.png\" alt=\"Hendrik Reger | DIVIS | Videol\u00f6sungen f\u00fcr die Logistik\" title=\"hendrik-reger\" itemprop=\"image\"  \/>\n\t<p>Qu&rsquo;est-ce que le t\u00e9l\u00e9travail, les processus logistiques num\u00e9riques et la durabilit\u00e9 ont en commun ? Tous ces sujets ont \u00e9t\u00e9 abord\u00e9s au cours d&rsquo;une interview tr\u00e8s passionnante de notre CSO Justus Kl\u00fcver-Schlotfeldt avec CCL TV. Nous mettons cette interview \u00e0 votre disposition sous forme de vid\u00e9o. Vous trouverez tous les d\u00e9tails ci-dessous.<\/p>\n<p>En outre, nous vous pr\u00e9sentons aujourd&rsquo;hui notre nouvelle rubrique \u00ab DIVIS Business Talk \u00bb, dans laquelle nous vous informons de nos tous nouveaux clients, projets et partenariats. Notre newsletter vous tiendra d\u00e9sormais r\u00e9guli\u00e8rement au courant des aper\u00e7us int\u00e9ressants des d\u00e9veloppements chez DIVIS.<\/p>\n<p>Hendrik Reger, directeur g\u00e9n\u00e9ral, vous souhaite au nom de toute l&rsquo;\u00e9quipe DIVIS une agr\u00e9able lecture !<\/p>\n<h2>\n\t\tLes th\u00e8mes de cette \u00e9dition\n\t<\/h2>\n<h4>\n\t\t<a href=\"#interview\" title=\"INTERVIEW CROIS\u00c9E DIVIS\" target=\"_self\" rel=\"noopener\">\n\t\tINTERVIEW CROIS\u00c9E DIVIS\n\t\t<\/a>\n\t<\/h4>\n<h4>\n\t\t<a href=\"#interview\" title=\"Notre CSO Justus Kl\u00fcver-Schlotfeldt lors d'une interview avec CCL TV\" target=\"_self\" rel=\"noopener\">\n\t\tNotre CSO Justus Kl\u00fcver-Schlotfeldt lors d&rsquo;une interview avec CCL TV\n\t\t<\/a>\n\t<\/h4>\n<h4>\n\t\t<a href=\"#talk\" title=\"DIVIS BUSINESS TALK\" target=\"_self\" rel=\"noopener\">\n\t\tDIVIS BUSINESS TALK\n\t\t<\/a>\n\t<\/h4>\n<h4>\n\t\t<a href=\"#team\" title=\"Ce qui s&#039;est pass\u00e9 chez DIVIS en janvier 2022\" target=\"_self\" rel=\"noopener\">\n\t\tCe qui s&rsquo;est pass\u00e9 chez DIVIS en janvier 2022\n\t\t<\/a>\n\t<\/h4>\n<h3>\n\t\tINTERVIEW CROIS\u00c9E DIVIS\n\t<\/h3>\n<h2>\n\t\tNotre CSO Justus Kl\u00fcver-Schlotfeldt lors d&rsquo;une interview avec CCL TV\n\t<\/h2>\n\t\t\t\t<a href=\"https:\/\/www.youtube.com\/watch?v=O0-9QeEtdrk\" target=\"_self\" itemprop=\"url\" rel=\"noopener\">\n\t\t\t\t<img decoding=\"async\" src=\"https:\/\/www.divis.eu\/wp-content\/uploads\/2022\/02\/videovorschau-cso-interview.jpg\" alt=\"videovorschau-cso-interview\" title=\"videovorschau-cso-interview\" itemprop=\"image\"  \/>\n\t\t\t\t\t\t<\/a>\n\tNotre directeur commercial, Justus Kl\u00fcver-Schlotfeldt, a \u00e9t\u00e9 invit\u00e9 par CCL TV, la plateforme d\u00e9di\u00e9e aux experts de la branche et aux sp\u00e9cialistes de la logistique, \u00e0 participer \u00e0 un entretien.<br \/>\nDans cette interview tr\u00e8s informative, le r\u00e9seauteur parle avec l&rsquo;animatrice Nadja Dunn de sa carri\u00e8re professionnelle qu&rsquo;il a men\u00e9e jusqu&rsquo;ici et de son engagement actuel en tant que CSO pour DIVIS. Il sera \u00e9galement question, entre autres, des r\u00e9percussions de la pand\u00e9mie sur l&rsquo;organisation du travail et de mots-cl\u00e9s tels que New Work, de l&rsquo;IA dans la logistique et de la durabilit\u00e9.<br \/>\nNous mettons cette interview instructive \u00e0 votre disposition sous forme de vid\u00e9o.\n\t\t\t\t<img decoding=\"async\" src=\"https:\/\/www.divis.eu\/wp-content\/uploads\/2022\/05\/save-the-date-fr.gif\" alt=\"20 Jahre DIVIS Jubil\u00e4umsevent\" title=\"save-the-date-de\" itemprop=\"image\"  \/>\n<h3>\n\t\tDIVIS BUSINESS TALK\n\t<\/h3>\n<h2>\n\t\tCe qui s&rsquo;est pass\u00e9 chez DIVIS en janvier 2022\n\t<\/h2>\n\t\t\t\t<img decoding=\"async\" src=\"https:\/\/www.divis.eu\/wp-content\/uploads\/2022\/05\/divis-business-talk-fr.gif\" alt=\"DIVIS Business Talk\" title=\"divis-business-talk-de\" itemprop=\"image\"  \/>\n\t<p><strong>Dans notre nouvelle rubrique, nous vous informerons r\u00e9guli\u00e8rement et de mani\u00e8re concise sur les d\u00e9veloppements commerciaux de DIVIS, les nouveaux projets, les clients et les partenariats.<\/strong><\/p>\n<h3>Ce qui s&rsquo;est pass\u00e9 en janvier 2022<\/h3>\n<p><strong>Nouveaux projets<\/strong><\/p>\nLe nouvel exercice a d\u00e9marr\u00e9 sur les chapeaux de roue avec six nouvelles installations de nos<a href=\"https:\/\/www.divis.eu\/fr\/logiciel-de-gestion-video-cargovis-pour-les-entrepots-de-transbordement\/\">logiciels de vid\u00e9o tracking CargoVIS<\/a>\/<a href=\"https:\/\/www.divis.eu\/fr\/parcelvis-recherche-denvois-guidee-par-images-dans-les-entrepots-de-transbordement\/\">ParcelVIS<\/a> en Autriche et en Allemagne.<br \/>\nNous tenons \u00e0 remercier tout particuli\u00e8rement les clients de DIVIS, DPDgroup, trans-o-flex et Hartmann International GmbH &amp; Co. KG pour leur confiance et leur loyaut\u00e9.\n<p><strong>Une longueur d&rsquo;avance sur le march\u00e9 gr\u00e2ce \u00e0 Bluetooth Low Energy<\/strong><\/p>\n<p><img decoding=\"async\" src=\"https:\/\/www.divis.eu\/wp-content\/uploads\/2022\/05\/BLE-FR-1.jpg\" alt=\"Bluetooth Low Energy | Location+ | DIVIS\" width=\"121\" height=\"140\" \/>En collaboration avec les partenaires Unitrans Herbert Voigt GmbH &amp; Co. KG, Georg Boll GmbH &amp; Co. KG et Wahl &amp; Co Bielefeld, nous lan\u00e7ons l&rsquo;un des plus grands projets Bluetooth Low Energy sur le march\u00e9 logistique allemand. Gr\u00e2ce \u00e0 <a href=\"https:\/\/www.divis.eu\/fr\/modules-pour-solutions-de-videosurveillance-dans-le-domaine-de-la-logistique\/#locationplus\">Location<sup>+<\/sup><\/a>, le syst\u00e8me de g\u00e9olocalisation par scanner sans balises le plus pr\u00e9cis du march\u00e9, les clients se sont dot\u00e9s d&rsquo;un \u00e9quipement moderne et \u00e9volutif pour g\u00e9rer leurs stocks dans leurs nouveaux centres logistiques.<\/p>\n\n","protected":false},"excerpt":{"rendered":"<p>Notre directeur commercial Justus Kl\u00fcver-Schlotfeldt a donn\u00e9 une interview \u00e0 CCL TV. Nous mettons \u00e0 disposition cette interview instructive sous forme de vid\u00e9o. Dans le Business Talk de DIVIS, il est question de nouveaux clients, de projets et de partenariats.<\/p>\n","protected":false},"author":1,"featured_media":25369,"comment_status":"closed","ping_status":"closed","sticky":false,"template":"tpl-full-width.php","format":"standard","meta":{"footnotes":""},"categories":[227],"tags":[],"class_list":["post-25428","post","type-post","status-publish","format-standard","has-post-thumbnail","hentry","category-2022-fr"],"yoast_head":"<!-- This site is optimized with the Yoast SEO plugin v27.4 - https:\/\/yoast.com\/product\/yoast-seo-wordpress\/ -->\n<title>Interview de notre CSO, Business Talk | DIVIS<\/title>\n<meta name=\"description\" content=\"En f\u00e9vrier : Interview crois\u00e9e de notre CSO, Business Talk\" \/>\n<meta name=\"robots\" content=\"index, follow, max-snippet:-1, max-image-preview:large, max-video-preview:-1\" \/>\n<link rel=\"canonical\" href=\"https:\/\/www.divis.eu\/fr\/interview-de-notre-ceo-business-talk\/\" \/>\n<meta property=\"og:locale\" content=\"fr_FR\" \/>\n<meta property=\"og:type\" content=\"article\" \/>\n<meta property=\"og:title\" content=\"Interview de notre CSO, Business Talk | DIVIS\" \/>\n<meta property=\"og:description\" content=\"En f\u00e9vrier : Interview crois\u00e9e de notre CSO, Business Talk\" \/>\n<meta property=\"og:url\" content=\"https:\/\/www.divis.eu\/fr\/interview-de-notre-ceo-business-talk\/\" \/>\n<meta property=\"og:site_name\" content=\"DIVIS - The intelligent view\" \/>\n<meta property=\"article:published_time\" content=\"2022-02-07T13:52:18+00:00\" \/>\n<meta property=\"article:modified_time\" content=\"2023-09-06T01:15:39+00:00\" \/>\n<meta property=\"og:image\" content=\"https:\/\/www.divis.eu\/wp-content\/uploads\/2022\/02\/divis-nl-020222-featured.jpg\" \/>\n\t<meta property=\"og:image:width\" content=\"725\" \/>\n\t<meta property=\"og:image:height\" content=\"400\" \/>\n\t<meta property=\"og:image:type\" content=\"image\/jpeg\" \/>\n<meta name=\"author\" content=\"DIVIS News\" \/>\n<meta name=\"twitter:card\" content=\"summary_large_image\" \/>\n<meta name=\"twitter:label1\" content=\"\u00c9crit par\" \/>\n\t<meta name=\"twitter:data1\" content=\"DIVIS News\" \/>\n\t<meta name=\"twitter:label2\" content=\"Dur\u00e9e de lecture estim\u00e9e\" \/>\n\t<meta name=\"twitter:data2\" content=\"3 minutes\" \/>\n<script type=\"application\/ld+json\" class=\"yoast-schema-graph\">{\"@context\":\"https:\\\/\\\/schema.org\",\"@graph\":[{\"@type\":\"Article\",\"@id\":\"https:\\\/\\\/www.divis.eu\\\/fr\\\/interview-de-notre-ceo-business-talk\\\/#article\",\"isPartOf\":{\"@id\":\"https:\\\/\\\/www.divis.eu\\\/fr\\\/interview-de-notre-ceo-business-talk\\\/\"},\"author\":{\"name\":\"DIVIS News\",\"@id\":\"https:\\\/\\\/www.divis.eu\\\/#\\\/schema\\\/person\\\/ff9a586418dbfba193bd9e8d1f363d76\"},\"headline\":\"Interview de notre CEO, Business Talk\",\"datePublished\":\"2022-02-07T13:52:18+00:00\",\"dateModified\":\"2023-09-06T01:15:39+00:00\",\"mainEntityOfPage\":{\"@id\":\"https:\\\/\\\/www.divis.eu\\\/fr\\\/interview-de-notre-ceo-business-talk\\\/\"},\"wordCount\":509,\"image\":{\"@id\":\"https:\\\/\\\/www.divis.eu\\\/fr\\\/interview-de-notre-ceo-business-talk\\\/#primaryimage\"},\"thumbnailUrl\":\"https:\\\/\\\/www.divis.eu\\\/wp-content\\\/uploads\\\/2022\\\/02\\\/divis-nl-020222-featured.jpg\",\"articleSection\":[\"2022\"],\"inLanguage\":\"fr-FR\"},{\"@type\":\"WebPage\",\"@id\":\"https:\\\/\\\/www.divis.eu\\\/fr\\\/interview-de-notre-ceo-business-talk\\\/\",\"url\":\"https:\\\/\\\/www.divis.eu\\\/fr\\\/interview-de-notre-ceo-business-talk\\\/\",\"name\":\"Interview de notre CSO, Business Talk | DIVIS\",\"isPartOf\":{\"@id\":\"https:\\\/\\\/www.divis.eu\\\/#website\"},\"primaryImageOfPage\":{\"@id\":\"https:\\\/\\\/www.divis.eu\\\/fr\\\/interview-de-notre-ceo-business-talk\\\/#primaryimage\"},\"image\":{\"@id\":\"https:\\\/\\\/www.divis.eu\\\/fr\\\/interview-de-notre-ceo-business-talk\\\/#primaryimage\"},\"thumbnailUrl\":\"https:\\\/\\\/www.divis.eu\\\/wp-content\\\/uploads\\\/2022\\\/02\\\/divis-nl-020222-featured.jpg\",\"datePublished\":\"2022-02-07T13:52:18+00:00\",\"dateModified\":\"2023-09-06T01:15:39+00:00\",\"author\":{\"@id\":\"https:\\\/\\\/www.divis.eu\\\/#\\\/schema\\\/person\\\/ff9a586418dbfba193bd9e8d1f363d76\"},\"description\":\"En f\u00e9vrier : Interview crois\u00e9e de notre CSO, Business Talk\",\"breadcrumb\":{\"@id\":\"https:\\\/\\\/www.divis.eu\\\/fr\\\/interview-de-notre-ceo-business-talk\\\/#breadcrumb\"},\"inLanguage\":\"fr-FR\",\"potentialAction\":[{\"@type\":\"ReadAction\",\"target\":[\"https:\\\/\\\/www.divis.eu\\\/fr\\\/interview-de-notre-ceo-business-talk\\\/\"]}]},{\"@type\":\"ImageObject\",\"inLanguage\":\"fr-FR\",\"@id\":\"https:\\\/\\\/www.divis.eu\\\/fr\\\/interview-de-notre-ceo-business-talk\\\/#primaryimage\",\"url\":\"https:\\\/\\\/www.divis.eu\\\/wp-content\\\/uploads\\\/2022\\\/02\\\/divis-nl-020222-featured.jpg\",\"contentUrl\":\"https:\\\/\\\/www.divis.eu\\\/wp-content\\\/uploads\\\/2022\\\/02\\\/divis-nl-020222-featured.jpg\",\"width\":725,\"height\":400,\"caption\":\"Interview mit DIVIS CSO Justus Kl\u00fcver-Schlotfeldt\"},{\"@type\":\"BreadcrumbList\",\"@id\":\"https:\\\/\\\/www.divis.eu\\\/fr\\\/interview-de-notre-ceo-business-talk\\\/#breadcrumb\",\"itemListElement\":[{\"@type\":\"ListItem\",\"position\":1,\"name\":\"Startseite\",\"item\":\"https:\\\/\\\/www.divis.eu\\\/fr\\\/\"},{\"@type\":\"ListItem\",\"position\":2,\"name\":\"Interview de notre CEO, Business Talk\"}]},{\"@type\":\"WebSite\",\"@id\":\"https:\\\/\\\/www.divis.eu\\\/#website\",\"url\":\"https:\\\/\\\/www.divis.eu\\\/\",\"name\":\"DIVIS - The intelligent view\",\"description\":\"Videosysteml\u00f6sungen f\u00fcr Umschlags- und Warenlager\",\"potentialAction\":[{\"@type\":\"SearchAction\",\"target\":{\"@type\":\"EntryPoint\",\"urlTemplate\":\"https:\\\/\\\/www.divis.eu\\\/?s={search_term_string}\"},\"query-input\":{\"@type\":\"PropertyValueSpecification\",\"valueRequired\":true,\"valueName\":\"search_term_string\"}}],\"inLanguage\":\"fr-FR\"},{\"@type\":\"Person\",\"@id\":\"https:\\\/\\\/www.divis.eu\\\/#\\\/schema\\\/person\\\/ff9a586418dbfba193bd9e8d1f363d76\",\"name\":\"DIVIS News\"}]}<\/script>\n<!-- \/ Yoast SEO plugin. -->","yoast_head_json":{"title":"Interview de notre CSO, Business Talk | DIVIS","description":"En f\u00e9vrier : Interview crois\u00e9e de notre CSO, Business Talk","robots":{"index":"index","follow":"follow","max-snippet":"max-snippet:-1","max-image-preview":"max-image-preview:large","max-video-preview":"max-video-preview:-1"},"canonical":"https:\/\/www.divis.eu\/fr\/interview-de-notre-ceo-business-talk\/","og_locale":"fr_FR","og_type":"article","og_title":"Interview de notre CSO, Business Talk | DIVIS","og_description":"En f\u00e9vrier : Interview crois\u00e9e de notre CSO, Business Talk","og_url":"https:\/\/www.divis.eu\/fr\/interview-de-notre-ceo-business-talk\/","og_site_name":"DIVIS - The intelligent view","article_published_time":"2022-02-07T13:52:18+00:00","article_modified_time":"2023-09-06T01:15:39+00:00","og_image":[{"width":725,"height":400,"url":"https:\/\/www.divis.eu\/wp-content\/uploads\/2022\/02\/divis-nl-020222-featured.jpg","type":"image\/jpeg"}],"author":"DIVIS News","twitter_card":"summary_large_image","twitter_misc":{"\u00c9crit par":"DIVIS News","Dur\u00e9e de lecture estim\u00e9e":"3 minutes"},"schema":{"@context":"https:\/\/schema.org","@graph":[{"@type":"Article","@id":"https:\/\/www.divis.eu\/fr\/interview-de-notre-ceo-business-talk\/#article","isPartOf":{"@id":"https:\/\/www.divis.eu\/fr\/interview-de-notre-ceo-business-talk\/"},"author":{"name":"DIVIS News","@id":"https:\/\/www.divis.eu\/#\/schema\/person\/ff9a586418dbfba193bd9e8d1f363d76"},"headline":"Interview de notre CEO, Business Talk","datePublished":"2022-02-07T13:52:18+00:00","dateModified":"2023-09-06T01:15:39+00:00","mainEntityOfPage":{"@id":"https:\/\/www.divis.eu\/fr\/interview-de-notre-ceo-business-talk\/"},"wordCount":509,"image":{"@id":"https:\/\/www.divis.eu\/fr\/interview-de-notre-ceo-business-talk\/#primaryimage"},"thumbnailUrl":"https:\/\/www.divis.eu\/wp-content\/uploads\/2022\/02\/divis-nl-020222-featured.jpg","articleSection":["2022"],"inLanguage":"fr-FR"},{"@type":"WebPage","@id":"https:\/\/www.divis.eu\/fr\/interview-de-notre-ceo-business-talk\/","url":"https:\/\/www.divis.eu\/fr\/interview-de-notre-ceo-business-talk\/","name":"Interview de notre CSO, Business Talk | DIVIS","isPartOf":{"@id":"https:\/\/www.divis.eu\/#website"},"primaryImageOfPage":{"@id":"https:\/\/www.divis.eu\/fr\/interview-de-notre-ceo-business-talk\/#primaryimage"},"image":{"@id":"https:\/\/www.divis.eu\/fr\/interview-de-notre-ceo-business-talk\/#primaryimage"},"thumbnailUrl":"https:\/\/www.divis.eu\/wp-content\/uploads\/2022\/02\/divis-nl-020222-featured.jpg","datePublished":"2022-02-07T13:52:18+00:00","dateModified":"2023-09-06T01:15:39+00:00","author":{"@id":"https:\/\/www.divis.eu\/#\/schema\/person\/ff9a586418dbfba193bd9e8d1f363d76"},"description":"En f\u00e9vrier : Interview crois\u00e9e de notre CSO, Business Talk","breadcrumb":{"@id":"https:\/\/www.divis.eu\/fr\/interview-de-notre-ceo-business-talk\/#breadcrumb"},"inLanguage":"fr-FR","potentialAction":[{"@type":"ReadAction","target":["https:\/\/www.divis.eu\/fr\/interview-de-notre-ceo-business-talk\/"]}]},{"@type":"ImageObject","inLanguage":"fr-FR","@id":"https:\/\/www.divis.eu\/fr\/interview-de-notre-ceo-business-talk\/#primaryimage","url":"https:\/\/www.divis.eu\/wp-content\/uploads\/2022\/02\/divis-nl-020222-featured.jpg","contentUrl":"https:\/\/www.divis.eu\/wp-content\/uploads\/2022\/02\/divis-nl-020222-featured.jpg","width":725,"height":400,"caption":"Interview mit DIVIS CSO Justus Kl\u00fcver-Schlotfeldt"},{"@type":"BreadcrumbList","@id":"https:\/\/www.divis.eu\/fr\/interview-de-notre-ceo-business-talk\/#breadcrumb","itemListElement":[{"@type":"ListItem","position":1,"name":"Startseite","item":"https:\/\/www.divis.eu\/fr\/"},{"@type":"ListItem","position":2,"name":"Interview de notre CEO, Business Talk"}]},{"@type":"WebSite","@id":"https:\/\/www.divis.eu\/#website","url":"https:\/\/www.divis.eu\/","name":"DIVIS - The intelligent view","description":"Videosysteml\u00f6sungen f\u00fcr Umschlags- und Warenlager","potentialAction":[{"@type":"SearchAction","target":{"@type":"EntryPoint","urlTemplate":"https:\/\/www.divis.eu\/?s={search_term_string}"},"query-input":{"@type":"PropertyValueSpecification","valueRequired":true,"valueName":"search_term_string"}}],"inLanguage":"fr-FR"},{"@type":"Person","@id":"https:\/\/www.divis.eu\/#\/schema\/person\/ff9a586418dbfba193bd9e8d1f363d76","name":"DIVIS News"}]}},"_links":{"self":[{"href":"https:\/\/www.divis.eu\/fr\/wp-json\/wp\/v2\/posts\/25428","targetHints":{"allow":["GET"]}}],"collection":[{"href":"https:\/\/www.divis.eu\/fr\/wp-json\/wp\/v2\/posts"}],"about":[{"href":"https:\/\/www.divis.eu\/fr\/wp-json\/wp\/v2\/types\/post"}],"author":[{"embeddable":true,"href":"https:\/\/www.divis.eu\/fr\/wp-json\/wp\/v2\/users\/1"}],"replies":[{"embeddable":true,"href":"https:\/\/www.divis.eu\/fr\/wp-json\/wp\/v2\/comments?post=25428"}],"version-history":[{"count":0,"href":"https:\/\/www.divis.eu\/fr\/wp-json\/wp\/v2\/posts\/25428\/revisions"}],"wp:featuredmedia":[{"embeddable":true,"href":"https:\/\/www.divis.eu\/fr\/wp-json\/wp\/v2\/media\/25369"}],"wp:attachment":[{"href":"https:\/\/www.divis.eu\/fr\/wp-json\/wp\/v2\/media?parent=25428"}],"wp:term":[{"taxonomy":"category","embeddable":true,"href":"https:\/\/www.divis.eu\/fr\/wp-json\/wp\/v2\/categories?post=25428"},{"taxonomy":"post_tag","embeddable":true,"href":"https:\/\/www.divis.eu\/fr\/wp-json\/wp\/v2\/tags?post=25428"}],"curies":[{"name":"wp","href":"https:\/\/api.w.org\/{rel}","templated":true}]}}