{"id":25632,"date":"2022-03-08T08:06:00","date_gmt":"2022-03-08T08:06:00","guid":{"rendered":"https:\/\/www.divis.eu\/unsere-premiere-auf-der-fruit-logistica\/"},"modified":"2024-07-22T14:59:31","modified_gmt":"2024-07-22T14:59:31","slug":"notre-premiere-au-salon-fruit-logistica","status":"publish","type":"post","link":"https:\/\/www.divis.eu\/fr\/notre-premiere-au-salon-fruit-logistica\/","title":{"rendered":"Notre premi\u00e8re au salon FRUIT LOGISTICA"},"content":{"rendered":"\n<h3>\n\t\t\u00c9V\u00c9NEMENTS\n\t<\/h3>\n<h1>\n\t\tNotre premi\u00e8re participation au salon FRUIT LOGISTICA\n\t<\/h1>\n<h2>\n\t\tBordesholm, le 8 mars 2022\n\t<\/h2>\n\t\t\t\t<h3>Vous nous trouverez au stand C-17 au hall 26.<\/h3>\n<hr \/>\n<p>5 -7 avril 2022<\/p>\n<p><strong>Heures d&rsquo;ouverture<\/strong><br \/>Mardi, Mercredi 9h00 &#8211; 18h00 <br \/>Jeudi 9h00 &#8211; 16h00<\/p>\n<p><strong>Lieu<\/strong><br \/>Lieu Parc des expositions de Berlin (Messe Berlin) | Messedamm 22 | 14055 Berlin<\/p>\n\t\t\t\t<img decoding=\"async\" src=\"https:\/\/www.divis.eu\/wp-content\/uploads\/2022\/03\/DIVIS-FRUIT-LOGISTICA-3.png\" alt=\"DIVIS-FRUIT-LOGISTICA\" title=\"DIVIS-FRUIT-LOGISTICA\" itemprop=\"image\"\/>\n\t<p>Lors du salon FRUIT LOGISTICA \u00e0 Berlin, 3 300 exposants et plus de 72 000 visiteurs professionnels \u00e9changeront des informations sur les innovations, les nouveaux produits et les services pour le commerce des produits frais tels que les fruits et l\u00e9gumes. Le salon offre d&rsquo;excellentes opportunit\u00e9s de contacts B2B, car il couvre tous les secteurs d&rsquo;activit\u00e9 des produits frais, tous les acteurs du march\u00e9 et donc tous les niveaux commerciaux dans le monde entier.<\/p>\n<p>Cette ann\u00e9e, ce sera notre premi\u00e8re participation et nous pr\u00e9senterons CargoVIS, notre syst\u00e8me de vid\u00e9o tracking performant pour le suivi des envois avec des cam\u00e9ras vid\u00e9o et la localisation dans le transbordement des marchandises. Sur le stand DIVIS, nous pr\u00e9senterons \u00e9galement DamageVIS, notre logiciel pour une documentation claire et fiable des dommages.<\/p>\n<p>Lors de cet \u00e9v\u00e9nement, les visiteurs auront l&rsquo;occasion de d\u00e9couvrir les fonctionnalit\u00e9s et les caract\u00e9ristiques de notre logiciel lors de diverses pr\u00e9sentations en live sur notre stand.<\/p>\n\t\t\t\t<img decoding=\"async\" src=\"https:\/\/www.divis.eu\/wp-content\/uploads\/2022\/03\/cargovis.png\" alt=\"cargovis\" title=\"cargovis\" itemprop=\"image\"\/>\n\t\t\t<h3>CargoVIS avec g\u00e9olocalisation par Location<sup>+<\/sup> :<br \/>trouver plus rapidement les envois manquants<\/h3>\t\t\t\n\t\t\t\t<p>Dans la logistique des marchandises diverses, CargoVIS permet de suivre les envois de marchandises palettis\u00e9es dans l&rsquo;entrep\u00f4t de transbordement.<\/p>\n<p>Avec <a href=\"https:\/\/www.divis.eu\/fr\/modules-pour-solutions-de-videosurveillance-dans-le-domaine-de-la-logistique\/#locationplus\">l&rsquo;add-on Location<sup>+<\/sup> pour la g\u00e9olocalisation en int\u00e9rieur sans balises<\/a> bas\u00e9e sur Bluetooth (Bluetooth Low Energy), la solution s&rsquo;int\u00e8gre sans interruption dans vos processus. Chaque envoi individuel peut \u00eatre localis\u00e9 et identifi\u00e9 de mani\u00e8re fiable, et son \u00e9tat peut \u00e9galement \u00eatre clairement identifi\u00e9 dans l&rsquo;image de la cam\u00e9ra.<br \/>Profitez d&rsquo;une flexibilit\u00e9 maximale. Les \u00e9metteurs normalement n\u00e9cessaires pour la g\u00e9olocalisation, de petites puces mont\u00e9es sur les terminaux ou encore des balises, ne sont pas n\u00e9cessaires avec la m\u00e9thode de g\u00e9olocalisation Bluetooth LE. La t\u00e2che des \u00e9metteurs est assur\u00e9e par l&rsquo;appli Bluetooth LE de DIVIS, qui est install\u00e9e sur les terminaux.<\/p>\n<p>Notre technologie de g\u00e9olocalisation est \u00e9galement adapt\u00e9e aux environnements changeants. Elle convainc par une d\u00e9termination extr\u00eamement pr\u00e9cise de la position des PDA, des personnes ou des moyens de transport dans l&rsquo;entrep\u00f4t de transbordement, avec une pr\u00e9cision allant jusqu&rsquo;\u00e0 +\/- 50 cm.<br \/>Le syst\u00e8me intelligent calcule m\u00eame les r\u00e9flexions des signaux sur les parois m\u00e9talliques ou les envois de marchandises et peut ainsi identifier parfaitement les envois cach\u00e9s.<\/p>\n\t\t\t<a href=\"https:\/\/www.divis.eu\/fr\/logiciel-de-gestion-video-cargovis-pour-les-entrepots-de-transbordement\/\" target=\"_self\" role=\"button\" aria-label=\"En savoir plus sur CargoVIS\" rel=\"noopener\">\n\t\t\t\t\t\t\tEn savoir plus sur CargoVIS\n\t\t<\/a>\n\t\t\t\t<img decoding=\"async\" src=\"https:\/\/www.divis.eu\/wp-content\/uploads\/2022\/03\/damagevis.png\" alt=\"damagevis\" title=\"damagevis\" itemprop=\"image\"\/>\n\t\t\t<h3>DamageVIS : documentation des dommages de mani\u00e8re fiable et rapide<\/h3>\t\t\t\n\t\t\t\t<p>Le logiciel de gestion des sinistres DamageVIS all\u00e8ge la charge de travail de votre personnel et minimise les interruptions dans vos processus logistiques. Elle r\u00e9duit au minimum le temps n\u00e9cessaire \u00e0 la saisie des dommages. Toutes les donn\u00e9es pertinentes de l&rsquo;envoi sont directement li\u00e9es \u00e0 la documentation du dommage.<br \/>Ainsi, malgr\u00e9 la pression du temps lors du chargement, les dommages subis par la marchandise peuvent \u00eatre document\u00e9s de mani\u00e8re compl\u00e8te et avec des preuves pour le r\u00e8glement ult\u00e9rieur du sinistre. L&rsquo;acc\u00e8s rapide \u00e0 toutes les informations relatives aux dommages, telles que les images du colis, des dommages et du code-barres, ainsi que toutes les autres donn\u00e9es pertinentes, permettent en outre de les transmettre rapidement aux assureurs, aux coop\u00e9rations de transport et aux partenaires.<\/p>\n<p>En plus de la g\u00e9olocalisation et de la documentation des dommages, notre syst\u00e8me offre des fonctions de base utiles et de nombreuses caract\u00e9ristiques optionnelles pour l&rsquo;entrep\u00f4t. Laissez-nous vous conseiller !<\/p>\n\t<h4>Vous souhaitez rencontrer DIVIS au salon FRUIT LOGISTICA et en savoir plus sur nos produits ?<br \/>\n<img decoding=\"async\" src=\"https:\/\/www.divis.eu\/wp-content\/uploads\/2018\/03\/gratis-tickets-fr.png\" alt=\"Videomanagement-Software Logistik DIVIS\" width=\"160\" height=\"180\" \/><\/h4>\n<p>Alors n&rsquo;h\u00e9sitez pas \u00e0 vous procurer votre billet pour une entr\u00e9e gratuite au salon et \u00e0 venir nous rendre visite sur notre stand !<\/p>\nVeuillez contacter notre <a href=\"https:\/\/www.divis.eu\/fr\/interlocuteurs-divis-videosurveillance-dentrepots\/\">service commercial<\/a>, pour demander votre billet.<br \/>\nNos coll\u00e8gues se feront un plaisir de vous aider.\n<p>Nous nous r\u00e9jouissons de votre visite !<\/p>\n\t\t\t<a href=\"https:\/\/www.fruitlogistica.com\" target=\"_blank\" rel=\"noopener\" role=\"button\" aria-label=\"En savoir plus sur la FRUIT LOGISTICA 2022\">\n\t\t\t\t\t\t\tEn savoir plus sur la FRUIT LOGISTICA 2022\n\t\t<\/a>\n\n","protected":false},"excerpt":{"rendered":"<p>En avril, DIVIS pr\u00e9sentera CargoVIS et DamageVIS en live au salon FRUIT Logistica 2022 \u00e0 Berlin. Lors de cet \u00e9v\u00e9nement, les visiteurs auront l&rsquo;occasion de d\u00e9couvrir les fonctionnalit\u00e9s et les caract\u00e9ristiques de notre logiciel lors de diverses pr\u00e9sentations en live sur notre stand.<br \/>\nVenez nous rendre visite sur notre stand C-17, hall 26 !<\/p>\n","protected":false},"author":1,"featured_media":25736,"comment_status":"closed","ping_status":"closed","sticky":false,"template":"tpl-full-width.php","format":"standard","meta":{"footnotes":""},"categories":[227],"tags":[],"class_list":["post-25632","post","type-post","status-publish","format-standard","has-post-thumbnail","hentry","category-2022-fr"],"yoast_head":"<!-- This site is optimized with the Yoast SEO plugin v27.4 - https:\/\/yoast.com\/product\/yoast-seo-wordpress\/ -->\n<title>Premi\u00e8re DIVIS au salon FRUIT LOGISTICA \u00e0 Berlin<\/title>\n<meta name=\"description\" content=\"En avril, DIVIS pr\u00e9sentera CargoVIS et DamageVIS en live au salon FRUIT Logistica 2022 \u00e0 Berlin.\" \/>\n<meta name=\"robots\" content=\"index, follow, max-snippet:-1, max-image-preview:large, max-video-preview:-1\" \/>\n<link rel=\"canonical\" href=\"https:\/\/www.divis.eu\/fr\/notre-premiere-au-salon-fruit-logistica\/\" \/>\n<meta property=\"og:locale\" content=\"fr_FR\" \/>\n<meta property=\"og:type\" content=\"article\" \/>\n<meta property=\"og:title\" content=\"Premi\u00e8re DIVIS au salon FRUIT LOGISTICA \u00e0 Berlin\" \/>\n<meta property=\"og:description\" content=\"En avril, DIVIS pr\u00e9sentera CargoVIS et DamageVIS en live au salon FRUIT Logistica 2022 \u00e0 Berlin.\" \/>\n<meta property=\"og:url\" content=\"https:\/\/www.divis.eu\/fr\/notre-premiere-au-salon-fruit-logistica\/\" \/>\n<meta property=\"og:site_name\" content=\"DIVIS - The intelligent view\" \/>\n<meta property=\"article:published_time\" content=\"2022-03-08T08:06:00+00:00\" \/>\n<meta property=\"article:modified_time\" content=\"2024-07-22T14:59:31+00:00\" \/>\n<meta property=\"og:image\" content=\"https:\/\/www.divis.eu\/wp-content\/uploads\/2022\/03\/divis-fruit-logistica-featured-fr-3.gif\" \/>\n\t<meta property=\"og:image:width\" content=\"725\" \/>\n\t<meta property=\"og:image:height\" content=\"400\" \/>\n\t<meta property=\"og:image:type\" content=\"image\/gif\" \/>\n<meta name=\"author\" content=\"DIVIS News\" \/>\n<meta name=\"twitter:card\" content=\"summary_large_image\" \/>\n<meta name=\"twitter:label1\" content=\"\u00c9crit par\" \/>\n\t<meta name=\"twitter:data1\" content=\"DIVIS News\" \/>\n\t<meta name=\"twitter:label2\" content=\"Dur\u00e9e de lecture estim\u00e9e\" \/>\n\t<meta name=\"twitter:data2\" content=\"4 minutes\" \/>\n<script type=\"application\/ld+json\" class=\"yoast-schema-graph\">{\"@context\":\"https:\\\/\\\/schema.org\",\"@graph\":[{\"@type\":\"Article\",\"@id\":\"https:\\\/\\\/www.divis.eu\\\/fr\\\/notre-premiere-au-salon-fruit-logistica\\\/#article\",\"isPartOf\":{\"@id\":\"https:\\\/\\\/www.divis.eu\\\/fr\\\/notre-premiere-au-salon-fruit-logistica\\\/\"},\"author\":{\"name\":\"DIVIS News\",\"@id\":\"https:\\\/\\\/www.divis.eu\\\/#\\\/schema\\\/person\\\/ff9a586418dbfba193bd9e8d1f363d76\"},\"headline\":\"Notre premi\u00e8re au salon FRUIT LOGISTICA\",\"datePublished\":\"2022-03-08T08:06:00+00:00\",\"dateModified\":\"2024-07-22T14:59:31+00:00\",\"mainEntityOfPage\":{\"@id\":\"https:\\\/\\\/www.divis.eu\\\/fr\\\/notre-premiere-au-salon-fruit-logistica\\\/\"},\"wordCount\":708,\"image\":{\"@id\":\"https:\\\/\\\/www.divis.eu\\\/fr\\\/notre-premiere-au-salon-fruit-logistica\\\/#primaryimage\"},\"thumbnailUrl\":\"https:\\\/\\\/www.divis.eu\\\/wp-content\\\/uploads\\\/2022\\\/03\\\/divis-fruit-logistica-featured-fr-3.gif\",\"articleSection\":[\"2022\"],\"inLanguage\":\"fr-FR\"},{\"@type\":\"WebPage\",\"@id\":\"https:\\\/\\\/www.divis.eu\\\/fr\\\/notre-premiere-au-salon-fruit-logistica\\\/\",\"url\":\"https:\\\/\\\/www.divis.eu\\\/fr\\\/notre-premiere-au-salon-fruit-logistica\\\/\",\"name\":\"Premi\u00e8re DIVIS au salon FRUIT LOGISTICA \u00e0 Berlin\",\"isPartOf\":{\"@id\":\"https:\\\/\\\/www.divis.eu\\\/#website\"},\"primaryImageOfPage\":{\"@id\":\"https:\\\/\\\/www.divis.eu\\\/fr\\\/notre-premiere-au-salon-fruit-logistica\\\/#primaryimage\"},\"image\":{\"@id\":\"https:\\\/\\\/www.divis.eu\\\/fr\\\/notre-premiere-au-salon-fruit-logistica\\\/#primaryimage\"},\"thumbnailUrl\":\"https:\\\/\\\/www.divis.eu\\\/wp-content\\\/uploads\\\/2022\\\/03\\\/divis-fruit-logistica-featured-fr-3.gif\",\"datePublished\":\"2022-03-08T08:06:00+00:00\",\"dateModified\":\"2024-07-22T14:59:31+00:00\",\"author\":{\"@id\":\"https:\\\/\\\/www.divis.eu\\\/#\\\/schema\\\/person\\\/ff9a586418dbfba193bd9e8d1f363d76\"},\"description\":\"En avril, DIVIS pr\u00e9sentera CargoVIS et DamageVIS en live au salon FRUIT Logistica 2022 \u00e0 Berlin.\",\"breadcrumb\":{\"@id\":\"https:\\\/\\\/www.divis.eu\\\/fr\\\/notre-premiere-au-salon-fruit-logistica\\\/#breadcrumb\"},\"inLanguage\":\"fr-FR\",\"potentialAction\":[{\"@type\":\"ReadAction\",\"target\":[\"https:\\\/\\\/www.divis.eu\\\/fr\\\/notre-premiere-au-salon-fruit-logistica\\\/\"]}]},{\"@type\":\"ImageObject\",\"inLanguage\":\"fr-FR\",\"@id\":\"https:\\\/\\\/www.divis.eu\\\/fr\\\/notre-premiere-au-salon-fruit-logistica\\\/#primaryimage\",\"url\":\"https:\\\/\\\/www.divis.eu\\\/wp-content\\\/uploads\\\/2022\\\/03\\\/divis-fruit-logistica-featured-fr-3.gif\",\"contentUrl\":\"https:\\\/\\\/www.divis.eu\\\/wp-content\\\/uploads\\\/2022\\\/03\\\/divis-fruit-logistica-featured-fr-3.gif\",\"width\":725,\"height\":400,\"caption\":\"DIVIS en direct du salon FRUIT LOGISTICA 2022\"},{\"@type\":\"BreadcrumbList\",\"@id\":\"https:\\\/\\\/www.divis.eu\\\/fr\\\/notre-premiere-au-salon-fruit-logistica\\\/#breadcrumb\",\"itemListElement\":[{\"@type\":\"ListItem\",\"position\":1,\"name\":\"Startseite\",\"item\":\"https:\\\/\\\/www.divis.eu\\\/fr\\\/\"},{\"@type\":\"ListItem\",\"position\":2,\"name\":\"Notre premi\u00e8re au salon FRUIT LOGISTICA\"}]},{\"@type\":\"WebSite\",\"@id\":\"https:\\\/\\\/www.divis.eu\\\/#website\",\"url\":\"https:\\\/\\\/www.divis.eu\\\/\",\"name\":\"DIVIS - The intelligent view\",\"description\":\"Videosysteml\u00f6sungen f\u00fcr Umschlags- und Warenlager\",\"potentialAction\":[{\"@type\":\"SearchAction\",\"target\":{\"@type\":\"EntryPoint\",\"urlTemplate\":\"https:\\\/\\\/www.divis.eu\\\/?s={search_term_string}\"},\"query-input\":{\"@type\":\"PropertyValueSpecification\",\"valueRequired\":true,\"valueName\":\"search_term_string\"}}],\"inLanguage\":\"fr-FR\"},{\"@type\":\"Person\",\"@id\":\"https:\\\/\\\/www.divis.eu\\\/#\\\/schema\\\/person\\\/ff9a586418dbfba193bd9e8d1f363d76\",\"name\":\"DIVIS News\"}]}<\/script>\n<!-- \/ Yoast SEO plugin. -->","yoast_head_json":{"title":"Premi\u00e8re DIVIS au salon FRUIT LOGISTICA \u00e0 Berlin","description":"En avril, DIVIS pr\u00e9sentera CargoVIS et DamageVIS en live au salon FRUIT Logistica 2022 \u00e0 Berlin.","robots":{"index":"index","follow":"follow","max-snippet":"max-snippet:-1","max-image-preview":"max-image-preview:large","max-video-preview":"max-video-preview:-1"},"canonical":"https:\/\/www.divis.eu\/fr\/notre-premiere-au-salon-fruit-logistica\/","og_locale":"fr_FR","og_type":"article","og_title":"Premi\u00e8re DIVIS au salon FRUIT LOGISTICA \u00e0 Berlin","og_description":"En avril, DIVIS pr\u00e9sentera CargoVIS et DamageVIS en live au salon FRUIT Logistica 2022 \u00e0 Berlin.","og_url":"https:\/\/www.divis.eu\/fr\/notre-premiere-au-salon-fruit-logistica\/","og_site_name":"DIVIS - The intelligent view","article_published_time":"2022-03-08T08:06:00+00:00","article_modified_time":"2024-07-22T14:59:31+00:00","og_image":[{"width":725,"height":400,"url":"https:\/\/www.divis.eu\/wp-content\/uploads\/2022\/03\/divis-fruit-logistica-featured-fr-3.gif","type":"image\/gif"}],"author":"DIVIS News","twitter_card":"summary_large_image","twitter_misc":{"\u00c9crit par":"DIVIS News","Dur\u00e9e de lecture estim\u00e9e":"4 minutes"},"schema":{"@context":"https:\/\/schema.org","@graph":[{"@type":"Article","@id":"https:\/\/www.divis.eu\/fr\/notre-premiere-au-salon-fruit-logistica\/#article","isPartOf":{"@id":"https:\/\/www.divis.eu\/fr\/notre-premiere-au-salon-fruit-logistica\/"},"author":{"name":"DIVIS News","@id":"https:\/\/www.divis.eu\/#\/schema\/person\/ff9a586418dbfba193bd9e8d1f363d76"},"headline":"Notre premi\u00e8re au salon FRUIT LOGISTICA","datePublished":"2022-03-08T08:06:00+00:00","dateModified":"2024-07-22T14:59:31+00:00","mainEntityOfPage":{"@id":"https:\/\/www.divis.eu\/fr\/notre-premiere-au-salon-fruit-logistica\/"},"wordCount":708,"image":{"@id":"https:\/\/www.divis.eu\/fr\/notre-premiere-au-salon-fruit-logistica\/#primaryimage"},"thumbnailUrl":"https:\/\/www.divis.eu\/wp-content\/uploads\/2022\/03\/divis-fruit-logistica-featured-fr-3.gif","articleSection":["2022"],"inLanguage":"fr-FR"},{"@type":"WebPage","@id":"https:\/\/www.divis.eu\/fr\/notre-premiere-au-salon-fruit-logistica\/","url":"https:\/\/www.divis.eu\/fr\/notre-premiere-au-salon-fruit-logistica\/","name":"Premi\u00e8re DIVIS au salon FRUIT LOGISTICA \u00e0 Berlin","isPartOf":{"@id":"https:\/\/www.divis.eu\/#website"},"primaryImageOfPage":{"@id":"https:\/\/www.divis.eu\/fr\/notre-premiere-au-salon-fruit-logistica\/#primaryimage"},"image":{"@id":"https:\/\/www.divis.eu\/fr\/notre-premiere-au-salon-fruit-logistica\/#primaryimage"},"thumbnailUrl":"https:\/\/www.divis.eu\/wp-content\/uploads\/2022\/03\/divis-fruit-logistica-featured-fr-3.gif","datePublished":"2022-03-08T08:06:00+00:00","dateModified":"2024-07-22T14:59:31+00:00","author":{"@id":"https:\/\/www.divis.eu\/#\/schema\/person\/ff9a586418dbfba193bd9e8d1f363d76"},"description":"En avril, DIVIS pr\u00e9sentera CargoVIS et DamageVIS en live au salon FRUIT Logistica 2022 \u00e0 Berlin.","breadcrumb":{"@id":"https:\/\/www.divis.eu\/fr\/notre-premiere-au-salon-fruit-logistica\/#breadcrumb"},"inLanguage":"fr-FR","potentialAction":[{"@type":"ReadAction","target":["https:\/\/www.divis.eu\/fr\/notre-premiere-au-salon-fruit-logistica\/"]}]},{"@type":"ImageObject","inLanguage":"fr-FR","@id":"https:\/\/www.divis.eu\/fr\/notre-premiere-au-salon-fruit-logistica\/#primaryimage","url":"https:\/\/www.divis.eu\/wp-content\/uploads\/2022\/03\/divis-fruit-logistica-featured-fr-3.gif","contentUrl":"https:\/\/www.divis.eu\/wp-content\/uploads\/2022\/03\/divis-fruit-logistica-featured-fr-3.gif","width":725,"height":400,"caption":"DIVIS en direct du salon FRUIT LOGISTICA 2022"},{"@type":"BreadcrumbList","@id":"https:\/\/www.divis.eu\/fr\/notre-premiere-au-salon-fruit-logistica\/#breadcrumb","itemListElement":[{"@type":"ListItem","position":1,"name":"Startseite","item":"https:\/\/www.divis.eu\/fr\/"},{"@type":"ListItem","position":2,"name":"Notre premi\u00e8re au salon FRUIT LOGISTICA"}]},{"@type":"WebSite","@id":"https:\/\/www.divis.eu\/#website","url":"https:\/\/www.divis.eu\/","name":"DIVIS - The intelligent view","description":"Videosysteml\u00f6sungen f\u00fcr Umschlags- und Warenlager","potentialAction":[{"@type":"SearchAction","target":{"@type":"EntryPoint","urlTemplate":"https:\/\/www.divis.eu\/?s={search_term_string}"},"query-input":{"@type":"PropertyValueSpecification","valueRequired":true,"valueName":"search_term_string"}}],"inLanguage":"fr-FR"},{"@type":"Person","@id":"https:\/\/www.divis.eu\/#\/schema\/person\/ff9a586418dbfba193bd9e8d1f363d76","name":"DIVIS News"}]}},"_links":{"self":[{"href":"https:\/\/www.divis.eu\/fr\/wp-json\/wp\/v2\/posts\/25632","targetHints":{"allow":["GET"]}}],"collection":[{"href":"https:\/\/www.divis.eu\/fr\/wp-json\/wp\/v2\/posts"}],"about":[{"href":"https:\/\/www.divis.eu\/fr\/wp-json\/wp\/v2\/types\/post"}],"author":[{"embeddable":true,"href":"https:\/\/www.divis.eu\/fr\/wp-json\/wp\/v2\/users\/1"}],"replies":[{"embeddable":true,"href":"https:\/\/www.divis.eu\/fr\/wp-json\/wp\/v2\/comments?post=25632"}],"version-history":[{"count":0,"href":"https:\/\/www.divis.eu\/fr\/wp-json\/wp\/v2\/posts\/25632\/revisions"}],"wp:featuredmedia":[{"embeddable":true,"href":"https:\/\/www.divis.eu\/fr\/wp-json\/wp\/v2\/media\/25736"}],"wp:attachment":[{"href":"https:\/\/www.divis.eu\/fr\/wp-json\/wp\/v2\/media?parent=25632"}],"wp:term":[{"taxonomy":"category","embeddable":true,"href":"https:\/\/www.divis.eu\/fr\/wp-json\/wp\/v2\/categories?post=25632"},{"taxonomy":"post_tag","embeddable":true,"href":"https:\/\/www.divis.eu\/fr\/wp-json\/wp\/v2\/tags?post=25632"}],"curies":[{"name":"wp","href":"https:\/\/api.w.org\/{rel}","templated":true}]}}