{"id":8212,"date":"2017-12-19T23:46:14","date_gmt":"2017-12-19T23:46:14","guid":{"rendered":"https:\/\/www.divis.eu\/?p=8212"},"modified":"2023-05-31T18:49:51","modified_gmt":"2023-05-31T18:49:51","slug":"divis-vous-dit-merci-et-vous-souhaite-de-belles-fetes-de-fin-dannee","status":"publish","type":"post","link":"https:\/\/www.divis.eu\/fr\/divis-vous-dit-merci-et-vous-souhaite-de-belles-fetes-de-fin-dannee\/","title":{"rendered":"DIVIS vous dit merci et vous souhaite de belles f\u00eates de fin d\u2018ann\u00e9e"},"content":{"rendered":"\n<h1>\n\t\tDIVIS vous dit merci et vous souhaite de belles f\u00eates de fin d&rsquo;ann\u00e9e\n\t<\/h1>\n<h2>\n\t\tBordesholm, 19 d\u00e9cembre 2017\n\t<\/h2>\n\t\t\t\t<img decoding=\"async\" src=\"https:\/\/www.divis.eu\/wp-content\/uploads\/2018\/01\/weihnachtstitel-web-neu.gif\" alt=\"Videomanagement-Software Logistik DIVIS\" itemprop=\"image\" height=\"200\" width=\"725\" title=\"weihnachtstitel-web-neu\" onerror=\"this.style.display='none'\">\n\t\t\t\t<img decoding=\"async\" src=\"https:\/\/www.divis.eu\/wp-content\/uploads\/2018\/01\/hendrik-reger-1.png\" alt=\"Hendrik Reger | DIVIS | Videol\u00f6sungen f\u00fcr die Logistik\" itemprop=\"image\" height=\"385\" width=\"300\" title=\"hendrik-reger\" onerror=\"this.style.display='none'\">\n\t<p>Hendrik Reger<\/p>\n<p><em>Directeur commercial<\/em><\/p>\n\t<p>Nous vous remercions d&rsquo;avoir partag\u00e9 avec nous une bonne ann\u00e9e riche en \u00e9v\u00e8nements. Nous nous r\u00e9jouissons \u00e0 l&rsquo;id\u00e9e de continuer ensemble les m\u00eames chemins et d&rsquo;en emprunter de nouveaux.<\/p>\n<p>Nous vous souhaitons d&rsquo;agr\u00e9ables f\u00eates de fin d&rsquo;ann\u00e9e ainsi qu&rsquo;une excellente ann\u00e9e 2018!<\/p>\n<p>Conform\u00e9ment \u00e0 la tradition, \u00e0 la fin de l&rsquo;ann\u00e9e, c&rsquo;est le moment de faire le bien envers autrui. C&rsquo;est ce que nous faisons et c&rsquo;est ce \u00e0 quoi vous contribuez automatiquement : Nous faisons don chaque ann\u00e9e d&rsquo;une partie de nos b\u00e9n\u00e9fices \u00e0 des \u0153uvres caritatives r\u00e9gionales et nationales.<\/p>\n<h2>\n\t\t Ainsi, nous venons en aide, gr\u00e2ce \u00e0 vous aux institutions ou organisations suivantes:\n\t<\/h2>\n<h4>\n\t\tA L&rsquo; \u00c9CHELON R\u00c9GIONAL\n\t<\/h4>\n<h4>\n\t\tAssociation d&rsquo;aide au jardin d&rsquo;enfants Birkenweg Bordesholm e.V.\n\t<\/h4>\n\t<p><img decoding=\"async\" src=\"https:\/\/www.divis.eu\/wp-content\/uploads\/2018\/01\/geschenk-1.jpg\" alt=\"\" width=\"100\" height=\"117\">Cette association soutient les enfants et la cr\u00e8che en leur achetant des choses mat\u00e9rielles dont ils ont besoin, en leur proposant des manifestations culturelles et en s&rsquo;engageant personnellement.<\/p>\n<p>Veuillez rejoindre le site&nbsp;<a href=\"http:\/\/www.kitabirkenweg.de\/\" target=\"_blank\" rel=\"noopener noreferrer\">www.kitabirkenweg.de<\/a>&nbsp;pour de plus amples informations.<\/p>\n<h4>\n\t\tKGV Bordesholm (La table de Bordesholm)\n\t<\/h4>\n\t<p><img decoding=\"async\" src=\"https:\/\/www.divis.eu\/wp-content\/uploads\/2018\/01\/geschenk-2.jpg\" alt=\"\" width=\"100\" height=\"117\"><\/p>\n<p>Elle rassemble \u00e0 l&rsquo;aide de travailleurs b\u00e9n\u00e9voles des produits alimentaires invendus et les redistribue aux personnes dans le besoin. L&rsquo;exemple suivant montre vraiment l&rsquo;impact des dons. Vu le nombre croissant des personnes dans le besoin au cours des derni\u00e8res ann\u00e9es, il \u00e9tait de plus en plus difficile de travailler dans les anciens locaux devenus bien trop petits. Ainsi en 2017 gr\u00e2ce aux dons, la \u00ab\u00a0table\u00a0\u00bb a pu emm\u00e9nager dans de nouveaux locaux.<\/p>\n<p>Veuillez rejoindre le site&nbsp;<a href=\"http:\/\/www.bordesholmer-tafel.de\/\" target=\"_blank\" rel=\"noopener noreferrer\">www.bordesholmer-tafel.de<\/a>&nbsp;pour de plus amples informations.<\/p>\n<h4>\n\t\t<a href=\"#intern\" title=\"A L' \u00c9CHELON NATIONAL\" target=\"_self\" rel=\"noopener\">\n\t\tA L&rsquo; \u00c9CHELON NATIONAL\n\t\t<\/a>\n\t<\/h4>\n<h4>\n\t\tPlant-for-the-Planet Foundation\n\t<\/h4>\n\t<p><img decoding=\"async\" src=\"https:\/\/www.divis.eu\/wp-content\/uploads\/2018\/01\/geschenk-3.jpg\" alt=\"\" width=\"100\" height=\"117\"><\/p>\n<p>Ce projet a \u00e9t\u00e9 cr\u00e9\u00e9 \u00e0 l&rsquo;initiative du jeune F\u00e9lix Finkbeiner \u00e2g\u00e9 de 9 ans en 2007. Cette initiative est devenue un mouvement \u00e0 l&rsquo;\u00e9chelon mondial. Avec les dons de DIVIS, 1000 arbres seront plant\u00e9s.<\/p>\n<p>Veuillez rejoindre le site&nbsp;<a href=\"https:\/\/www.plant-for-the-planet.org\/de\/startseite\" target=\"_blank\" rel=\"noopener noreferrer\">www.plant-for-the-planet.org<\/a>&nbsp;pour de plus amples informations.<\/p>\n<h4>\n\t\tMatumaini\n\t<\/h4>\n\t<p><img decoding=\"async\" src=\"https:\/\/www.divis.eu\/wp-content\/uploads\/2018\/01\/geschenk-4.jpg\" alt=\"\" width=\"100\" height=\"117\"><\/p>\n<p>Ce projet fut cr\u00e9\u00e9 il y a 7 ans par Antonia Pelshenke, \u00e9tudiante en m\u00e9decine. Ce projet vient en aide aux orphelins en Tanzanie. Antonia originaire de Kiel (c&rsquo;est-\u00e0-dire non loin du si\u00e8ge de DIVIS) est partie apr\u00e8s le Bac pour la premi\u00e8re fois en Tansanie pour travailler b\u00e9n\u00e9volement pour une organisation non gouvernementale, entre autres dans un orphelinat (Good Hope Childrens Home) dans un petit village au pied du Mont Meru. Depuis cette jeune femme s&rsquo;y rend chaque ann\u00e9e et essaie de financer pour le plus d&rsquo;enfants possible la fr\u00e9quentation de l&rsquo;\u00e9cole en s&rsquo;engageant personnellement sur place et en y apportant les dons r\u00e9colt\u00e9s.<\/p>\n<h4>\n\t\tOrganisation \u201eZukunft f\u00fcr Lolas Kinder e.V.\u00a0\u00bb (Avenir pour les enfants de Lola)\n\t<\/h4>\n\t<p><img decoding=\"async\" src=\"..\/..\/wp-content\/uploads\/2018\/01\/geschenk-5.jpg\" alt=\"\" width=\"100\" height=\"117\"><\/p>\n<p>Cette association soutient les projets de soeurs religieuses catholiques de l&rsquo;ordre espagnol (\u201eMissionary daughters of Calvary\u00a0\u00bb) qui s&rsquo;occupent des enfants en d\u00e9tresse \u00e0 Simbabw\u00e9.<\/p>\n<p>Veuillez rejoindre le site&nbsp;<a href=\"http:\/\/www.lolas-kinder.de\/\" target=\"_blank\" rel=\"noopener noreferrer\">www.lolas-kinder.de<\/a>&nbsp;pour de plus amples informations.<\/p>\n<h4>\n\t\tAssociation allemande pour la protection de l&rsquo;enfant). Antenne \u00e0 Neum\u00fcnster (\u201el&rsquo;\u00e9l\u00e9phant bleu\u00a0\u00bb)\n\t<\/h4>\n\t<p><img decoding=\"async\" src=\"..\/..\/wp-content\/uploads\/2018\/01\/geschenk-6.jpg\" alt=\"\" width=\"100\" height=\"117\"><\/p>\n<p>Cette association d\u00e9fend dans toute l&rsquo;Allemagne les droits de l&rsquo;enfant et des parents.<\/p>\n<p>Veuillez rejoindre le site&nbsp;<a href=\"http:\/\/www.dksb-nms.de\/\" target=\"_blank\" rel=\"noopener\">www.dksb-nms.<\/a>de&nbsp;pour de plus amples informations.<\/p>\n<h4>\n\t\tTests de compatibilit\u00e9 aupr\u00e8s de la DKMS (Centre allemand de don de mo\u00eblle osseuse)\n\t<\/h4>\n\t<p><img decoding=\"async\" src=\"..\/..\/wp-content\/uploads\/2018\/01\/krebsschleife.jpg\" alt=\"\" width=\"100\" height=\"117\">En plus, cette ann\u00e9e nous avons d\u00e9cid\u00e9 de renoncer \u00e0 envoyer les cartes de v\u0153ux traditionnelles et de vous les faire parvenir sous cette forme avec cette newsletter. Ces \u00e9conomies nous permettent d&rsquo;agir pour une bonne cause: Prendre en charge les frais des tests de comptabilit\u00e9 aupr\u00e8s du centre allemand de don de mo\u00eblle osseuse, pour chacun de nos employ\u00e9s.<\/p>\n<h4>Un grand profit pour peu d&rsquo;efforts<\/h4>\n<p>Le don de mo\u00eblle osseuse est quelque chose de vital pour les personnes atteintes de leuc\u00e9mie. Malheureusement ce sujet est loin d&rsquo;\u00eatre populaire. Seul un petit nombre de malades trouve dans leurs familles un donneur compatible. Et c&rsquo;est pourquoi ils sont tributaires de donneurs \u00e9trangers. Les chances de trouver un donneur compatibles sont infimes (moins d&rsquo;une chance sur un million). C&rsquo;est la raison pour laquelle, certaines organisations, telle la DKMS (centre allemand de don de mo\u00eblle osseuse) se mobilisent pour faire en sorte que le plus grand nombre d&rsquo;Allemands possible se fasse tester et r\u00e9pertorier. Dans 80% des cas, cela se fait tr\u00e8s simplement en pr\u00e9levant du sang. Dans un tr\u00e8s petit nombre de cas, un pr\u00e9l\u00e8vement de mo\u00eblle osseuse s&rsquo;av\u00e8re n\u00e9cessaire par le biais d&rsquo;une op\u00e9ration. Les donneurs de moelle osseuse doivent \u00eatre \u00e2g\u00e9s de 17 \u00e0 55 ans. De nombreuses entreprises, telle DIVIS, participent \u00e0 cette initiative en prenant en charge les frais pour ces tests de compatibilit\u00e9 et encouragent leurs employ\u00e9s \u00e0 se faire porter donneurs d\u00e9lib\u00e9r\u00e9ment. Pour tester la compatibilit\u00e9, on fait un pr\u00e9l\u00e8vement sanguin ou un frottis buccal qui seront ensuite analys\u00e9s. Et apr\u00e8s les personnes peuvent se faire porter donneurs aupr\u00e8s de la base de donn\u00e9es pour les cellules-souche.<\/p>\n<p>Selon les informations de la DKMS (centre allemand de don de mo\u00eblle osseuse) 10 employ\u00e9s sur 100 en moyenne se font tester et enregistrer sur la liste des donneurs potentiels. C&rsquo;est pourquoi, nous sommes tr\u00e8s fiers de nos employ\u00e9s. Jusqu&rsquo;\u00e0 pr\u00e9sent sur&nbsp;50 coll\u00e8gues, 11&nbsp;se sont fait tester. Tous nos remerciements pour leur engagement.<\/p>\n<p><a href=\"https:\/\/www.dkms.de\/\"><img decoding=\"async\" src=\"..\/..\/wp-content\/uploads\/2018\/01\/weihnachtsbaum.jpg\" alt=\"\" width=\"100\" height=\"117\"><\/a>Vous pensez aussi \u00e0 vous faire tester et \u00e0 vous faire enregistrer sur la liste des donneurs potentiels et vous voulez de plus amples informations&nbsp;? Voil\u00e0 le site o\u00f9 vous trouverez des r\u00e9ponses:&nbsp;<a href=\"https:\/\/www.dkms.de\/\" target=\"_blank\" rel=\"noopener noreferrer\">www.dkms.de<\/a><\/p>\n","protected":false},"excerpt":{"rendered":"<p>DIVIS vous remercie et vous souhaite d\u2019excellentes f\u00eates !<\/p>\n","protected":false},"author":1,"featured_media":8827,"comment_status":"closed","ping_status":"closed","sticky":false,"template":"tpl-full-width.php","format":"standard","meta":{"footnotes":""},"categories":[86],"tags":[],"class_list":["post-8212","post","type-post","status-publish","format-standard","has-post-thumbnail","hentry","category-2017-fr"],"yoast_head":"<!-- This site is optimized with the Yoast SEO plugin v27.4 - https:\/\/yoast.com\/product\/yoast-seo-wordpress\/ -->\n<title>DIVIS vous remercie et vous souhaite d\u2019excellentes f\u00eates !<\/title>\n<meta name=\"description\" content=\"Nous tenons \u00e0 remercier nos clients pour une ann\u00e9e riche en \u00e9v\u00e9nements et couronn\u00e9e de succ\u00e8s et nous nous r\u00e9jouissons d\u2019ores et d\u00e9j\u00e0 de vous retrouver en 2018 | DIVIS\" \/>\n<meta name=\"robots\" content=\"index, follow, max-snippet:-1, max-image-preview:large, max-video-preview:-1\" \/>\n<link rel=\"canonical\" href=\"https:\/\/www.divis.eu\/fr\/divis-vous-dit-merci-et-vous-souhaite-de-belles-fetes-de-fin-dannee\/\" \/>\n<meta property=\"og:locale\" content=\"fr_FR\" \/>\n<meta property=\"og:type\" content=\"article\" \/>\n<meta property=\"og:title\" content=\"DIVIS vous remercie et vous souhaite d\u2019excellentes f\u00eates !\" \/>\n<meta property=\"og:description\" content=\"Nous tenons \u00e0 remercier nos clients pour une ann\u00e9e riche en \u00e9v\u00e9nements et couronn\u00e9e de succ\u00e8s et nous nous r\u00e9jouissons d\u2019ores et d\u00e9j\u00e0 de vous retrouver en 2018 | DIVIS\" \/>\n<meta property=\"og:url\" content=\"https:\/\/www.divis.eu\/fr\/divis-vous-dit-merci-et-vous-souhaite-de-belles-fetes-de-fin-dannee\/\" \/>\n<meta property=\"og:site_name\" content=\"DIVIS - The intelligent view\" \/>\n<meta property=\"article:published_time\" content=\"2017-12-19T23:46:14+00:00\" \/>\n<meta property=\"article:modified_time\" content=\"2023-05-31T18:49:51+00:00\" \/>\n<meta property=\"og:image\" content=\"https:\/\/www.divis.eu\/wp-content\/uploads\/2017\/12\/weihnachtstitel-web-neu-featured.gif\" \/>\n\t<meta property=\"og:image:width\" content=\"725\" \/>\n\t<meta property=\"og:image:height\" content=\"400\" \/>\n\t<meta property=\"og:image:type\" content=\"image\/gif\" \/>\n<meta name=\"author\" content=\"DIVIS News\" \/>\n<meta name=\"twitter:card\" content=\"summary_large_image\" \/>\n<meta name=\"twitter:label1\" content=\"\u00c9crit par\" \/>\n\t<meta name=\"twitter:data1\" content=\"DIVIS News\" \/>\n\t<meta name=\"twitter:label2\" content=\"Dur\u00e9e de lecture estim\u00e9e\" \/>\n\t<meta name=\"twitter:data2\" content=\"6 minutes\" \/>\n<script type=\"application\/ld+json\" class=\"yoast-schema-graph\">{\"@context\":\"https:\\\/\\\/schema.org\",\"@graph\":[{\"@type\":\"Article\",\"@id\":\"https:\\\/\\\/www.divis.eu\\\/fr\\\/divis-vous-dit-merci-et-vous-souhaite-de-belles-fetes-de-fin-dannee\\\/#article\",\"isPartOf\":{\"@id\":\"https:\\\/\\\/www.divis.eu\\\/fr\\\/divis-vous-dit-merci-et-vous-souhaite-de-belles-fetes-de-fin-dannee\\\/\"},\"author\":{\"name\":\"DIVIS News\",\"@id\":\"https:\\\/\\\/www.divis.eu\\\/#\\\/schema\\\/person\\\/ff9a586418dbfba193bd9e8d1f363d76\"},\"headline\":\"DIVIS vous dit merci et vous souhaite de belles f\u00eates de fin d\u2018ann\u00e9e\",\"datePublished\":\"2017-12-19T23:46:14+00:00\",\"dateModified\":\"2023-05-31T18:49:51+00:00\",\"mainEntityOfPage\":{\"@id\":\"https:\\\/\\\/www.divis.eu\\\/fr\\\/divis-vous-dit-merci-et-vous-souhaite-de-belles-fetes-de-fin-dannee\\\/\"},\"wordCount\":1012,\"image\":{\"@id\":\"https:\\\/\\\/www.divis.eu\\\/fr\\\/divis-vous-dit-merci-et-vous-souhaite-de-belles-fetes-de-fin-dannee\\\/#primaryimage\"},\"thumbnailUrl\":\"https:\\\/\\\/www.divis.eu\\\/wp-content\\\/uploads\\\/2017\\\/12\\\/weihnachtstitel-web-neu-featured.gif\",\"articleSection\":[\"2017\"],\"inLanguage\":\"fr-FR\"},{\"@type\":\"WebPage\",\"@id\":\"https:\\\/\\\/www.divis.eu\\\/fr\\\/divis-vous-dit-merci-et-vous-souhaite-de-belles-fetes-de-fin-dannee\\\/\",\"url\":\"https:\\\/\\\/www.divis.eu\\\/fr\\\/divis-vous-dit-merci-et-vous-souhaite-de-belles-fetes-de-fin-dannee\\\/\",\"name\":\"DIVIS vous remercie et vous souhaite d\u2019excellentes f\u00eates !\",\"isPartOf\":{\"@id\":\"https:\\\/\\\/www.divis.eu\\\/#website\"},\"primaryImageOfPage\":{\"@id\":\"https:\\\/\\\/www.divis.eu\\\/fr\\\/divis-vous-dit-merci-et-vous-souhaite-de-belles-fetes-de-fin-dannee\\\/#primaryimage\"},\"image\":{\"@id\":\"https:\\\/\\\/www.divis.eu\\\/fr\\\/divis-vous-dit-merci-et-vous-souhaite-de-belles-fetes-de-fin-dannee\\\/#primaryimage\"},\"thumbnailUrl\":\"https:\\\/\\\/www.divis.eu\\\/wp-content\\\/uploads\\\/2017\\\/12\\\/weihnachtstitel-web-neu-featured.gif\",\"datePublished\":\"2017-12-19T23:46:14+00:00\",\"dateModified\":\"2023-05-31T18:49:51+00:00\",\"author\":{\"@id\":\"https:\\\/\\\/www.divis.eu\\\/#\\\/schema\\\/person\\\/ff9a586418dbfba193bd9e8d1f363d76\"},\"description\":\"Nous tenons \u00e0 remercier nos clients pour une ann\u00e9e riche en \u00e9v\u00e9nements et couronn\u00e9e de succ\u00e8s et nous nous r\u00e9jouissons d\u2019ores et d\u00e9j\u00e0 de vous retrouver en 2018 | DIVIS\",\"breadcrumb\":{\"@id\":\"https:\\\/\\\/www.divis.eu\\\/fr\\\/divis-vous-dit-merci-et-vous-souhaite-de-belles-fetes-de-fin-dannee\\\/#breadcrumb\"},\"inLanguage\":\"fr-FR\",\"potentialAction\":[{\"@type\":\"ReadAction\",\"target\":[\"https:\\\/\\\/www.divis.eu\\\/fr\\\/divis-vous-dit-merci-et-vous-souhaite-de-belles-fetes-de-fin-dannee\\\/\"]}]},{\"@type\":\"ImageObject\",\"inLanguage\":\"fr-FR\",\"@id\":\"https:\\\/\\\/www.divis.eu\\\/fr\\\/divis-vous-dit-merci-et-vous-souhaite-de-belles-fetes-de-fin-dannee\\\/#primaryimage\",\"url\":\"https:\\\/\\\/www.divis.eu\\\/wp-content\\\/uploads\\\/2017\\\/12\\\/weihnachtstitel-web-neu-featured.gif\",\"contentUrl\":\"https:\\\/\\\/www.divis.eu\\\/wp-content\\\/uploads\\\/2017\\\/12\\\/weihnachtstitel-web-neu-featured.gif\",\"width\":725,\"height\":400,\"caption\":\"DIVIS w\u00fcnscht Frohe Weihnachten\"},{\"@type\":\"BreadcrumbList\",\"@id\":\"https:\\\/\\\/www.divis.eu\\\/fr\\\/divis-vous-dit-merci-et-vous-souhaite-de-belles-fetes-de-fin-dannee\\\/#breadcrumb\",\"itemListElement\":[{\"@type\":\"ListItem\",\"position\":1,\"name\":\"Startseite\",\"item\":\"https:\\\/\\\/www.divis.eu\\\/fr\\\/\"},{\"@type\":\"ListItem\",\"position\":2,\"name\":\"DIVIS vous dit merci et vous souhaite de belles f\u00eates de fin d\u2018ann\u00e9e\"}]},{\"@type\":\"WebSite\",\"@id\":\"https:\\\/\\\/www.divis.eu\\\/#website\",\"url\":\"https:\\\/\\\/www.divis.eu\\\/\",\"name\":\"DIVIS - The intelligent view\",\"description\":\"Videosysteml\u00f6sungen f\u00fcr Umschlags- und Warenlager\",\"potentialAction\":[{\"@type\":\"SearchAction\",\"target\":{\"@type\":\"EntryPoint\",\"urlTemplate\":\"https:\\\/\\\/www.divis.eu\\\/?s={search_term_string}\"},\"query-input\":{\"@type\":\"PropertyValueSpecification\",\"valueRequired\":true,\"valueName\":\"search_term_string\"}}],\"inLanguage\":\"fr-FR\"},{\"@type\":\"Person\",\"@id\":\"https:\\\/\\\/www.divis.eu\\\/#\\\/schema\\\/person\\\/ff9a586418dbfba193bd9e8d1f363d76\",\"name\":\"DIVIS News\"}]}<\/script>\n<!-- \/ Yoast SEO plugin. -->","yoast_head_json":{"title":"DIVIS vous remercie et vous souhaite d\u2019excellentes f\u00eates !","description":"Nous tenons \u00e0 remercier nos clients pour une ann\u00e9e riche en \u00e9v\u00e9nements et couronn\u00e9e de succ\u00e8s et nous nous r\u00e9jouissons d\u2019ores et d\u00e9j\u00e0 de vous retrouver en 2018 | DIVIS","robots":{"index":"index","follow":"follow","max-snippet":"max-snippet:-1","max-image-preview":"max-image-preview:large","max-video-preview":"max-video-preview:-1"},"canonical":"https:\/\/www.divis.eu\/fr\/divis-vous-dit-merci-et-vous-souhaite-de-belles-fetes-de-fin-dannee\/","og_locale":"fr_FR","og_type":"article","og_title":"DIVIS vous remercie et vous souhaite d\u2019excellentes f\u00eates !","og_description":"Nous tenons \u00e0 remercier nos clients pour une ann\u00e9e riche en \u00e9v\u00e9nements et couronn\u00e9e de succ\u00e8s et nous nous r\u00e9jouissons d\u2019ores et d\u00e9j\u00e0 de vous retrouver en 2018 | DIVIS","og_url":"https:\/\/www.divis.eu\/fr\/divis-vous-dit-merci-et-vous-souhaite-de-belles-fetes-de-fin-dannee\/","og_site_name":"DIVIS - The intelligent view","article_published_time":"2017-12-19T23:46:14+00:00","article_modified_time":"2023-05-31T18:49:51+00:00","og_image":[{"width":725,"height":400,"url":"https:\/\/www.divis.eu\/wp-content\/uploads\/2017\/12\/weihnachtstitel-web-neu-featured.gif","type":"image\/gif"}],"author":"DIVIS News","twitter_card":"summary_large_image","twitter_misc":{"\u00c9crit par":"DIVIS News","Dur\u00e9e de lecture estim\u00e9e":"6 minutes"},"schema":{"@context":"https:\/\/schema.org","@graph":[{"@type":"Article","@id":"https:\/\/www.divis.eu\/fr\/divis-vous-dit-merci-et-vous-souhaite-de-belles-fetes-de-fin-dannee\/#article","isPartOf":{"@id":"https:\/\/www.divis.eu\/fr\/divis-vous-dit-merci-et-vous-souhaite-de-belles-fetes-de-fin-dannee\/"},"author":{"name":"DIVIS News","@id":"https:\/\/www.divis.eu\/#\/schema\/person\/ff9a586418dbfba193bd9e8d1f363d76"},"headline":"DIVIS vous dit merci et vous souhaite de belles f\u00eates de fin d\u2018ann\u00e9e","datePublished":"2017-12-19T23:46:14+00:00","dateModified":"2023-05-31T18:49:51+00:00","mainEntityOfPage":{"@id":"https:\/\/www.divis.eu\/fr\/divis-vous-dit-merci-et-vous-souhaite-de-belles-fetes-de-fin-dannee\/"},"wordCount":1012,"image":{"@id":"https:\/\/www.divis.eu\/fr\/divis-vous-dit-merci-et-vous-souhaite-de-belles-fetes-de-fin-dannee\/#primaryimage"},"thumbnailUrl":"https:\/\/www.divis.eu\/wp-content\/uploads\/2017\/12\/weihnachtstitel-web-neu-featured.gif","articleSection":["2017"],"inLanguage":"fr-FR"},{"@type":"WebPage","@id":"https:\/\/www.divis.eu\/fr\/divis-vous-dit-merci-et-vous-souhaite-de-belles-fetes-de-fin-dannee\/","url":"https:\/\/www.divis.eu\/fr\/divis-vous-dit-merci-et-vous-souhaite-de-belles-fetes-de-fin-dannee\/","name":"DIVIS vous remercie et vous souhaite d\u2019excellentes f\u00eates !","isPartOf":{"@id":"https:\/\/www.divis.eu\/#website"},"primaryImageOfPage":{"@id":"https:\/\/www.divis.eu\/fr\/divis-vous-dit-merci-et-vous-souhaite-de-belles-fetes-de-fin-dannee\/#primaryimage"},"image":{"@id":"https:\/\/www.divis.eu\/fr\/divis-vous-dit-merci-et-vous-souhaite-de-belles-fetes-de-fin-dannee\/#primaryimage"},"thumbnailUrl":"https:\/\/www.divis.eu\/wp-content\/uploads\/2017\/12\/weihnachtstitel-web-neu-featured.gif","datePublished":"2017-12-19T23:46:14+00:00","dateModified":"2023-05-31T18:49:51+00:00","author":{"@id":"https:\/\/www.divis.eu\/#\/schema\/person\/ff9a586418dbfba193bd9e8d1f363d76"},"description":"Nous tenons \u00e0 remercier nos clients pour une ann\u00e9e riche en \u00e9v\u00e9nements et couronn\u00e9e de succ\u00e8s et nous nous r\u00e9jouissons d\u2019ores et d\u00e9j\u00e0 de vous retrouver en 2018 | DIVIS","breadcrumb":{"@id":"https:\/\/www.divis.eu\/fr\/divis-vous-dit-merci-et-vous-souhaite-de-belles-fetes-de-fin-dannee\/#breadcrumb"},"inLanguage":"fr-FR","potentialAction":[{"@type":"ReadAction","target":["https:\/\/www.divis.eu\/fr\/divis-vous-dit-merci-et-vous-souhaite-de-belles-fetes-de-fin-dannee\/"]}]},{"@type":"ImageObject","inLanguage":"fr-FR","@id":"https:\/\/www.divis.eu\/fr\/divis-vous-dit-merci-et-vous-souhaite-de-belles-fetes-de-fin-dannee\/#primaryimage","url":"https:\/\/www.divis.eu\/wp-content\/uploads\/2017\/12\/weihnachtstitel-web-neu-featured.gif","contentUrl":"https:\/\/www.divis.eu\/wp-content\/uploads\/2017\/12\/weihnachtstitel-web-neu-featured.gif","width":725,"height":400,"caption":"DIVIS w\u00fcnscht Frohe Weihnachten"},{"@type":"BreadcrumbList","@id":"https:\/\/www.divis.eu\/fr\/divis-vous-dit-merci-et-vous-souhaite-de-belles-fetes-de-fin-dannee\/#breadcrumb","itemListElement":[{"@type":"ListItem","position":1,"name":"Startseite","item":"https:\/\/www.divis.eu\/fr\/"},{"@type":"ListItem","position":2,"name":"DIVIS vous dit merci et vous souhaite de belles f\u00eates de fin d\u2018ann\u00e9e"}]},{"@type":"WebSite","@id":"https:\/\/www.divis.eu\/#website","url":"https:\/\/www.divis.eu\/","name":"DIVIS - The intelligent view","description":"Videosysteml\u00f6sungen f\u00fcr Umschlags- und Warenlager","potentialAction":[{"@type":"SearchAction","target":{"@type":"EntryPoint","urlTemplate":"https:\/\/www.divis.eu\/?s={search_term_string}"},"query-input":{"@type":"PropertyValueSpecification","valueRequired":true,"valueName":"search_term_string"}}],"inLanguage":"fr-FR"},{"@type":"Person","@id":"https:\/\/www.divis.eu\/#\/schema\/person\/ff9a586418dbfba193bd9e8d1f363d76","name":"DIVIS News"}]}},"_links":{"self":[{"href":"https:\/\/www.divis.eu\/fr\/wp-json\/wp\/v2\/posts\/8212","targetHints":{"allow":["GET"]}}],"collection":[{"href":"https:\/\/www.divis.eu\/fr\/wp-json\/wp\/v2\/posts"}],"about":[{"href":"https:\/\/www.divis.eu\/fr\/wp-json\/wp\/v2\/types\/post"}],"author":[{"embeddable":true,"href":"https:\/\/www.divis.eu\/fr\/wp-json\/wp\/v2\/users\/1"}],"replies":[{"embeddable":true,"href":"https:\/\/www.divis.eu\/fr\/wp-json\/wp\/v2\/comments?post=8212"}],"version-history":[{"count":0,"href":"https:\/\/www.divis.eu\/fr\/wp-json\/wp\/v2\/posts\/8212\/revisions"}],"wp:featuredmedia":[{"embeddable":true,"href":"https:\/\/www.divis.eu\/fr\/wp-json\/wp\/v2\/media\/8827"}],"wp:attachment":[{"href":"https:\/\/www.divis.eu\/fr\/wp-json\/wp\/v2\/media?parent=8212"}],"wp:term":[{"taxonomy":"category","embeddable":true,"href":"https:\/\/www.divis.eu\/fr\/wp-json\/wp\/v2\/categories?post=8212"},{"taxonomy":"post_tag","embeddable":true,"href":"https:\/\/www.divis.eu\/fr\/wp-json\/wp\/v2\/tags?post=8212"}],"curies":[{"name":"wp","href":"https:\/\/api.w.org\/{rel}","templated":true}]}}