{"id":8255,"date":"2017-06-20T02:12:13","date_gmt":"2017-06-20T02:12:13","guid":{"rendered":"https:\/\/www.divis.eu\/?p=8255"},"modified":"2021-03-12T21:30:04","modified_gmt":"2021-03-12T21:30:04","slug":"regard-retrospectif-sur-le-salon-logimat-autres-manifestations-et-un-nouveau-site-internet","status":"publish","type":"post","link":"https:\/\/www.divis.eu\/fr\/regard-retrospectif-sur-le-salon-logimat-autres-manifestations-et-un-nouveau-site-internet\/","title":{"rendered":"Regard r\u00e9trospectif sur le salon LogiMAT, autres manifestations et un nouveau site internet"},"content":{"rendered":"\n<h1>\n\t\tBienvenue!\n\t<\/h1>\n<h2>\n\t\tBordesholm, 3. avril 2017\n\t<\/h2>\n\t\t\t\t<img decoding=\"async\" src=\"https:\/\/www.divis.eu\/wp-content\/uploads\/2018\/01\/hendrik-reger-1.png\" alt=\"Hendrik Reger | DIVIS | Videol\u00f6sungen f\u00fcr die Logistik\" itemprop=\"image\" height=\"385\" width=\"300\" title=\"hendrik-reger\" onerror=\"this.style.display='none'\"  \/>\n\tLe premier trimestre de l&rsquo;ann\u00e9e 2017 vient de se terminer. Le printemps arrive ainsi que les F\u00eates de P\u00e2ques. Le salon LogiMAT \u00e0 Stuttgart s&rsquo;est av\u00e9r\u00e9 pour nous extr\u00eamement positif. Nous avons d\u00e9j\u00e0 commenc\u00e9 \u00e0 nous pr\u00e9parer pour le salon transport logistic en mai \u00e0 Munich.Vous avez encore la possibilit\u00e9 de participer \u00e0 notre jeu-concours. En plus, nous disposons d&rsquo;un nouveau site internet fran\u00e7ais.\nVous en saurez davantage dans cette newsletter.\n<p>Pour DIVIS<\/p>\n<p>Hendrik Reger<\/p>\n\n<h2>\n\t\tTh\u00e8mes de cette \u00e9dition\n\t<\/h2>\n<h4>\n\t\t<a href=\"#events\" title=\"\u00c9V\u00c9NEMENTS\" target=\"_self\" rel=\"noopener\">\n\t\t\u00c9V\u00c9NEMENTS\n\t\t<\/a>\n\t<\/h4>\n<h4>\n\t\t<a href=\"#events\" title=\"Regard r\u00e9trospectif sur un salon LogiMAT r\u00e9ussi\" target=\"_self\" rel=\"noopener\">\n\t\tRegard r\u00e9trospectif sur un salon LogiMAT r\u00e9ussi\n\t\t<\/a>\n\t<\/h4>\n<h4>\n\t\t<a href=\"#events\" title=\"Perspective: veuillez nous rejoindre au salon transport logistic\" target=\"_self\" rel=\"noopener\">\n\t\tPerspective: veuillez nous rejoindre au salon transport logistic\n\t\t<\/a>\n\t<\/h4>\n<h4>\n\t\t<a href=\"#internet\" title=\"INTERNET\" target=\"_self\" rel=\"noopener\">\n\t\tINTERNET\n\t\t<\/a>\n\t<\/h4>\n<h4>\n\t\t<a href=\"#internet\" title=\"Pour la France: un nouveau site internet en fran\u00e7ais\" target=\"_self\" rel=\"noopener\">\n\t\tPour la France: un nouveau site internet en fran\u00e7ais\n\t\t<\/a>\n\t<\/h4>\n<h3>\n\t\t\u00c9V\u00c9NEMENTS\n\t<\/h3>\n<h2>\n\t\tLogiMAT 2017<br \/>Des contacts int\u00e9ressants et beaucoup de nouvelles choses\n\t<\/h2>\n\t<p><img decoding=\"async\" src=\"https:\/\/www.divis.eu\/wp-content\/uploads\/2017\/04\/divis-logimat-messe-300x182.jpg\" alt=\"\" width=\"450\" height=\"273\" \/>En tant que forum pour se pr\u00e9senter et \u00e9changer des id\u00e9es, le salon a attir\u00e9, cette ann\u00e9e aussi, un grand public. Curieux de d\u00e9couvrir des solutions innovatrices en mati\u00e8re de logistique, les visiteurs ont pu avoir un aper\u00e7u des tendances actuelles, des id\u00e9es et progr\u00e8s dans le secteur de la logistique. Nous \u00e9tions \u00e9galement pr\u00e9sents au stand commun avec la soci\u00e9t\u00e9 TIS GmbH dans le nouveau Look &amp; Feel.<\/p>\n\t<h3>Des \u00e9changes int\u00e9ressants, des nouveaux produits<\/h3>\n<p>De nombreux visiteurs avaient d\u00e9j\u00e0 pris contact au pr\u00e9alable avec nos coll\u00e8gues. Ainsi, dans l&rsquo;agitation g\u00e9n\u00e9rale ambiante, il y a eu suffisamment de temps pour faciliter le contact personnel et le dialogue.Gr\u00e2ce aux donn\u00e9es d\u00e9mo fournies sur place de la soci\u00e9t\u00e9 de transports Boll de Emsb\u00fcren, nous avons pu pr\u00e9senter pour la premi\u00e8re fois notre tout nouveau produit <a href=\"https:\/\/www.divis.eu\/fr\/videosurveillance-dans-la-manutention-dentrepot-avec-les-solutions-divis\/#scaleplus\">Modul Scale<sup>+<\/sup><\/a>\u00a0et ce concr\u00e8tement le logiciel, destin\u00e9\u00a0\u00e0 un contr\u00f4le-volume effectif des paquets, a suscit\u00e9 l&rsquo;attention et l&rsquo;approbation des visiteurs \u00e0 notre stand.<\/p>\n<h3>Coop\u00e9rations<\/h3>\nJohannes Zettl de la soci\u00e9t\u00e9 ZTDH, notre partenaire \u00e9tait pr\u00e9sent pour la premi\u00e8re fois \u00e0 notre stand. Il a particip\u00e9 entant que conseiller \u00e0 de nombreux entretiens en donnant de pr\u00e9cieuses explications. La soci\u00e9t\u00e9 ZTDH nous apportera \u00e0 l&rsquo;avenir son soutien lorsqu&rsquo;il s&rsquo;agira de l&rsquo;analyse, de la planification et de la mise en application de nos syst\u00e8mes en mati\u00e8re de logistique et de production, pour nos clients et nos nouveaux clients.<br \/>\nNous pouvons adapter nos technologies de vid\u00e9o pour le suivi des marchandises \u00e0 votre entreprise et ceci de fa\u00e7on plus effective et efficace.\nUne autre innovation est le TISLOG intra VIS (\u00e9labor\u00e9 en collaboration avec la soci\u00e9t\u00e9 TIS GmbH): ce syst\u00e8me a suscit\u00e9 beaucoup l&rsquo;attention des visiteurs, \u00e0 notre stand. Ce syst\u00e8me permet des processus plus rapides et plus transparents au sein de l&rsquo;entrep\u00f4t: les employ\u00e9s re\u00e7oivent, directement sur le display de leur scanner la photo d&rsquo;un colis recherch\u00e9. Ainsi il est possible de retrouver plus rapidement des colis \u00e9gar\u00e9s.\n<h3>\n\t\t\u00c9V\u00c9NEMENTS \u00c0 VENIR\n\t<\/h3>\n<h2>\n\t\tLe salon transport logistic en mai 2017\n\t<\/h2>\n<p>Nous ne nous sommes pas vus au salon LogiMAT?<\/p>\n<strong>Alors passez nous voir en mai au salon transport logistic \u00e0 Munich.<\/strong><br \/>\n<strong>Vous nous trouverez dans le hall B2 stand 317\/518 que nous partagerons avec notre partenaire la soci\u00e9t\u00e9 TIS.<\/strong>\n<p>Nos tout nouveaux produits seront l\u00e0. Nos coll\u00e8gues sur place vous attendent avec plaisir.<\/p>\n\t\t\t\t<img decoding=\"async\" src=\"https:\/\/www.divis.eu\/wp-content\/uploads\/2017\/04\/transport-logistic.jpg\" alt=\"transport-logistic\" title=\"transport-logistic\" itemprop=\"image\"  \/>\n\t\t\t\t<img decoding=\"async\" src=\"https:\/\/www.divis.eu\/wp-content\/uploads\/2018\/01\/rand-breit.png\" alt=\"rand-breit\" title=\"rand-breit\" itemprop=\"image\"  \/>\n\t\t\t<h3>Vos interlocuteurs sur place<\/h3>\n\t\t\t\t<p><strong>Hendrik Reger\u00a0<\/strong>|\u00a0Sales Manager<\/p>\n<p><strong>Vincent Sch\u00f6ning<\/strong>\u00a0|\u00a0Account Manager Europe<\/p>\n<p><strong>Maximilian Kost<\/strong>\u00a0| Account Manager<\/p>\n<p><strong>Aur\u00e9lien Didier<\/strong>\u00a0| Key Account France<\/p>\n<p><strong>Sven Rautenberg<\/strong>\u00a0| Direction Commerciale<\/p>\n<h3>\n\t\tINTERNET\n\t<\/h3>\n<h2>\n\t\tA pr\u00e9sent \u00e9galement pour la France: notre site internet en fran\u00e7ais\n\t<\/h2>\n\t\t\t\t<img decoding=\"async\" src=\"https:\/\/www.divis.eu\/wp-content\/uploads\/2017\/04\/divis-fr.jpg\" alt=\"divis-fr\" title=\"divis-fr\" itemprop=\"image\"  \/>\n\t<p>Au cours de ces derni\u00e8res ann\u00e9es nous avons d\u00e9velopp\u00e9 consid\u00e9rablement nos activit\u00e9s en France. Nous sommes heureux de pouvoir nous pr\u00e9senter en fran\u00e7ais \u00e0 nos clients d\u00e9j\u00e0 existant et \u00e0 nos futurs clients.<\/p>\n\n\n","protected":false},"excerpt":{"rendered":"<p>Le premier trimestre de l\u2019ann\u00e9e 2017 vient de se terminer. Le printemps arrive ainsi que les F\u00eates de P\u00e2ques. Le salon LogiMAT \u00e0 Stuttgart s\u2019est av\u00e9r\u00e9 pour nous extr\u00eamement positif.<\/p>\n","protected":false},"author":1,"featured_media":10679,"comment_status":"closed","ping_status":"closed","sticky":false,"template":"tpl-full-width.php","format":"standard","meta":{"footnotes":""},"categories":[86],"tags":[],"class_list":["post-8255","post","type-post","status-publish","format-standard","has-post-thumbnail","hentry","category-2017-fr"],"yoast_head":"<!-- This site is optimized with the Yoast SEO plugin v27.4 - https:\/\/yoast.com\/product\/yoast-seo-wordpress\/ -->\n<title>R\u00e9trospective LogiMAT, DIVIS au salon de la transport logistic 2017, nouveau site Web<\/title>\n<meta name=\"description\" content=\"Vous n\u2019avez pas eu l\u2019opportunit\u00e9 de nous rencontrer au salon LogiMAT ? Rendez-vous en mai au salon de la transport logistic \u00e0 Munich. Nous avons de nouveaux produits dans nos bagages, nos coll\u00e8gues sur place sont impatients de vous rencontrer.\" \/>\n<meta name=\"robots\" content=\"index, follow, max-snippet:-1, max-image-preview:large, max-video-preview:-1\" \/>\n<link rel=\"canonical\" href=\"https:\/\/www.divis.eu\/fr\/regard-retrospectif-sur-le-salon-logimat-autres-manifestations-et-un-nouveau-site-internet\/\" \/>\n<meta property=\"og:locale\" content=\"fr_FR\" \/>\n<meta property=\"og:type\" content=\"article\" \/>\n<meta property=\"og:title\" content=\"R\u00e9trospective LogiMAT, DIVIS au salon de la transport logistic 2017, nouveau site Web\" \/>\n<meta property=\"og:description\" content=\"Vous n\u2019avez pas eu l\u2019opportunit\u00e9 de nous rencontrer au salon LogiMAT ? Rendez-vous en mai au salon de la transport logistic \u00e0 Munich. Nous avons de nouveaux produits dans nos bagages, nos coll\u00e8gues sur place sont impatients de vous rencontrer.\" \/>\n<meta property=\"og:url\" content=\"https:\/\/www.divis.eu\/fr\/regard-retrospectif-sur-le-salon-logimat-autres-manifestations-et-un-nouveau-site-internet\/\" \/>\n<meta property=\"og:site_name\" content=\"DIVIS - The intelligent view\" \/>\n<meta property=\"article:published_time\" content=\"2017-06-20T02:12:13+00:00\" \/>\n<meta property=\"article:modified_time\" content=\"2021-03-12T21:30:04+00:00\" \/>\n<meta property=\"og:image\" content=\"https:\/\/www.divis.eu\/wp-content\/uploads\/2017\/04\/divis-fr.jpg\" \/>\n\t<meta property=\"og:image:width\" content=\"725\" \/>\n\t<meta property=\"og:image:height\" content=\"400\" \/>\n\t<meta property=\"og:image:type\" content=\"image\/jpeg\" \/>\n<meta name=\"author\" content=\"DIVIS News\" \/>\n<meta name=\"twitter:card\" content=\"summary_large_image\" \/>\n<meta name=\"twitter:label1\" content=\"\u00c9crit par\" \/>\n\t<meta name=\"twitter:data1\" content=\"DIVIS News\" \/>\n\t<meta name=\"twitter:label2\" content=\"Dur\u00e9e de lecture estim\u00e9e\" \/>\n\t<meta name=\"twitter:data2\" content=\"4 minutes\" \/>\n<script type=\"application\/ld+json\" class=\"yoast-schema-graph\">{\"@context\":\"https:\\\/\\\/schema.org\",\"@graph\":[{\"@type\":\"Article\",\"@id\":\"https:\\\/\\\/www.divis.eu\\\/fr\\\/regard-retrospectif-sur-le-salon-logimat-autres-manifestations-et-un-nouveau-site-internet\\\/#article\",\"isPartOf\":{\"@id\":\"https:\\\/\\\/www.divis.eu\\\/fr\\\/regard-retrospectif-sur-le-salon-logimat-autres-manifestations-et-un-nouveau-site-internet\\\/\"},\"author\":{\"name\":\"DIVIS News\",\"@id\":\"https:\\\/\\\/www.divis.eu\\\/#\\\/schema\\\/person\\\/ff9a586418dbfba193bd9e8d1f363d76\"},\"headline\":\"Regard r\u00e9trospectif sur le salon LogiMAT, autres manifestations et un nouveau site internet\",\"datePublished\":\"2017-06-20T02:12:13+00:00\",\"dateModified\":\"2021-03-12T21:30:04+00:00\",\"mainEntityOfPage\":{\"@id\":\"https:\\\/\\\/www.divis.eu\\\/fr\\\/regard-retrospectif-sur-le-salon-logimat-autres-manifestations-et-un-nouveau-site-internet\\\/\"},\"wordCount\":654,\"image\":{\"@id\":\"https:\\\/\\\/www.divis.eu\\\/fr\\\/regard-retrospectif-sur-le-salon-logimat-autres-manifestations-et-un-nouveau-site-internet\\\/#primaryimage\"},\"thumbnailUrl\":\"https:\\\/\\\/www.divis.eu\\\/wp-content\\\/uploads\\\/2017\\\/04\\\/divis-fr.jpg\",\"articleSection\":[\"2017\"],\"inLanguage\":\"fr-FR\"},{\"@type\":\"WebPage\",\"@id\":\"https:\\\/\\\/www.divis.eu\\\/fr\\\/regard-retrospectif-sur-le-salon-logimat-autres-manifestations-et-un-nouveau-site-internet\\\/\",\"url\":\"https:\\\/\\\/www.divis.eu\\\/fr\\\/regard-retrospectif-sur-le-salon-logimat-autres-manifestations-et-un-nouveau-site-internet\\\/\",\"name\":\"R\u00e9trospective LogiMAT, DIVIS au salon de la transport logistic 2017, nouveau site Web\",\"isPartOf\":{\"@id\":\"https:\\\/\\\/www.divis.eu\\\/#website\"},\"primaryImageOfPage\":{\"@id\":\"https:\\\/\\\/www.divis.eu\\\/fr\\\/regard-retrospectif-sur-le-salon-logimat-autres-manifestations-et-un-nouveau-site-internet\\\/#primaryimage\"},\"image\":{\"@id\":\"https:\\\/\\\/www.divis.eu\\\/fr\\\/regard-retrospectif-sur-le-salon-logimat-autres-manifestations-et-un-nouveau-site-internet\\\/#primaryimage\"},\"thumbnailUrl\":\"https:\\\/\\\/www.divis.eu\\\/wp-content\\\/uploads\\\/2017\\\/04\\\/divis-fr.jpg\",\"datePublished\":\"2017-06-20T02:12:13+00:00\",\"dateModified\":\"2021-03-12T21:30:04+00:00\",\"author\":{\"@id\":\"https:\\\/\\\/www.divis.eu\\\/#\\\/schema\\\/person\\\/ff9a586418dbfba193bd9e8d1f363d76\"},\"description\":\"Vous n\u2019avez pas eu l\u2019opportunit\u00e9 de nous rencontrer au salon LogiMAT ? Rendez-vous en mai au salon de la transport logistic \u00e0 Munich. Nous avons de nouveaux produits dans nos bagages, nos coll\u00e8gues sur place sont impatients de vous rencontrer.\",\"breadcrumb\":{\"@id\":\"https:\\\/\\\/www.divis.eu\\\/fr\\\/regard-retrospectif-sur-le-salon-logimat-autres-manifestations-et-un-nouveau-site-internet\\\/#breadcrumb\"},\"inLanguage\":\"fr-FR\",\"potentialAction\":[{\"@type\":\"ReadAction\",\"target\":[\"https:\\\/\\\/www.divis.eu\\\/fr\\\/regard-retrospectif-sur-le-salon-logimat-autres-manifestations-et-un-nouveau-site-internet\\\/\"]}]},{\"@type\":\"ImageObject\",\"inLanguage\":\"fr-FR\",\"@id\":\"https:\\\/\\\/www.divis.eu\\\/fr\\\/regard-retrospectif-sur-le-salon-logimat-autres-manifestations-et-un-nouveau-site-internet\\\/#primaryimage\",\"url\":\"https:\\\/\\\/www.divis.eu\\\/wp-content\\\/uploads\\\/2017\\\/04\\\/divis-fr.jpg\",\"contentUrl\":\"https:\\\/\\\/www.divis.eu\\\/wp-content\\\/uploads\\\/2017\\\/04\\\/divis-fr.jpg\",\"width\":725,\"height\":400,\"caption\":\"Videomanagement-Software Logistik DIVIS\"},{\"@type\":\"BreadcrumbList\",\"@id\":\"https:\\\/\\\/www.divis.eu\\\/fr\\\/regard-retrospectif-sur-le-salon-logimat-autres-manifestations-et-un-nouveau-site-internet\\\/#breadcrumb\",\"itemListElement\":[{\"@type\":\"ListItem\",\"position\":1,\"name\":\"Startseite\",\"item\":\"https:\\\/\\\/www.divis.eu\\\/fr\\\/\"},{\"@type\":\"ListItem\",\"position\":2,\"name\":\"Regard r\u00e9trospectif sur le salon LogiMAT, autres manifestations et un nouveau site internet\"}]},{\"@type\":\"WebSite\",\"@id\":\"https:\\\/\\\/www.divis.eu\\\/#website\",\"url\":\"https:\\\/\\\/www.divis.eu\\\/\",\"name\":\"DIVIS - The intelligent view\",\"description\":\"Videosysteml\u00f6sungen f\u00fcr Umschlags- und Warenlager\",\"potentialAction\":[{\"@type\":\"SearchAction\",\"target\":{\"@type\":\"EntryPoint\",\"urlTemplate\":\"https:\\\/\\\/www.divis.eu\\\/?s={search_term_string}\"},\"query-input\":{\"@type\":\"PropertyValueSpecification\",\"valueRequired\":true,\"valueName\":\"search_term_string\"}}],\"inLanguage\":\"fr-FR\"},{\"@type\":\"Person\",\"@id\":\"https:\\\/\\\/www.divis.eu\\\/#\\\/schema\\\/person\\\/ff9a586418dbfba193bd9e8d1f363d76\",\"name\":\"DIVIS News\"}]}<\/script>\n<!-- \/ Yoast SEO plugin. -->","yoast_head_json":{"title":"R\u00e9trospective LogiMAT, DIVIS au salon de la transport logistic 2017, nouveau site Web","description":"Vous n\u2019avez pas eu l\u2019opportunit\u00e9 de nous rencontrer au salon LogiMAT ? Rendez-vous en mai au salon de la transport logistic \u00e0 Munich. Nous avons de nouveaux produits dans nos bagages, nos coll\u00e8gues sur place sont impatients de vous rencontrer.","robots":{"index":"index","follow":"follow","max-snippet":"max-snippet:-1","max-image-preview":"max-image-preview:large","max-video-preview":"max-video-preview:-1"},"canonical":"https:\/\/www.divis.eu\/fr\/regard-retrospectif-sur-le-salon-logimat-autres-manifestations-et-un-nouveau-site-internet\/","og_locale":"fr_FR","og_type":"article","og_title":"R\u00e9trospective LogiMAT, DIVIS au salon de la transport logistic 2017, nouveau site Web","og_description":"Vous n\u2019avez pas eu l\u2019opportunit\u00e9 de nous rencontrer au salon LogiMAT ? Rendez-vous en mai au salon de la transport logistic \u00e0 Munich. Nous avons de nouveaux produits dans nos bagages, nos coll\u00e8gues sur place sont impatients de vous rencontrer.","og_url":"https:\/\/www.divis.eu\/fr\/regard-retrospectif-sur-le-salon-logimat-autres-manifestations-et-un-nouveau-site-internet\/","og_site_name":"DIVIS - The intelligent view","article_published_time":"2017-06-20T02:12:13+00:00","article_modified_time":"2021-03-12T21:30:04+00:00","og_image":[{"width":725,"height":400,"url":"https:\/\/www.divis.eu\/wp-content\/uploads\/2017\/04\/divis-fr.jpg","type":"image\/jpeg"}],"author":"DIVIS News","twitter_card":"summary_large_image","twitter_misc":{"\u00c9crit par":"DIVIS News","Dur\u00e9e de lecture estim\u00e9e":"4 minutes"},"schema":{"@context":"https:\/\/schema.org","@graph":[{"@type":"Article","@id":"https:\/\/www.divis.eu\/fr\/regard-retrospectif-sur-le-salon-logimat-autres-manifestations-et-un-nouveau-site-internet\/#article","isPartOf":{"@id":"https:\/\/www.divis.eu\/fr\/regard-retrospectif-sur-le-salon-logimat-autres-manifestations-et-un-nouveau-site-internet\/"},"author":{"name":"DIVIS News","@id":"https:\/\/www.divis.eu\/#\/schema\/person\/ff9a586418dbfba193bd9e8d1f363d76"},"headline":"Regard r\u00e9trospectif sur le salon LogiMAT, autres manifestations et un nouveau site internet","datePublished":"2017-06-20T02:12:13+00:00","dateModified":"2021-03-12T21:30:04+00:00","mainEntityOfPage":{"@id":"https:\/\/www.divis.eu\/fr\/regard-retrospectif-sur-le-salon-logimat-autres-manifestations-et-un-nouveau-site-internet\/"},"wordCount":654,"image":{"@id":"https:\/\/www.divis.eu\/fr\/regard-retrospectif-sur-le-salon-logimat-autres-manifestations-et-un-nouveau-site-internet\/#primaryimage"},"thumbnailUrl":"https:\/\/www.divis.eu\/wp-content\/uploads\/2017\/04\/divis-fr.jpg","articleSection":["2017"],"inLanguage":"fr-FR"},{"@type":"WebPage","@id":"https:\/\/www.divis.eu\/fr\/regard-retrospectif-sur-le-salon-logimat-autres-manifestations-et-un-nouveau-site-internet\/","url":"https:\/\/www.divis.eu\/fr\/regard-retrospectif-sur-le-salon-logimat-autres-manifestations-et-un-nouveau-site-internet\/","name":"R\u00e9trospective LogiMAT, DIVIS au salon de la transport logistic 2017, nouveau site Web","isPartOf":{"@id":"https:\/\/www.divis.eu\/#website"},"primaryImageOfPage":{"@id":"https:\/\/www.divis.eu\/fr\/regard-retrospectif-sur-le-salon-logimat-autres-manifestations-et-un-nouveau-site-internet\/#primaryimage"},"image":{"@id":"https:\/\/www.divis.eu\/fr\/regard-retrospectif-sur-le-salon-logimat-autres-manifestations-et-un-nouveau-site-internet\/#primaryimage"},"thumbnailUrl":"https:\/\/www.divis.eu\/wp-content\/uploads\/2017\/04\/divis-fr.jpg","datePublished":"2017-06-20T02:12:13+00:00","dateModified":"2021-03-12T21:30:04+00:00","author":{"@id":"https:\/\/www.divis.eu\/#\/schema\/person\/ff9a586418dbfba193bd9e8d1f363d76"},"description":"Vous n\u2019avez pas eu l\u2019opportunit\u00e9 de nous rencontrer au salon LogiMAT ? Rendez-vous en mai au salon de la transport logistic \u00e0 Munich. Nous avons de nouveaux produits dans nos bagages, nos coll\u00e8gues sur place sont impatients de vous rencontrer.","breadcrumb":{"@id":"https:\/\/www.divis.eu\/fr\/regard-retrospectif-sur-le-salon-logimat-autres-manifestations-et-un-nouveau-site-internet\/#breadcrumb"},"inLanguage":"fr-FR","potentialAction":[{"@type":"ReadAction","target":["https:\/\/www.divis.eu\/fr\/regard-retrospectif-sur-le-salon-logimat-autres-manifestations-et-un-nouveau-site-internet\/"]}]},{"@type":"ImageObject","inLanguage":"fr-FR","@id":"https:\/\/www.divis.eu\/fr\/regard-retrospectif-sur-le-salon-logimat-autres-manifestations-et-un-nouveau-site-internet\/#primaryimage","url":"https:\/\/www.divis.eu\/wp-content\/uploads\/2017\/04\/divis-fr.jpg","contentUrl":"https:\/\/www.divis.eu\/wp-content\/uploads\/2017\/04\/divis-fr.jpg","width":725,"height":400,"caption":"Videomanagement-Software Logistik DIVIS"},{"@type":"BreadcrumbList","@id":"https:\/\/www.divis.eu\/fr\/regard-retrospectif-sur-le-salon-logimat-autres-manifestations-et-un-nouveau-site-internet\/#breadcrumb","itemListElement":[{"@type":"ListItem","position":1,"name":"Startseite","item":"https:\/\/www.divis.eu\/fr\/"},{"@type":"ListItem","position":2,"name":"Regard r\u00e9trospectif sur le salon LogiMAT, autres manifestations et un nouveau site internet"}]},{"@type":"WebSite","@id":"https:\/\/www.divis.eu\/#website","url":"https:\/\/www.divis.eu\/","name":"DIVIS - The intelligent view","description":"Videosysteml\u00f6sungen f\u00fcr Umschlags- und Warenlager","potentialAction":[{"@type":"SearchAction","target":{"@type":"EntryPoint","urlTemplate":"https:\/\/www.divis.eu\/?s={search_term_string}"},"query-input":{"@type":"PropertyValueSpecification","valueRequired":true,"valueName":"search_term_string"}}],"inLanguage":"fr-FR"},{"@type":"Person","@id":"https:\/\/www.divis.eu\/#\/schema\/person\/ff9a586418dbfba193bd9e8d1f363d76","name":"DIVIS News"}]}},"_links":{"self":[{"href":"https:\/\/www.divis.eu\/fr\/wp-json\/wp\/v2\/posts\/8255","targetHints":{"allow":["GET"]}}],"collection":[{"href":"https:\/\/www.divis.eu\/fr\/wp-json\/wp\/v2\/posts"}],"about":[{"href":"https:\/\/www.divis.eu\/fr\/wp-json\/wp\/v2\/types\/post"}],"author":[{"embeddable":true,"href":"https:\/\/www.divis.eu\/fr\/wp-json\/wp\/v2\/users\/1"}],"replies":[{"embeddable":true,"href":"https:\/\/www.divis.eu\/fr\/wp-json\/wp\/v2\/comments?post=8255"}],"version-history":[{"count":0,"href":"https:\/\/www.divis.eu\/fr\/wp-json\/wp\/v2\/posts\/8255\/revisions"}],"wp:featuredmedia":[{"embeddable":true,"href":"https:\/\/www.divis.eu\/fr\/wp-json\/wp\/v2\/media\/10679"}],"wp:attachment":[{"href":"https:\/\/www.divis.eu\/fr\/wp-json\/wp\/v2\/media?parent=8255"}],"wp:term":[{"taxonomy":"category","embeddable":true,"href":"https:\/\/www.divis.eu\/fr\/wp-json\/wp\/v2\/categories?post=8255"},{"taxonomy":"post_tag","embeddable":true,"href":"https:\/\/www.divis.eu\/fr\/wp-json\/wp\/v2\/tags?post=8255"}],"curies":[{"name":"wp","href":"https:\/\/api.w.org\/{rel}","templated":true}]}}