{"id":8893,"date":"2018-09-02T10:25:08","date_gmt":"2018-09-02T10:25:08","guid":{"rendered":"https:\/\/www.divis.eu\/?p=8893"},"modified":"2020-11-06T23:28:46","modified_gmt":"2020-11-06T23:28:46","slug":"des-reseaux-video-surs-et-individualisation-des-photos-provenant-des-logiciels-cargovis-et-parcelvis","status":"publish","type":"post","link":"https:\/\/www.divis.eu\/fr\/des-reseaux-video-surs-et-individualisation-des-photos-provenant-des-logiciels-cargovis-et-parcelvis\/","title":{"rendered":"Des r\u00e9seaux vid\u00e9o s\u00fbrs et individualisation des photos provenant des logiciels CargoVIS et ParcelVIS"},"content":{"rendered":"\n<h1>\n\t\tDes r\u00e9seaux vid\u00e9o s\u00fbrs, une individualisation des photos provenant des logiciels CargoVIS et ParcelVIS et le service technique chez DIVIS\n\t<\/h1>\n<h2>\n\t\tBordesholm, le 2 septembre 2018\n\t<\/h2>\n\t\t\t\t<img decoding=\"async\" src=\"https:\/\/www.divis.eu\/wp-content\/uploads\/2018\/01\/hendrik-reger-1.png\" alt=\"Hendrik Reger | DIVIS | Videol\u00f6sungen f\u00fcr die Logistik\" title=\"hendrik-reger\" itemprop=\"image\"  \/>\n\t<p>Vous trouverez dans cette \u00e9dition des th\u00e8mes int\u00e9ressants.<\/p>\n<p>Nous vous expliquerons aujourd&rsquo;hui pourquoi DIVIS, dans l&rsquo;installation des syst\u00e8mes de <strong>vid\u00e9osurveillance<\/strong>, mise sur des r\u00e9seaux vid\u00e9o s\u00fbrs en ayant recours \u00e0 des syst\u00e8mes vid\u00e9o s\u00e9par\u00e9s physiquement, comment vous profitez de cela et ce que vous pouvez faire en plus vous-m\u00eames pour la s\u00e9curit\u00e9 de votre syst\u00e8me vid\u00e9o.<\/p>\n<p>Dans la rubrique \u00ab\u00a0conseil du mois\u00a0\u00bb, vous verrez comment vous pouvez tout simplement apposer votre logo ainsi que l&rsquo;adresse sur les photos que vous transf\u00e9rez des logiciels CargoVIS et ParcelVIS et comment vous pouvez automatiser cette op\u00e9ration.<\/p>\n<p>A la fin, nous vous pr\u00e9senterons notre coll\u00e8gue Andreas Wolter qui chez DIVIS s&rsquo;occupe de l&rsquo;organisation dans le service technique. Comment\u00a0? Davantage d&rsquo;informations dans cette \u00e9dition.<\/p>\n<p>Hendrik Reger, fond\u00e9 de pouvoir et directeur des ventes, vous souhaite au nom de toute l&rsquo;\u00e9quipe DIVIS une agr\u00e9able lecture.<\/p>\n<h2>\n\t\tLes th\u00e8mes de cette \u00e9dition\n\t<\/h2>\n<h4>\n\t\t<a href=\"#securite\" title=\"CYBERSECURITE\" target=\"_self\" rel=\"noopener noreferrer\">\n\t\tCYBERSECURITE\n\t\t<\/a>\n\t<\/h4>\n<h4>\n\t\t<a href=\"#securite\" title=\"DIVIS privil\u00e9gie la s\u00e9curit\u00e9 en ce qui concerne les syst\u00e8mes vid\u00e9o et les syst\u00e8mes embarqu\u00e9s\" target=\"_self\" rel=\"noopener noreferrer\">\n\t\tDIVIS privil\u00e9gie la s\u00e9curit\u00e9 en ce qui concerne les syst\u00e8mes vid\u00e9o et les syst\u00e8mes embarqu\u00e9s\n\t\t<\/a>\n\t<\/h4>\n<h4>\n\t\t<a href=\"#conseil\" title=\"CONSEIL DU MOIS DIVIS\" target=\"_self\" rel=\"noopener noreferrer\">\n\t\tCONSEIL DU MOIS DIVIS\n\t\t<\/a>\n\t<\/h4>\n<h4>\n\t\t<a href=\"#conseil\" title=\"Transfert de s\u00e9quences d'images provenant des logiciels CargoVIS et ParcelVIS- Afficher le logo du client et l'adresse de la soci\u00e9t\u00e9\" target=\"_self\" rel=\"noopener noreferrer\">\n\t\tTransfert de s\u00e9quences d&rsquo;images provenant des logiciels CargoVIS et ParcelVIS- Afficher le logo du client et l&rsquo;adresse de la soci\u00e9t\u00e9\n\t\t<\/a>\n\t<\/h4>\n<h4>\n\t\t<a href=\"#presente\" title=\"DIVIS SE PR\u00c9SENTE\" target=\"_self\" rel=\"noopener noreferrer\">\n\t\tDIVIS SE PR\u00c9SENTE\n\t\t<\/a>\n\t<\/h4>\n<h4>\n\t\t<a href=\"#presente\" title=\"Andreas Wolter : responsable du service technique\" target=\"_self\" rel=\"noopener noreferrer\">\n\t\tAndreas Wolter : responsable du service technique\n\t\t<\/a>\n\t<\/h4>\n<h3>\n\t\tCYBERSECURITE\n\t<\/h3>\n<h2>\n\t\tDIVIS privil\u00e9gie la s\u00e9curit\u00e9 en ce qui concerne les syst\u00e8mes vid\u00e9o et les syst\u00e8mes embarqu\u00e9s\n\t<\/h2>\n\t\n\n\t\t\t<a href=\"https:\/\/www.divis.eu\/fr\/divis-privilegie-la-securite-de-ses-systemes-de-videosurveillance-en-entrepot-et-de-ses-systemes-connectes\/\" target=\"_self\" role=\"button\" rel=\"noopener noreferrer\">\n\t\t\t\t\t\t\tContinuer la lecture\n\t\t<\/a>\n\t\t\t\t<a href=\"https:\/\/www.divis.eu\/fr\/release-note-logiciels-version-1-4-1-optimisations-dans-cargovis-et-parcelvis\/\" target=\"_self\" itemprop=\"url\" rel=\"noopener noreferrer\">\n\t\t\t\t<img decoding=\"async\" src=\"https:\/\/www.divis.eu\/wp-content\/uploads\/2018\/09\/banner-release-note-1-4-1-FR-1.gif\" alt=\"Nouvelles fonctionnalit\u00e9s de CargoVIS &amp; ParcelVIS\" title=\"banner-release-note-1-4-1--FR\" itemprop=\"image\"  \/>\n\t\t\t\t\t\t<\/a>\n<h3>\n\t\tCONSEIL DU MOIS DIVIS\n\t<\/h3>\n<h2>\n\t\tTransfert de s\u00e9quences d&rsquo;images provenant des logiciels CargoVIS et ParcelVIS- Afficher le logo du client et l&rsquo;adresse de la soci\u00e9t\u00e9\n\t<\/h2>\n\t\t\t\t<a href=\"https:\/\/www.divis.eu\/fr\/recherche-video-individualiser-lors-du-transfert-des-photos-provenant-des-logiciels-cargovis-et-parcelvis\/\" target=\"_self\" itemprop=\"url\" rel=\"noopener noreferrer\">\n\t\t\t\t<img decoding=\"async\" src=\"https:\/\/www.divis.eu\/wp-content\/uploads\/2018\/09\/tipp-des-monats-fr.gif\" alt=\"DIVIS Conseil du mois\" title=\"tipp-des-monats-fr\" itemprop=\"image\"  \/>\n\t\t\t\t\t\t<\/a>\n\t<strong>Les utilisateurs qui, suite \u00e0 la recherche vid\u00e9o, d\u00e9sirent imprimer des photos, les sauvegarder ou les envoyer par mail, ont la possibilit\u00e9 dans leurs logiciels CargoVIS et ParcelVIS d&rsquo;ins\u00e9rer leur propre logo et leur propre adresse.<\/strong><br \/>\n<strong>Vous verrez comment vous ins\u00e9rez facilement vos informations et automatisez cette d\u00e9marche.<\/strong>\n\t\t\t<a href=\"https:\/\/www.divis.eu\/fr\/recherche-video-individualiser-lors-du-transfert-des-photos-provenant-des-logiciels-cargovis-et-parcelvis\/\" target=\"_self\" role=\"button\" rel=\"noopener noreferrer\">\n\t\t\t\t\t\t\tContinuer la lecture\n\t\t<\/a>\n<h3>\n\t\tDIVIS SE PR\u00c9SENTE\n\t<\/h3>\n<h2>\n\t\tAndreas Wolter : responsable du service technique\n\t<\/h2>\n\t\t\t\t<img decoding=\"async\" src=\"https:\/\/www.divis.eu\/wp-content\/uploads\/2018\/08\/andreas-wolter-divis1.jpg\" alt=\"Andreas Wolter | DIVIS\" title=\"andreas-wolter-divis1\" itemprop=\"image\"  \/>\n\t<strong>Andreas compte depuis 2013 parmi les employ\u00e9s de la soci\u00e9t\u00e9 DIVIS.<\/strong><br \/>\n<strong>L&rsquo;ouvrier de nettoyage en b\u00e2timents de par sa formation \u00ab\u00a0fait vraiment le m\u00e9nage\u00a0\u00bb au sens propre du terme.<\/strong>\n\n","protected":false},"excerpt":{"rendered":"<p>Vous apprendrez pourquoi DIVIS mise pour ses r\u00e9seaux vid\u00e9o sur des syst\u00e8mes physiquement s\u00e9par\u00e9s, comment vous pouvez apposer facilement votre logo et votre adresse sur les photos provenant des logiciels CargoVIS et ParcelVIS et comment vous pouvez automatiser cette d\u00e9marche. Et puis, vous ferez la connaissance de notre coll\u00e8gue, Andreas Wolter, qui chez DIVIS s\u2019occupe de l\u2019organisation du service technique. Comment ? Vous en saurez davantage dans cette \u00e9dition.<\/p>\n","protected":false},"author":1,"featured_media":8955,"comment_status":"closed","ping_status":"closed","sticky":false,"template":"tpl-full-width.php","format":"standard","meta":{"footnotes":""},"categories":[87],"tags":[],"class_list":["post-8893","post","type-post","status-publish","format-standard","has-post-thumbnail","hentry","category-2018-fr"],"yoast_head":"<!-- This site is optimized with the Yoast SEO plugin v27.5 - https:\/\/yoast.com\/product\/yoast-seo-wordpress\/ -->\n<title>Newsletter DIVIS : des r\u00e9seaux vid\u00e9o s\u00fbrs et individualisation des photos<\/title>\n<meta name=\"description\" content=\"DIVIS mise sur des r\u00e9seaux vid\u00e9o s\u00fbrs de par des syst\u00e8mes isol\u00e9s, informations concernant le transfert des photos provenant des logiciels CargoVIS et ParcelVIS ...\" \/>\n<meta name=\"robots\" content=\"index, follow, max-snippet:-1, max-image-preview:large, max-video-preview:-1\" \/>\n<link rel=\"canonical\" href=\"https:\/\/www.divis.eu\/fr\/des-reseaux-video-surs-et-individualisation-des-photos-provenant-des-logiciels-cargovis-et-parcelvis\/\" \/>\n<meta property=\"og:locale\" content=\"fr_FR\" \/>\n<meta property=\"og:type\" content=\"article\" \/>\n<meta property=\"og:title\" content=\"Newsletter DIVIS : des r\u00e9seaux vid\u00e9o s\u00fbrs et individualisation des photos\" \/>\n<meta property=\"og:description\" content=\"DIVIS mise sur des r\u00e9seaux vid\u00e9o s\u00fbrs de par des syst\u00e8mes isol\u00e9s, informations concernant le transfert des photos provenant des logiciels CargoVIS et ParcelVIS ...\" \/>\n<meta property=\"og:url\" content=\"https:\/\/www.divis.eu\/fr\/des-reseaux-video-surs-et-individualisation-des-photos-provenant-des-logiciels-cargovis-et-parcelvis\/\" \/>\n<meta property=\"og:site_name\" content=\"DIVIS - The intelligent view\" \/>\n<meta property=\"article:published_time\" content=\"2018-09-02T10:25:08+00:00\" \/>\n<meta property=\"article:modified_time\" content=\"2020-11-06T23:28:46+00:00\" \/>\n<meta property=\"og:image\" content=\"https:\/\/www.divis.eu\/wp-content\/uploads\/2018\/09\/nl-featured-09-fr.gif\" \/>\n\t<meta property=\"og:image:width\" content=\"725\" \/>\n\t<meta property=\"og:image:height\" content=\"400\" \/>\n\t<meta property=\"og:image:type\" content=\"image\/gif\" \/>\n<meta name=\"author\" content=\"DIVIS News\" \/>\n<meta name=\"twitter:card\" content=\"summary_large_image\" \/>\n<meta name=\"twitter:label1\" content=\"\u00c9crit par\" \/>\n\t<meta name=\"twitter:data1\" content=\"DIVIS News\" \/>\n\t<meta name=\"twitter:label2\" content=\"Dur\u00e9e de lecture estim\u00e9e\" \/>\n\t<meta name=\"twitter:data2\" content=\"2 minutes\" \/>\n<script type=\"application\/ld+json\" class=\"yoast-schema-graph\">{\"@context\":\"https:\\\/\\\/schema.org\",\"@graph\":[{\"@type\":\"Article\",\"@id\":\"https:\\\/\\\/www.divis.eu\\\/fr\\\/des-reseaux-video-surs-et-individualisation-des-photos-provenant-des-logiciels-cargovis-et-parcelvis\\\/#article\",\"isPartOf\":{\"@id\":\"https:\\\/\\\/www.divis.eu\\\/fr\\\/des-reseaux-video-surs-et-individualisation-des-photos-provenant-des-logiciels-cargovis-et-parcelvis\\\/\"},\"author\":{\"name\":\"DIVIS News\",\"@id\":\"https:\\\/\\\/www.divis.eu\\\/#\\\/schema\\\/person\\\/ff9a586418dbfba193bd9e8d1f363d76\"},\"headline\":\"Des r\u00e9seaux vid\u00e9o s\u00fbrs et individualisation des photos provenant des logiciels CargoVIS et ParcelVIS\",\"datePublished\":\"2018-09-02T10:25:08+00:00\",\"dateModified\":\"2020-11-06T23:28:46+00:00\",\"mainEntityOfPage\":{\"@id\":\"https:\\\/\\\/www.divis.eu\\\/fr\\\/des-reseaux-video-surs-et-individualisation-des-photos-provenant-des-logiciels-cargovis-et-parcelvis\\\/\"},\"wordCount\":426,\"image\":{\"@id\":\"https:\\\/\\\/www.divis.eu\\\/fr\\\/des-reseaux-video-surs-et-individualisation-des-photos-provenant-des-logiciels-cargovis-et-parcelvis\\\/#primaryimage\"},\"thumbnailUrl\":\"https:\\\/\\\/www.divis.eu\\\/wp-content\\\/uploads\\\/2018\\\/09\\\/nl-featured-09-fr.gif\",\"articleSection\":[\"2018\"],\"inLanguage\":\"fr-FR\"},{\"@type\":\"WebPage\",\"@id\":\"https:\\\/\\\/www.divis.eu\\\/fr\\\/des-reseaux-video-surs-et-individualisation-des-photos-provenant-des-logiciels-cargovis-et-parcelvis\\\/\",\"url\":\"https:\\\/\\\/www.divis.eu\\\/fr\\\/des-reseaux-video-surs-et-individualisation-des-photos-provenant-des-logiciels-cargovis-et-parcelvis\\\/\",\"name\":\"Newsletter DIVIS : des r\u00e9seaux vid\u00e9o s\u00fbrs et individualisation des photos\",\"isPartOf\":{\"@id\":\"https:\\\/\\\/www.divis.eu\\\/#website\"},\"primaryImageOfPage\":{\"@id\":\"https:\\\/\\\/www.divis.eu\\\/fr\\\/des-reseaux-video-surs-et-individualisation-des-photos-provenant-des-logiciels-cargovis-et-parcelvis\\\/#primaryimage\"},\"image\":{\"@id\":\"https:\\\/\\\/www.divis.eu\\\/fr\\\/des-reseaux-video-surs-et-individualisation-des-photos-provenant-des-logiciels-cargovis-et-parcelvis\\\/#primaryimage\"},\"thumbnailUrl\":\"https:\\\/\\\/www.divis.eu\\\/wp-content\\\/uploads\\\/2018\\\/09\\\/nl-featured-09-fr.gif\",\"datePublished\":\"2018-09-02T10:25:08+00:00\",\"dateModified\":\"2020-11-06T23:28:46+00:00\",\"author\":{\"@id\":\"https:\\\/\\\/www.divis.eu\\\/#\\\/schema\\\/person\\\/ff9a586418dbfba193bd9e8d1f363d76\"},\"description\":\"DIVIS mise sur des r\u00e9seaux vid\u00e9o s\u00fbrs de par des syst\u00e8mes isol\u00e9s, informations concernant le transfert des photos provenant des logiciels CargoVIS et ParcelVIS ...\",\"breadcrumb\":{\"@id\":\"https:\\\/\\\/www.divis.eu\\\/fr\\\/des-reseaux-video-surs-et-individualisation-des-photos-provenant-des-logiciels-cargovis-et-parcelvis\\\/#breadcrumb\"},\"inLanguage\":\"fr-FR\",\"potentialAction\":[{\"@type\":\"ReadAction\",\"target\":[\"https:\\\/\\\/www.divis.eu\\\/fr\\\/des-reseaux-video-surs-et-individualisation-des-photos-provenant-des-logiciels-cargovis-et-parcelvis\\\/\"]}]},{\"@type\":\"ImageObject\",\"inLanguage\":\"fr-FR\",\"@id\":\"https:\\\/\\\/www.divis.eu\\\/fr\\\/des-reseaux-video-surs-et-individualisation-des-photos-provenant-des-logiciels-cargovis-et-parcelvis\\\/#primaryimage\",\"url\":\"https:\\\/\\\/www.divis.eu\\\/wp-content\\\/uploads\\\/2018\\\/09\\\/nl-featured-09-fr.gif\",\"contentUrl\":\"https:\\\/\\\/www.divis.eu\\\/wp-content\\\/uploads\\\/2018\\\/09\\\/nl-featured-09-fr.gif\",\"width\":725,\"height\":400,\"caption\":\"DIVIS Conseil du mois\"},{\"@type\":\"BreadcrumbList\",\"@id\":\"https:\\\/\\\/www.divis.eu\\\/fr\\\/des-reseaux-video-surs-et-individualisation-des-photos-provenant-des-logiciels-cargovis-et-parcelvis\\\/#breadcrumb\",\"itemListElement\":[{\"@type\":\"ListItem\",\"position\":1,\"name\":\"Startseite\",\"item\":\"https:\\\/\\\/www.divis.eu\\\/fr\\\/\"},{\"@type\":\"ListItem\",\"position\":2,\"name\":\"Des r\u00e9seaux vid\u00e9o s\u00fbrs et individualisation des photos provenant des logiciels CargoVIS et ParcelVIS\"}]},{\"@type\":\"WebSite\",\"@id\":\"https:\\\/\\\/www.divis.eu\\\/#website\",\"url\":\"https:\\\/\\\/www.divis.eu\\\/\",\"name\":\"DIVIS - The intelligent view\",\"description\":\"Videosysteml\u00f6sungen f\u00fcr Umschlags- und Warenlager\",\"potentialAction\":[{\"@type\":\"SearchAction\",\"target\":{\"@type\":\"EntryPoint\",\"urlTemplate\":\"https:\\\/\\\/www.divis.eu\\\/?s={search_term_string}\"},\"query-input\":{\"@type\":\"PropertyValueSpecification\",\"valueRequired\":true,\"valueName\":\"search_term_string\"}}],\"inLanguage\":\"fr-FR\"},{\"@type\":\"Person\",\"@id\":\"https:\\\/\\\/www.divis.eu\\\/#\\\/schema\\\/person\\\/ff9a586418dbfba193bd9e8d1f363d76\",\"name\":\"DIVIS News\"}]}<\/script>\n<!-- \/ Yoast SEO plugin. -->","yoast_head_json":{"title":"Newsletter DIVIS : des r\u00e9seaux vid\u00e9o s\u00fbrs et individualisation des photos","description":"DIVIS mise sur des r\u00e9seaux vid\u00e9o s\u00fbrs de par des syst\u00e8mes isol\u00e9s, informations concernant le transfert des photos provenant des logiciels CargoVIS et ParcelVIS ...","robots":{"index":"index","follow":"follow","max-snippet":"max-snippet:-1","max-image-preview":"max-image-preview:large","max-video-preview":"max-video-preview:-1"},"canonical":"https:\/\/www.divis.eu\/fr\/des-reseaux-video-surs-et-individualisation-des-photos-provenant-des-logiciels-cargovis-et-parcelvis\/","og_locale":"fr_FR","og_type":"article","og_title":"Newsletter DIVIS : des r\u00e9seaux vid\u00e9o s\u00fbrs et individualisation des photos","og_description":"DIVIS mise sur des r\u00e9seaux vid\u00e9o s\u00fbrs de par des syst\u00e8mes isol\u00e9s, informations concernant le transfert des photos provenant des logiciels CargoVIS et ParcelVIS ...","og_url":"https:\/\/www.divis.eu\/fr\/des-reseaux-video-surs-et-individualisation-des-photos-provenant-des-logiciels-cargovis-et-parcelvis\/","og_site_name":"DIVIS - The intelligent view","article_published_time":"2018-09-02T10:25:08+00:00","article_modified_time":"2020-11-06T23:28:46+00:00","og_image":[{"width":725,"height":400,"url":"https:\/\/www.divis.eu\/wp-content\/uploads\/2018\/09\/nl-featured-09-fr.gif","type":"image\/gif"}],"author":"DIVIS News","twitter_card":"summary_large_image","twitter_misc":{"\u00c9crit par":"DIVIS News","Dur\u00e9e de lecture estim\u00e9e":"2 minutes"},"schema":{"@context":"https:\/\/schema.org","@graph":[{"@type":"Article","@id":"https:\/\/www.divis.eu\/fr\/des-reseaux-video-surs-et-individualisation-des-photos-provenant-des-logiciels-cargovis-et-parcelvis\/#article","isPartOf":{"@id":"https:\/\/www.divis.eu\/fr\/des-reseaux-video-surs-et-individualisation-des-photos-provenant-des-logiciels-cargovis-et-parcelvis\/"},"author":{"name":"DIVIS News","@id":"https:\/\/www.divis.eu\/#\/schema\/person\/ff9a586418dbfba193bd9e8d1f363d76"},"headline":"Des r\u00e9seaux vid\u00e9o s\u00fbrs et individualisation des photos provenant des logiciels CargoVIS et ParcelVIS","datePublished":"2018-09-02T10:25:08+00:00","dateModified":"2020-11-06T23:28:46+00:00","mainEntityOfPage":{"@id":"https:\/\/www.divis.eu\/fr\/des-reseaux-video-surs-et-individualisation-des-photos-provenant-des-logiciels-cargovis-et-parcelvis\/"},"wordCount":426,"image":{"@id":"https:\/\/www.divis.eu\/fr\/des-reseaux-video-surs-et-individualisation-des-photos-provenant-des-logiciels-cargovis-et-parcelvis\/#primaryimage"},"thumbnailUrl":"https:\/\/www.divis.eu\/wp-content\/uploads\/2018\/09\/nl-featured-09-fr.gif","articleSection":["2018"],"inLanguage":"fr-FR"},{"@type":"WebPage","@id":"https:\/\/www.divis.eu\/fr\/des-reseaux-video-surs-et-individualisation-des-photos-provenant-des-logiciels-cargovis-et-parcelvis\/","url":"https:\/\/www.divis.eu\/fr\/des-reseaux-video-surs-et-individualisation-des-photos-provenant-des-logiciels-cargovis-et-parcelvis\/","name":"Newsletter DIVIS : des r\u00e9seaux vid\u00e9o s\u00fbrs et individualisation des photos","isPartOf":{"@id":"https:\/\/www.divis.eu\/#website"},"primaryImageOfPage":{"@id":"https:\/\/www.divis.eu\/fr\/des-reseaux-video-surs-et-individualisation-des-photos-provenant-des-logiciels-cargovis-et-parcelvis\/#primaryimage"},"image":{"@id":"https:\/\/www.divis.eu\/fr\/des-reseaux-video-surs-et-individualisation-des-photos-provenant-des-logiciels-cargovis-et-parcelvis\/#primaryimage"},"thumbnailUrl":"https:\/\/www.divis.eu\/wp-content\/uploads\/2018\/09\/nl-featured-09-fr.gif","datePublished":"2018-09-02T10:25:08+00:00","dateModified":"2020-11-06T23:28:46+00:00","author":{"@id":"https:\/\/www.divis.eu\/#\/schema\/person\/ff9a586418dbfba193bd9e8d1f363d76"},"description":"DIVIS mise sur des r\u00e9seaux vid\u00e9o s\u00fbrs de par des syst\u00e8mes isol\u00e9s, informations concernant le transfert des photos provenant des logiciels CargoVIS et ParcelVIS ...","breadcrumb":{"@id":"https:\/\/www.divis.eu\/fr\/des-reseaux-video-surs-et-individualisation-des-photos-provenant-des-logiciels-cargovis-et-parcelvis\/#breadcrumb"},"inLanguage":"fr-FR","potentialAction":[{"@type":"ReadAction","target":["https:\/\/www.divis.eu\/fr\/des-reseaux-video-surs-et-individualisation-des-photos-provenant-des-logiciels-cargovis-et-parcelvis\/"]}]},{"@type":"ImageObject","inLanguage":"fr-FR","@id":"https:\/\/www.divis.eu\/fr\/des-reseaux-video-surs-et-individualisation-des-photos-provenant-des-logiciels-cargovis-et-parcelvis\/#primaryimage","url":"https:\/\/www.divis.eu\/wp-content\/uploads\/2018\/09\/nl-featured-09-fr.gif","contentUrl":"https:\/\/www.divis.eu\/wp-content\/uploads\/2018\/09\/nl-featured-09-fr.gif","width":725,"height":400,"caption":"DIVIS Conseil du mois"},{"@type":"BreadcrumbList","@id":"https:\/\/www.divis.eu\/fr\/des-reseaux-video-surs-et-individualisation-des-photos-provenant-des-logiciels-cargovis-et-parcelvis\/#breadcrumb","itemListElement":[{"@type":"ListItem","position":1,"name":"Startseite","item":"https:\/\/www.divis.eu\/fr\/"},{"@type":"ListItem","position":2,"name":"Des r\u00e9seaux vid\u00e9o s\u00fbrs et individualisation des photos provenant des logiciels CargoVIS et ParcelVIS"}]},{"@type":"WebSite","@id":"https:\/\/www.divis.eu\/#website","url":"https:\/\/www.divis.eu\/","name":"DIVIS - The intelligent view","description":"Videosysteml\u00f6sungen f\u00fcr Umschlags- und Warenlager","potentialAction":[{"@type":"SearchAction","target":{"@type":"EntryPoint","urlTemplate":"https:\/\/www.divis.eu\/?s={search_term_string}"},"query-input":{"@type":"PropertyValueSpecification","valueRequired":true,"valueName":"search_term_string"}}],"inLanguage":"fr-FR"},{"@type":"Person","@id":"https:\/\/www.divis.eu\/#\/schema\/person\/ff9a586418dbfba193bd9e8d1f363d76","name":"DIVIS News"}]}},"_links":{"self":[{"href":"https:\/\/www.divis.eu\/fr\/wp-json\/wp\/v2\/posts\/8893","targetHints":{"allow":["GET"]}}],"collection":[{"href":"https:\/\/www.divis.eu\/fr\/wp-json\/wp\/v2\/posts"}],"about":[{"href":"https:\/\/www.divis.eu\/fr\/wp-json\/wp\/v2\/types\/post"}],"author":[{"embeddable":true,"href":"https:\/\/www.divis.eu\/fr\/wp-json\/wp\/v2\/users\/1"}],"replies":[{"embeddable":true,"href":"https:\/\/www.divis.eu\/fr\/wp-json\/wp\/v2\/comments?post=8893"}],"version-history":[{"count":0,"href":"https:\/\/www.divis.eu\/fr\/wp-json\/wp\/v2\/posts\/8893\/revisions"}],"wp:featuredmedia":[{"embeddable":true,"href":"https:\/\/www.divis.eu\/fr\/wp-json\/wp\/v2\/media\/8955"}],"wp:attachment":[{"href":"https:\/\/www.divis.eu\/fr\/wp-json\/wp\/v2\/media?parent=8893"}],"wp:term":[{"taxonomy":"category","embeddable":true,"href":"https:\/\/www.divis.eu\/fr\/wp-json\/wp\/v2\/categories?post=8893"},{"taxonomy":"post_tag","embeddable":true,"href":"https:\/\/www.divis.eu\/fr\/wp-json\/wp\/v2\/tags?post=8893"}],"curies":[{"name":"wp","href":"https:\/\/api.w.org\/{rel}","templated":true}]}}